{"id":22588,"date":"2024-08-12T10:21:55","date_gmt":"2024-08-12T10:21:55","guid":{"rendered":"https:\/\/tvbrazilusa.com\/2024\/08\/12\/prepare-se-onda-de-frio-intensa-e-geadas-atingem-o-brasil-esta-semana-veja-previsao\/"},"modified":"2024-08-12T10:31:44","modified_gmt":"2024-08-12T10:31:44","slug":"prepare-se-onda-de-frio-intensa-e-geadas-atingem-o-brasil-esta-semana-veja-previsao","status":"publish","type":"post","link":"https:\/\/tvbrazilusa.com\/pt\/2024\/08\/12\/prepare-se-onda-de-frio-intensa-e-geadas-atingem-o-brasil-esta-semana-veja-previsao\/","title":{"rendered":"Prepare-se: onda de frio intensa e geadas atingem o Brasil esta semana; VEJA PREVIS\u00c3O"},"content":{"rendered":"<p> <script async src=\"https:\/\/pagead2.googlesyndication.com\/pagead\/js\/adsbygoogle.js?client=ca-pub-8864793242727901\"\r\n     crossorigin=\"anonymous\"><\/script><br \/>\n<\/p>\n<div>\n<p>Partes do Brasil encaram alertas clim\u00e1ticos como onda de frio e geada nesta segunda-feira, 12. O Instituto Nacional de Meteorologia (Inmet) tem cinco avisos ativos nesse sentido. A situa\u00e7\u00e3o clim\u00e1tica vai perdurar at\u00e9 as 11h desta ter\u00e7a-feira, 13, afetando principalmente a Regi\u00e3o Sul do pa\u00eds.<\/p>\n<p>De acordo com a previs\u00e3o do tempo, as temperaturas estar\u00e3o em m\u00e9dia 5\u00baC abaixo do normal por um per\u00edodo de tr\u00eas a cinco dias. O Inmet ressalta que essa onda de frio representa \u201crisco \u00e0 sa\u00fade\u201d devido ao frio intenso.<\/p>\n<h2 class=\"wp-block-heading\">Onda de Frio Atinge Sul do Brasil<\/h2>\n<p>A onda de frio para este in\u00edcio de semana \u00e9 exclusiva na Regi\u00e3o Sul do Brasil. Os Estados do Paran\u00e1, Santa Catarina e Rio Grande do Sul est\u00e3o sob risco de temperatura extremamente baixa, podendo prejudicar n\u00e3o s\u00f3 a sa\u00fade, mas tamb\u00e9m as lavouras e outras atividades econ\u00f4micas.<\/p>\n<p>Os tr\u00eas Estados sulistas ainda lidam com alerta laranja (o que representa \u201cperigo\u201d) de geada. As temperaturas nessas \u00e1reas podem variar de 0\u00baC a 3\u00baC, condi\u00e7\u00e3o que amea\u00e7a a agricultura local.<\/p>\n<h2 class=\"wp-block-heading\">Como a Onda de Frio Afeta as Lavouras?<\/h2>\n<p>Registro de geada em planta\u00e7\u00e3o; fen\u00f4meno est\u00e1 ativo em partes do Brasil.<\/p>\n<p>O impacto das geadas nas regi\u00f5es afetadas pode ser devastador para as lavouras. Plantas sens\u00edveis ao frio extremo podem n\u00e3o sobreviver, resultando em perda significativa para os agricultores. O centro-oeste catarinense, o norte do Rio Grande do Sul e sul paranaense s\u00e3o algumas das \u00e1reas mais vulner\u00e1veis.<\/p>\n<ul class=\"wp-block-list\">\n<li>Geada pode causar perdas em planta\u00e7\u00f5es de milho, feij\u00e3o e trigo.<\/li>\n<li>Frutas como ma\u00e7\u00e3 e morango tamb\u00e9m s\u00e3o afetadas.<\/li>\n<li>Os horticultores enfrentam perdas consider\u00e1veis em culturas de alface, tomate e outros vegetais.<\/li>\n<\/ul>\n<p>Um terceiro alerta clim\u00e1tico voltado ao Sul do pa\u00eds indica intensifica\u00e7\u00e3o dos ventos costeiros. O litoral do Rio Grande do Sul e o litoral sul de Santa Catarina est\u00e3o no radar, com ventos fortes movimentando dunas de areia sobre constru\u00e7\u00f5es na orla.<\/p>\n<p>O alerta permanecer\u00e1 ativo at\u00e9 as 12h desta segunda-feira, levando residentes e turistas a tomarem precau\u00e7\u00f5es adicionais.<\/p>\n<h2 class=\"wp-block-heading\">Outras \u00c1reas Afetadas no Brasil<\/h2>\n<p>Al\u00e9m do Sul, outras regi\u00f5es do Brasil tamb\u00e9m sentem os efeitos do clima adverso. Os Estados de S\u00e3o Paulo, Rio de Janeiro, Minas Gerais, Goi\u00e1s e Mato Grosso do Sul est\u00e3o enfrentando geadas e decl\u00ednio de temperatura. O Inmet divulgou um alerta amarelo para estas \u00e1reas, indicando perigo potencial de queda de temperatura entre 3\u00baC e 5\u00baC.<\/p>\n<ol class=\"wp-block-list\">\n<li><strong>S\u00e3o Paulo<\/strong>: central, extremo sudoeste e norte.<\/li>\n<li><strong>Rio de Janeiro<\/strong>: extremo sudoeste.<\/li>\n<li><strong>Minas Gerais<\/strong>: sul e Tri\u00e2ngulo.<\/li>\n<li><strong>Goi\u00e1s<\/strong>: sul.<\/li>\n<li><strong>Mato Grosso do Sul<\/strong>: sul.<\/li>\n<\/ol><\/div>\n<p><br \/>\n<br \/><a href=\"https:\/\/terrabrasilnoticias.com\/2024\/08\/prepare-se-onda-de-frio-intensa-e-geadas-atingem-o-brasil-esta-semana-veja-previsao\/\">Source link <\/a><\/p>","protected":false},"excerpt":{"rendered":"<p>Partes do Brasil encaram alertas clim\u00e1ticos como onda de frio e geada nesta segunda-feira, 12. O Instituto Nacional de Meteorologia (Inmet) tem cinco avisos ativos nesse sentido. A situa\u00e7\u00e3o clim\u00e1tica&hellip;<\/p>","protected":false},"author":1,"featured_media":22589,"comment_status":"closed","ping_status":"open","sticky":false,"template":"","format":"standard","meta":{"content-type":"","footnotes":""},"categories":[16],"tags":[],"class_list":["post-22588","post","type-post","status-publish","format-standard","has-post-thumbnail","hentry","category-noticias"],"_links":{"self":[{"href":"https:\/\/tvbrazilusa.com\/pt\/wp-json\/wp\/v2\/posts\/22588","targetHints":{"allow":["GET"]}}],"collection":[{"href":"https:\/\/tvbrazilusa.com\/pt\/wp-json\/wp\/v2\/posts"}],"about":[{"href":"https:\/\/tvbrazilusa.com\/pt\/wp-json\/wp\/v2\/types\/post"}],"author":[{"embeddable":true,"href":"https:\/\/tvbrazilusa.com\/pt\/wp-json\/wp\/v2\/users\/1"}],"replies":[{"embeddable":true,"href":"https:\/\/tvbrazilusa.com\/pt\/wp-json\/wp\/v2\/comments?post=22588"}],"version-history":[{"count":1,"href":"https:\/\/tvbrazilusa.com\/pt\/wp-json\/wp\/v2\/posts\/22588\/revisions"}],"predecessor-version":[{"id":22590,"href":"https:\/\/tvbrazilusa.com\/pt\/wp-json\/wp\/v2\/posts\/22588\/revisions\/22590"}],"wp:featuredmedia":[{"embeddable":true,"href":"https:\/\/tvbrazilusa.com\/pt\/wp-json\/wp\/v2\/media\/22589"}],"wp:attachment":[{"href":"https:\/\/tvbrazilusa.com\/pt\/wp-json\/wp\/v2\/media?parent=22588"}],"wp:term":[{"taxonomy":"category","embeddable":true,"href":"https:\/\/tvbrazilusa.com\/pt\/wp-json\/wp\/v2\/categories?post=22588"},{"taxonomy":"post_tag","embeddable":true,"href":"https:\/\/tvbrazilusa.com\/pt\/wp-json\/wp\/v2\/tags?post=22588"}],"curies":[{"name":"wp","href":"https:\/\/api.w.org\/{rel}","templated":true}]}}