{"id":22719,"date":"2024-08-12T13:14:12","date_gmt":"2024-08-12T13:14:12","guid":{"rendered":"https:\/\/tvbrazilusa.com\/2024\/08\/12\/a-policia-de-londres-diz-que-um-homem-foi-preso-depois-que-uma-crianca-e-um-adulto-foram-esfaqueados-em-uma-praca-movimentada\/"},"modified":"2024-08-12T13:39:58","modified_gmt":"2024-08-12T13:39:58","slug":"a-policia-de-londres-diz-que-um-homem-foi-preso-depois-que-uma-crianca-e-um-adulto-foram-esfaqueados-em-uma-praca-movimentada","status":"publish","type":"post","link":"https:\/\/tvbrazilusa.com\/pt\/2024\/08\/12\/a-policia-de-londres-diz-que-um-homem-foi-preso-depois-que-uma-crianca-e-um-adulto-foram-esfaqueados-em-uma-praca-movimentada\/","title":{"rendered":"A pol\u00edcia de Londres diz que um homem foi preso depois que uma crian\u00e7a e um adulto foram esfaqueados em uma pra\u00e7a movimentada"},"content":{"rendered":"<script async src=\"https:\/\/pagead2.googlesyndication.com\/pagead\/js\/adsbygoogle.js?client=ca-pub-8864793242727901\"\r\n     crossorigin=\"anonymous\"><\/script>\n<div id=\"\">\n<p class=\"dist__Box-sc-1fnzlkn-0 dist__TextBase-sc-1fnzlkn-3 CGHCP htMUPQ article-text\"><strong>LONDRES<\/strong> \u2013 Um homem foi preso depois que uma menina de 11 anos e uma mulher de 34 anos foram esfaqueadas no centro de Londres, informou a Pol\u00edcia Metropolitana de Londres na segunda-feira.<\/p>\n<p class=\"dist__Box-sc-1fnzlkn-0 dist__TextBase-sc-1fnzlkn-3 CGHCP htMUPQ article-text\">O ataque ocorreu na Leicester Square, um \u00edm\u00e3 para turistas com suas lojas, teatros e cinemas. A pra\u00e7a e a \u00e1rea ao redor t\u00eam uma estimativa de 2,5 milh\u00f5es de visitantes toda semana.<\/p>\n<p class=\"dist__Box-sc-1fnzlkn-0 dist__TextBase-sc-1fnzlkn-3 CGHCP htMUPQ article-text\">A pol\u00edcia disse que as duas v\u00edtimas foram levadas para um grande centro de trauma. A extens\u00e3o dos ferimentos n\u00e3o ficou imediatamente clara.<\/p>\n<p class=\"dist__Box-sc-1fnzlkn-0 dist__TextBase-sc-1fnzlkn-3 CGHCP htMUPQ article-text\">O esfaqueamento ocorreu enquanto a Gr\u00e3-Bretanha estava no limite ap\u00f3s a viol\u00eancia da semana passada, com multid\u00f5es gritando slogans anti-imigrantes e islamof\u00f3bicos entrando em confronto com a pol\u00edcia. Os dist\u00farbios foram alimentados por ativistas de direita que usaram as m\u00eddias sociais para <a href=\"https:\/\/apnews.com\/article\/uk-southport-stabbing-online-misinformation-1dcd23b803401416ac94ae458e5c9c06\">espalhar desinforma\u00e7\u00e3o<\/a> sobre um ataque de faca que <a href=\"https:\/\/apnews.com\/article\/uk-stabbing-attack-southport-far-right-violence-a2e43d0d49776c138790d083713873f7\">matou tr\u00eas meninas<\/a> durante um evento de dan\u00e7a com tema de Taylor Swift.<\/p>\n<p class=\"dist__Box-sc-1fnzlkn-0 dist__TextBase-sc-1fnzlkn-3 CGHCP htMUPQ article-text\">N\u00e3o ficou imediatamente claro se o esfaqueamento tinha alguma liga\u00e7\u00e3o com os dist\u00farbios.<\/p>\n<p class=\"dist__Box-sc-1fnzlkn-0 dist__TextBase-sc-1fnzlkn-3 CGHCP htMUPQ article-text\">A pol\u00edcia estava preparada para novos tumultos no fim de semana, mas nenhuma agita\u00e7\u00e3o generalizada surgiu. Os ministros permaneceram em alerta m\u00e1ximo, disse o gabinete do primeiro-ministro Keir Starmer, acrescentando que seu trabalho n\u00e3o foi conclu\u00eddo para lidar com as consequ\u00eancias da viol\u00eancia.<\/p>\n<\/div>\n<p>Copyright 2024 The Associated Press. Todos os direitos reservados. Este material n\u00e3o pode ser publicado, transmitido, reescrito ou redistribu\u00eddo sem permiss\u00e3o.<\/p>\n<p><br \/>\n<br \/><a href=\"https:\/\/www.clickorlando.com\/news\/2024\/08\/12\/police-in-london-say-a-man-is-arrested-after-a-child-and-adult-were-stabbed-in-a-busy-square\/\">Source link <\/a><\/p>","protected":false},"excerpt":{"rendered":"<p>LONDRES \u2013 Um homem foi preso depois que uma menina de 11 anos e uma mulher de 34 anos foram esfaqueadas no centro de Londres, informou a Pol\u00edcia Metropolitana de&hellip;<\/p>","protected":false},"author":1,"featured_media":22720,"comment_status":"closed","ping_status":"open","sticky":false,"template":"","format":"standard","meta":{"content-type":"","footnotes":""},"categories":[1],"tags":[1419],"class_list":["post-22719","post","type-post","status-publish","format-standard","has-post-thumbnail","hentry","category-uncategorized","tag-noticias-do-mundo"],"_links":{"self":[{"href":"https:\/\/tvbrazilusa.com\/pt\/wp-json\/wp\/v2\/posts\/22719","targetHints":{"allow":["GET"]}}],"collection":[{"href":"https:\/\/tvbrazilusa.com\/pt\/wp-json\/wp\/v2\/posts"}],"about":[{"href":"https:\/\/tvbrazilusa.com\/pt\/wp-json\/wp\/v2\/types\/post"}],"author":[{"embeddable":true,"href":"https:\/\/tvbrazilusa.com\/pt\/wp-json\/wp\/v2\/users\/1"}],"replies":[{"embeddable":true,"href":"https:\/\/tvbrazilusa.com\/pt\/wp-json\/wp\/v2\/comments?post=22719"}],"version-history":[{"count":1,"href":"https:\/\/tvbrazilusa.com\/pt\/wp-json\/wp\/v2\/posts\/22719\/revisions"}],"predecessor-version":[{"id":22721,"href":"https:\/\/tvbrazilusa.com\/pt\/wp-json\/wp\/v2\/posts\/22719\/revisions\/22721"}],"wp:featuredmedia":[{"embeddable":true,"href":"https:\/\/tvbrazilusa.com\/pt\/wp-json\/wp\/v2\/media\/22720"}],"wp:attachment":[{"href":"https:\/\/tvbrazilusa.com\/pt\/wp-json\/wp\/v2\/media?parent=22719"}],"wp:term":[{"taxonomy":"category","embeddable":true,"href":"https:\/\/tvbrazilusa.com\/pt\/wp-json\/wp\/v2\/categories?post=22719"},{"taxonomy":"post_tag","embeddable":true,"href":"https:\/\/tvbrazilusa.com\/pt\/wp-json\/wp\/v2\/tags?post=22719"}],"curies":[{"name":"wp","href":"https:\/\/api.w.org\/{rel}","templated":true}]}}