{"id":22740,"date":"2024-08-12T14:06:36","date_gmt":"2024-08-12T14:06:36","guid":{"rendered":"https:\/\/tvbrazilusa.com\/2024\/08\/12\/fim-surpreendente-apos-71-anos-lider-em-moveis-e-eletrodomesticos-faliu\/"},"modified":"2024-08-12T14:15:20","modified_gmt":"2024-08-12T14:15:20","slug":"fim-surpreendente-apos-71-anos-lider-em-moveis-e-eletrodomesticos-faliu","status":"publish","type":"post","link":"https:\/\/tvbrazilusa.com\/pt\/2024\/08\/12\/fim-surpreendente-apos-71-anos-lider-em-moveis-e-eletrodomesticos-faliu\/","title":{"rendered":"Fim surpreendente: ap\u00f3s 71 anos, l\u00edder em m\u00f3veis e eletrodom\u00e9sticos, faliu"},"content":{"rendered":"<p> <script async src=\"https:\/\/pagead2.googlesyndication.com\/pagead\/js\/adsbygoogle.js?client=ca-pub-8864793242727901\"\r\n     crossorigin=\"anonymous\"><\/script><br \/>\n<\/p>\n<div>\n<p>Ap\u00f3s marcar presen\u00e7a no mercado por mais de sete d\u00e9cadas, a Manlec, refer\u00eancia no com\u00e9rcio de m\u00f3veis e eletrodom\u00e9sticos no Rio Grande do Sul, encerrou suas atividades, abalando o cen\u00e1rio varejista nacional. Fundada em 1953, a empresa transformou-se em um \u00edcone de qualidade e inova\u00e7\u00e3o at\u00e9 declarar fal\u00eancia, deixando um rastro de d\u00edvidas estimado em R$ 100 milh\u00f5es.<\/p>\n<p>A not\u00edcia do fechamento foi um choque para os consumidores e provocou uma reflex\u00e3o no mercado sobre os desafios enfrentados pelo setor. A Manlec, que come\u00e7ou suas atividades no bairro Bom Fim, em Porto Alegre, n\u00e3o apenas vendia m\u00f3veis, mas criava tend\u00eancias com seus designs exclusivos e campanhas publicit\u00e1rias impactantes.<\/p>\n<h2 class=\"wp-block-heading\">Quais Foram as Causas do Colapso da Manlec?<\/h2>\n<figure class=\"wp-block-image size-full\"><picture decoding=\"async\" class=\"wp-image-172372\"><source type=\"image\/webp\" srcset=\"https:\/\/terrabrasilnoticias.com\/wp-content\/uploads\/2024\/08\/image-369.png.webp 847w, https:\/\/terrabrasilnoticias.com\/wp-content\/uploads\/2024\/08\/image-369-300x213.png.webp 300w, https:\/\/terrabrasilnoticias.com\/wp-content\/uploads\/2024\/08\/image-369-768x544.png.webp 768w, https:\/\/terrabrasilnoticias.com\/wp-content\/uploads\/2024\/08\/image-369-120x86.png.webp 120w, https:\/\/terrabrasilnoticias.com\/wp-content\/uploads\/2024\/08\/image-369-750x531.png.webp 750w\" sizes=\"(max-width: 847px) 100vw, 847px\"\/><\/picture><figcaption class=\"wp-element-caption\">Reprodu\u00e7\u00e3o\/X<\/figcaption><\/figure>\n<p>No alvorecer do s\u00e9culo XXI, a empresa come\u00e7ou a sentir o peso da competi\u00e7\u00e3o acirrada e das mudan\u00e7as nos h\u00e1bitos de consumo. Al\u00e9m disso, a crise econ\u00f4mica global que se intensificou nos \u00faltimos anos agravou a situa\u00e7\u00e3o financeira da Manlec, culminando em um pedido de recupera\u00e7\u00e3o judicial em 2014. Apesar dos esfor\u00e7os, a recupera\u00e7\u00e3o n\u00e3o foi suficiente, e a fal\u00eancia foi inevit\u00e1vel em 2017.<\/p>\n<p>O desaparecimento da Manlec do mercado deixou um v\u00e1cuo no varejo do Rio Grande do Sul. A empresa era mais do que um mero ponto de venda; era parte da cultura local, com suas lojas sendo um ponto de encontro para as fam\u00edlias ga\u00fachas durante gera\u00e7\u00f5es. Esse epis\u00f3dio levanta questionamentos sobre a gest\u00e3o de empresas veteranas em um contexto de r\u00e1pidas mudan\u00e7as econ\u00f4micas e tecnol\u00f3gicas.<\/p>\n<h2 class=\"wp-block-heading\">Como a Legisla\u00e7\u00e3o Pode Ajudar Empresas em Crise?<\/h2>\n<p>Felizmente, o Brasil conta com uma legisla\u00e7\u00e3o adequada para lidar com esses casos. A Lei n\u00ba 14.112\/2020 \u00e9 um instrumento que oferece \u00e0s empresas uma oportunidade para reestruturar suas d\u00edvidas e, quem sabe, voltar a operar no mercado. Esta lei representa uma luz no fim do t\u00fanel para neg\u00f3cios que enfrentam adversidades semelhantes \u00e0 Manlec.<\/p>\n<p>Entre os principais pontos da Lei n\u00ba 14.112\/2020, destacam-se:<\/p>\n<ul class=\"wp-block-list\">\n<li>Facilita\u00e7\u00e3o de negocia\u00e7\u00f5es entre credores e devedores<\/li>\n<li>Possibilidade de financiamento especializado para recupera\u00e7\u00e3o<\/li>\n<li>Acelera\u00e7\u00e3o dos processos judiciais de recupera\u00e7\u00e3o<\/li>\n<\/ul>\n<h2 class=\"wp-block-heading\">O que Podemos Aprender com o Colapso da Manlec?<\/h2>\n<p>Apesar do fim melanc\u00f3lico, a hist\u00f3ria da Manlec deixa li\u00e7\u00f5es importantes sobre a import\u00e2ncia da inova\u00e7\u00e3o cont\u00ednua e da adapta\u00e7\u00e3o \u00e0s novas din\u00e2micas do mercado. Agora, resta ao setor varejista absorver esses aprendizados e fortalecer suas estrat\u00e9gias para enfrentar futuros desafios.<\/p>\n<p>Entre as li\u00e7\u00f5es que a hist\u00f3ria da Manlec oferece, podemos destacar:<\/p>\n<ol class=\"wp-block-list\">\n<li><strong>Adapta\u00e7\u00e3o Constante:<\/strong> Empresas devem constantemente se adaptar \u00e0s mudan\u00e7as de mercado.<\/li>\n<li><strong>Inova\u00e7\u00e3o:<\/strong> Permanecer inovador \u00e9 essencial para manter a relev\u00e2ncia no mercado.<\/li>\n<li><strong>Gest\u00e3o Financeira:<\/strong> A import\u00e2ncia de uma gest\u00e3o financeira rigorosa n\u00e3o pode ser subestimada.<\/li>\n<\/ol>\n<p>O colapso de uma gigante como a Manlec \u00e9 um alerta para todas as empresas sobre a necessidade de evolu\u00e7\u00e3o constante e gest\u00e3o financeira rigorosa. Este evento chama a aten\u00e7\u00e3o para a import\u00e2ncia de estar preparado para mudan\u00e7as r\u00e1pidas no ambiente econ\u00f4mico e tecnol\u00f3gico.<\/p>\n<\/p><\/div>\n<p><br \/>\n<br \/><a href=\"https:\/\/terrabrasilnoticias.com\/2024\/08\/fim-surpreendente-apos-71-anos-lider-em-moveis-e-eletrodomesticos-faliu\/\">Source link <\/a><\/p>","protected":false},"excerpt":{"rendered":"<p>Ap\u00f3s marcar presen\u00e7a no mercado por mais de sete d\u00e9cadas, a Manlec, refer\u00eancia no com\u00e9rcio de m\u00f3veis e eletrodom\u00e9sticos no Rio Grande do Sul, encerrou suas atividades, abalando o cen\u00e1rio&hellip;<\/p>","protected":false},"author":1,"featured_media":22741,"comment_status":"closed","ping_status":"open","sticky":false,"template":"","format":"standard","meta":{"content-type":"","footnotes":""},"categories":[16],"tags":[],"class_list":["post-22740","post","type-post","status-publish","format-standard","has-post-thumbnail","hentry","category-noticias"],"_links":{"self":[{"href":"https:\/\/tvbrazilusa.com\/pt\/wp-json\/wp\/v2\/posts\/22740","targetHints":{"allow":["GET"]}}],"collection":[{"href":"https:\/\/tvbrazilusa.com\/pt\/wp-json\/wp\/v2\/posts"}],"about":[{"href":"https:\/\/tvbrazilusa.com\/pt\/wp-json\/wp\/v2\/types\/post"}],"author":[{"embeddable":true,"href":"https:\/\/tvbrazilusa.com\/pt\/wp-json\/wp\/v2\/users\/1"}],"replies":[{"embeddable":true,"href":"https:\/\/tvbrazilusa.com\/pt\/wp-json\/wp\/v2\/comments?post=22740"}],"version-history":[{"count":1,"href":"https:\/\/tvbrazilusa.com\/pt\/wp-json\/wp\/v2\/posts\/22740\/revisions"}],"predecessor-version":[{"id":22742,"href":"https:\/\/tvbrazilusa.com\/pt\/wp-json\/wp\/v2\/posts\/22740\/revisions\/22742"}],"wp:featuredmedia":[{"embeddable":true,"href":"https:\/\/tvbrazilusa.com\/pt\/wp-json\/wp\/v2\/media\/22741"}],"wp:attachment":[{"href":"https:\/\/tvbrazilusa.com\/pt\/wp-json\/wp\/v2\/media?parent=22740"}],"wp:term":[{"taxonomy":"category","embeddable":true,"href":"https:\/\/tvbrazilusa.com\/pt\/wp-json\/wp\/v2\/categories?post=22740"},{"taxonomy":"post_tag","embeddable":true,"href":"https:\/\/tvbrazilusa.com\/pt\/wp-json\/wp\/v2\/tags?post=22740"}],"curies":[{"name":"wp","href":"https:\/\/api.w.org\/{rel}","templated":true}]}}