{"id":22795,"date":"2024-08-12T15:16:52","date_gmt":"2024-08-12T15:16:52","guid":{"rendered":"https:\/\/tvbrazilusa.com\/2024\/08\/12\/italia-vira-de-costas-em-protesto-polemico-durante-hino-em-paris-entenda\/"},"modified":"2024-08-12T15:29:07","modified_gmt":"2024-08-12T15:29:07","slug":"italia-vira-de-costas-em-protesto-polemico-durante-hino-em-paris-entenda","status":"publish","type":"post","link":"https:\/\/tvbrazilusa.com\/pt\/2024\/08\/12\/italia-vira-de-costas-em-protesto-polemico-durante-hino-em-paris-entenda\/","title":{"rendered":"It\u00e1lia vira de costas em protesto pol\u00eamico durante hino em Paris; entenda"},"content":{"rendered":"<p> <script async src=\"https:\/\/pagead2.googlesyndication.com\/pagead\/js\/adsbygoogle.js?client=ca-pub-8864793242727901\"\r\n     crossorigin=\"anonymous\"><\/script><br \/>\n<\/p>\n<div>\n<p>O jogo entre <strong>Espanha<\/strong> e <strong>It\u00e1lia<\/strong> no polo aqu\u00e1tico das <a href=\"https:\/\/terrabrasilnoticias.com\/2024\/08\/rebeca-andrade-termina-quase-milionaria-apos-os-jogos-das-olimpiadas-de-paris\/\" target=\"_blank\" rel=\"noreferrer noopener\">Olimp\u00edadas <\/a>de Paris de 2024, ocorrido na \u00faltima sexta-feira, 9 de agosto, ficou marcado por um expressivo protesto da equipe italiana. Durante a execu\u00e7\u00e3o do Hino Nacional, os jogadores italianos se voltaram de costas para a mesa do j\u00fari, em sinal de descontentamento com decis\u00f5es arbitr\u00e1rias anteriores que julgaram injustas.<\/p>\n<p>Essa atitude veio ap\u00f3s a rejei\u00e7\u00e3o de dois recursos apresentados pela <strong>World Aquatics<\/strong>, \u00f3rg\u00e3o respons\u00e1vel por regular os esportes aqu\u00e1ticos. A principal queixa dos italianos foi a expuls\u00e3o de Francesco Condemi por \u201cbrutalidade\u201d durante a partida contra a Hungria, realizada na quarta-feira, 7 de agosto. A expuls\u00e3o de Condemi o impediu de participar do jogo contra a Espanha, o que intensificou ainda mais o sentimento de insatisfa\u00e7\u00e3o.<\/p>\n<figure class=\"wp-block-image size-full\"><picture decoding=\"async\" class=\"wp-image-172435\"><source type=\"image\/webp\" srcset=\"https:\/\/terrabrasilnoticias.com\/wp-content\/uploads\/2024\/08\/image-374.png.webp 900w, https:\/\/terrabrasilnoticias.com\/wp-content\/uploads\/2024\/08\/image-374-300x169.png.webp 300w, https:\/\/terrabrasilnoticias.com\/wp-content\/uploads\/2024\/08\/image-374-768x432.png.webp 768w, https:\/\/terrabrasilnoticias.com\/wp-content\/uploads\/2024\/08\/image-374-750x422.png.webp 750w\" sizes=\"(max-width: 900px) 100vw, 900px\"\/><\/picture><figcaption class=\"wp-element-caption\">Imagem: Ueslei Marcelino\/Reuters<\/figcaption><\/figure>\n<h2 class=\"wp-block-heading\">Por que a It\u00e1lia Protestou no Polo Aqu\u00e1tico?<\/h2>\n<p>A <strong>sele\u00e7\u00e3o italiana<\/strong> alegou que a expuls\u00e3o de Francesco Condemi foi injusta e desproporcional. Durante o jogo contra a Espanha, o t\u00e9cnico italiano decidiu pedir um tempo t\u00e9cnico para que Condemi pudesse ser aplaudido por seus colegas de equipe e pelo p\u00fablico presente. Esse gesto buscava n\u00e3o s\u00f3 manifestar solidariedade, como tamb\u00e9m destacar a posi\u00e7\u00e3o do time contra o que consideravam uma decis\u00e3o arbitr\u00e1ria e sem fundamentos claros.<\/p>\n<h2 class=\"wp-block-heading\">O Impacto do Protesto nas Olimp\u00edadas<\/h2>\n<p>Apesar de todos os esfor\u00e7os e demonstra\u00e7\u00f5es de solidariedade dentro e fora da piscina, <strong>It\u00e1lia<\/strong> foi derrotada pela Espanha com um placar final de 11 a 9. Essa derrota relegou a equipe italiana \u00e0 disputa pelo s\u00e9timo e oitavo lugares. No entanto, o protesto chamou a aten\u00e7\u00e3o para uma quest\u00e3o mais ampla: a justi\u00e7a e transpar\u00eancia nas decis\u00f5es de arbitragem em partidas esportivas.<\/p>\n<h2 class=\"wp-block-heading\">Como os Protestos Afetam o Esp\u00edrito Ol\u00edmpico?<\/h2>\n<p>Inicialmente, pode parecer que <strong>protestos<\/strong> dessa natureza desviam o foco das competi\u00e7\u00f5es. No entanto, essas manifesta\u00e7\u00f5es trazem \u00e0 tona discuss\u00f5es importantes sobre a equidade e o reconhecimento em jogos ol\u00edmpicos. A pol\u00eamica envolvendo a arbitragem n\u00e3o \u00e9 exclusividade do polo aqu\u00e1tico ou dessas Olimp\u00edadas; \u00e9 uma quest\u00e3o recorrente que afeta diferentes modalidades esportivas ao longo dos anos.<\/p>\n<p>O ato de virar as costas durante o hino n\u00e3o foi um caso isolado de insatisfa\u00e7\u00e3o com a arbitragem. V\u00e1rios atletas de diversas disciplinas j\u00e1 demonstraram sua insatisfa\u00e7\u00e3o com decis\u00f5es que consideram injustas. A repercuss\u00e3o desse evento nas redes sociais e na m\u00eddia ilustra a crescente demanda por maior transpar\u00eancia nas decis\u00f5es. Al\u00e9m disso, os espectadores se relacionam com as frustra\u00e7\u00f5es dos atletas, promovendo um di\u00e1logo sobre a necessidade de reformar certos aspectos dos regulamentos esportivos.<\/p>\n<ul class=\"wp-block-list\">\n<li><strong>Justi\u00e7a<\/strong>: Muitas equipes e atletas clamam por mais clareza nas decis\u00f5es dos \u00e1rbitros.<\/li>\n<li><strong>Transpar\u00eancia<\/strong>: O p\u00fablico exige um processo decis\u00f3rio mais aberto e compreens\u00edvel.<\/li>\n<li><strong>Reconhecimento<\/strong>: Manifesta\u00e7\u00f5es como a dos italianos buscam chamar aten\u00e7\u00e3o para injusti\u00e7as percebidas.<\/li>\n<\/ul>\n<p>A It\u00e1lia, mesmo com a derrota, destacou um ponto importante ao usar o palco ol\u00edmpico para exigir justi\u00e7a nos esportes. O protesto dos jogadores italianos durante a execu\u00e7\u00e3o do hino nacional na Olimp\u00edada de Paris levantou quest\u00f5es pertinentes sobre a integridade das decis\u00f5es arbitr\u00e1rias. Essa a\u00e7\u00e3o poder\u00e1 desencadear futuras reformula\u00e7\u00f5es nas regras e procedimentos de julgamento em competi\u00e7\u00f5es aqu\u00e1ticas e al\u00e9m.<\/p>\n<\/p><\/div>\n<p><br \/>\n<br \/><a href=\"https:\/\/terrabrasilnoticias.com\/2024\/08\/italia-vira-de-costas-em-protesto-polemico-durante-hino-em-paris-entenda\/\">Source link <\/a><\/p>","protected":false},"excerpt":{"rendered":"<p>O jogo entre Espanha e It\u00e1lia no polo aqu\u00e1tico das Olimp\u00edadas de Paris de 2024, ocorrido na \u00faltima sexta-feira, 9 de agosto, ficou marcado por um expressivo protesto da equipe&hellip;<\/p>","protected":false},"author":1,"featured_media":22796,"comment_status":"closed","ping_status":"open","sticky":false,"template":"","format":"standard","meta":{"content-type":"","footnotes":""},"categories":[16],"tags":[],"class_list":["post-22795","post","type-post","status-publish","format-standard","has-post-thumbnail","hentry","category-noticias"],"_links":{"self":[{"href":"https:\/\/tvbrazilusa.com\/pt\/wp-json\/wp\/v2\/posts\/22795","targetHints":{"allow":["GET"]}}],"collection":[{"href":"https:\/\/tvbrazilusa.com\/pt\/wp-json\/wp\/v2\/posts"}],"about":[{"href":"https:\/\/tvbrazilusa.com\/pt\/wp-json\/wp\/v2\/types\/post"}],"author":[{"embeddable":true,"href":"https:\/\/tvbrazilusa.com\/pt\/wp-json\/wp\/v2\/users\/1"}],"replies":[{"embeddable":true,"href":"https:\/\/tvbrazilusa.com\/pt\/wp-json\/wp\/v2\/comments?post=22795"}],"version-history":[{"count":1,"href":"https:\/\/tvbrazilusa.com\/pt\/wp-json\/wp\/v2\/posts\/22795\/revisions"}],"predecessor-version":[{"id":22797,"href":"https:\/\/tvbrazilusa.com\/pt\/wp-json\/wp\/v2\/posts\/22795\/revisions\/22797"}],"wp:featuredmedia":[{"embeddable":true,"href":"https:\/\/tvbrazilusa.com\/pt\/wp-json\/wp\/v2\/media\/22796"}],"wp:attachment":[{"href":"https:\/\/tvbrazilusa.com\/pt\/wp-json\/wp\/v2\/media?parent=22795"}],"wp:term":[{"taxonomy":"category","embeddable":true,"href":"https:\/\/tvbrazilusa.com\/pt\/wp-json\/wp\/v2\/categories?post=22795"},{"taxonomy":"post_tag","embeddable":true,"href":"https:\/\/tvbrazilusa.com\/pt\/wp-json\/wp\/v2\/tags?post=22795"}],"curies":[{"name":"wp","href":"https:\/\/api.w.org\/{rel}","templated":true}]}}