{"id":2287,"date":"2024-07-15T19:41:00","date_gmt":"2024-07-15T19:41:00","guid":{"rendered":"https:\/\/tvbrazilusa.com\/?p=2287"},"modified":"2024-07-15T19:41:12","modified_gmt":"2024-07-15T19:41:12","slug":"agora-trump-anuncia-seu-vice","status":"publish","type":"post","link":"https:\/\/tvbrazilusa.com\/pt\/2024\/07\/15\/agora-trump-anuncia-seu-vice\/","title":{"rendered":"AGORA: Trump anuncia seu vice"},"content":{"rendered":"<p> <script async src=\"https:\/\/pagead2.googlesyndication.com\/pagead\/js\/adsbygoogle.js?client=ca-pub-8864793242727901\"\r\n     crossorigin=\"anonymous\"><\/script><br \/>\n<\/p>\n<div>\n<p><em>Imagem: GAELEN MORSE\/REUTERS<\/em><\/p>\n<p>O cen\u00e1rio pol\u00edtico nos Estados Unidos continua a evoluir com novas din\u00e2micas e reconfigura\u00e7\u00f5es. J.D Vance, integrante do Partido Republicano e representante de Ohio, tem desempenhado um papel significativo desde sua elei\u00e7\u00e3o em 2022. Vance, com uma forma\u00e7\u00e3o acad\u00eamica robusta, incluindo um diploma de Direito da prestigiosa Faculdade de Direito de Yale, traz uma perspectiva influente para o cen\u00e1rio pol\u00edtico atual.<\/p>\n<p>Adentrando um ano repleto de desafios e inova\u00e7\u00f5es pol\u00edticas, o senador anunciou recentemente uma decis\u00e3o crucial que pode redefinir muitas estrat\u00e9gias dentro do Partido Republicano. Em 22 de junho, Vance revelou o nome do seu companheiro de chapa, uma decis\u00e3o que ele escondeu at\u00e9 mesmo de figuras proeminentes dentro do partido. Este an\u00fancio ocorreu ap\u00f3s um evento turbulentamente significativo na pol\u00edtica americana \u2013 uma tentativa de assassinato contra o ex-presidente Trump.<\/p>\n<h2 class=\"wp-block-heading\">Quais s\u00e3o as implica\u00e7\u00f5es da escolha de Vance para companheiro de chapa?<\/h2>\n<p>Na pol\u00edtica, a escolha de um companheiro de chapa \u00e9 mais do que uma mera formalidade; \u00e9 uma decis\u00e3o estrat\u00e9gica que reflete as dire\u00e7\u00f5es e prioridades de um candidato. Para J.D Vance, cuja carreira tem sido marcada por uma ascens\u00e3o mete\u00f3rica, essa escolha poder\u00e1 solidificar sua posi\u00e7\u00e3o tanto dentro do partido quanto no espectro pol\u00edtico nacional.<\/p>\n<h2 class=\"wp-block-heading\">Como o atentado contra Trump afeta o panorama pol\u00edtico?<\/h2>\n<p>O ataque contra Trump, ocorrido durante um com\u00edcio na Pensilv\u00e2nia, certamente trouxe \u00e0 tona a quest\u00e3o da seguran\u00e7a de eventos pol\u00edticos grandes. Esse incidente aumentou as preocupa\u00e7\u00f5es sobre a seguran\u00e7a n\u00e3o s\u00f3 dos candidatos mas tamb\u00e9m dos participantes em eventos semelhantes. Em resposta, medidas de seguran\u00e7a foram intensamente revisadas e expandidas, como confirmado pela diretora do Servi\u00e7o Secreto.<\/p>\n<p>Apesar das circunst\u00e2ncias traum\u00e1ticas, Trump prometeu um discurso futuro com o objetivo de \u201cunir o pa\u00eds\u201d. Esta promessa de reunifica\u00e7\u00e3o ap\u00f3s um evento t\u00e3o divisivo parece ser um ponto de inflex\u00e3o, que poderia redefinir tanto a sua abordagem pessoal quanto a do Partido Republicano \u00e0s quest\u00f5es nacionais.<\/p>\n<h2 class=\"wp-block-heading\">O papel de Biden na garantia de seguran\u00e7a para eventos pol\u00edticos<\/h2>\n<p>O atual presidente Joe Biden n\u00e3o ficou \u00e0 margem ap\u00f3s o recente tiroteio. Ele exigiu uma revis\u00e3o do esquema de seguran\u00e7a das conven\u00e7\u00f5es pol\u00edticas, garantindo que as estrat\u00e9gias de prote\u00e7\u00e3o s\u00e3o suficientes e eficazes. Esta decis\u00e3o sublinha a import\u00e2ncia da seguran\u00e7a em eventos de grande escala, uma prioridade que transcende as linhas partid\u00e1rias e fala diretamente \u00e0 seguran\u00e7a nacional.<\/p>\n<p>Em conclus\u00e3o, as mudan\u00e7as e desenvolvimentos que acompanham as elei\u00e7\u00f5es e os mandatos pol\u00edticos nos Estados Unidos s\u00e3o parte integral da din\u00e2mica democr\u00e1tica do pa\u00eds. O papel de figuras como J.D Vance, associado \u00e0s rea\u00e7\u00f5es e adapta\u00e7\u00f5es frente a eventos de grande impacto, como o ataque a Trump, moldam continuamente o panorama pol\u00edtico, refletindo n\u00e3o apenas estrat\u00e9gias eleitorais, mas tamb\u00e9m preocupa\u00e7\u00f5es com a coes\u00e3o e seguran\u00e7a nacional.<\/p>\n<\/p><\/div>\n<p><br \/>\n<br \/><a href=\"https:\/\/terrabrasilnoticias.com\/2024\/07\/agora-trump-anuncia-seu-vice\/\">Source link <\/a><\/p>","protected":false},"excerpt":{"rendered":"<p>Imagem: GAELEN MORSE\/REUTERS O cen\u00e1rio pol\u00edtico nos Estados Unidos continua a evoluir com novas din\u00e2micas e reconfigura\u00e7\u00f5es. J.D Vance, integrante do Partido Republicano e representante de Ohio, tem desempenhado um&hellip;<\/p>","protected":false},"author":1,"featured_media":2288,"comment_status":"closed","ping_status":"open","sticky":false,"template":"","format":"standard","meta":{"content-type":"","footnotes":""},"categories":[16],"tags":[],"class_list":["post-2287","post","type-post","status-publish","format-standard","has-post-thumbnail","hentry","category-noticias"],"_links":{"self":[{"href":"https:\/\/tvbrazilusa.com\/pt\/wp-json\/wp\/v2\/posts\/2287","targetHints":{"allow":["GET"]}}],"collection":[{"href":"https:\/\/tvbrazilusa.com\/pt\/wp-json\/wp\/v2\/posts"}],"about":[{"href":"https:\/\/tvbrazilusa.com\/pt\/wp-json\/wp\/v2\/types\/post"}],"author":[{"embeddable":true,"href":"https:\/\/tvbrazilusa.com\/pt\/wp-json\/wp\/v2\/users\/1"}],"replies":[{"embeddable":true,"href":"https:\/\/tvbrazilusa.com\/pt\/wp-json\/wp\/v2\/comments?post=2287"}],"version-history":[{"count":1,"href":"https:\/\/tvbrazilusa.com\/pt\/wp-json\/wp\/v2\/posts\/2287\/revisions"}],"predecessor-version":[{"id":2289,"href":"https:\/\/tvbrazilusa.com\/pt\/wp-json\/wp\/v2\/posts\/2287\/revisions\/2289"}],"wp:featuredmedia":[{"embeddable":true,"href":"https:\/\/tvbrazilusa.com\/pt\/wp-json\/wp\/v2\/media\/2288"}],"wp:attachment":[{"href":"https:\/\/tvbrazilusa.com\/pt\/wp-json\/wp\/v2\/media?parent=2287"}],"wp:term":[{"taxonomy":"category","embeddable":true,"href":"https:\/\/tvbrazilusa.com\/pt\/wp-json\/wp\/v2\/categories?post=2287"},{"taxonomy":"post_tag","embeddable":true,"href":"https:\/\/tvbrazilusa.com\/pt\/wp-json\/wp\/v2\/tags?post=2287"}],"curies":[{"name":"wp","href":"https:\/\/api.w.org\/{rel}","templated":true}]}}