{"id":22880,"date":"2024-08-12T17:38:14","date_gmt":"2024-08-12T17:38:14","guid":{"rendered":"https:\/\/tvbrazilusa.com\/2024\/08\/12\/cantor-buchecha-conclui-faculdade-aos-49-anos\/"},"modified":"2024-08-12T17:44:18","modified_gmt":"2024-08-12T17:44:18","slug":"cantor-buchecha-conclui-faculdade-aos-49-anos","status":"publish","type":"post","link":"https:\/\/tvbrazilusa.com\/pt\/2024\/08\/12\/cantor-buchecha-conclui-faculdade-aos-49-anos\/","title":{"rendered":"Cantor Buchecha conclui faculdade aos 49 Anos"},"content":{"rendered":"<p> <script async src=\"https:\/\/pagead2.googlesyndication.com\/pagead\/js\/adsbygoogle.js?client=ca-pub-8864793242727901\"\r\n     crossorigin=\"anonymous\"><\/script><br \/>\n<\/p>\n<div>\n<p><em>foto: Reprodu\u00e7\u00e3o\/Instagram<\/em><\/p>\n<p>Buchecha celebra gradua\u00e7\u00e3o em Marketing Digital, inspirando f\u00e3s a perseguirem seus sonhos acad\u00eamicos. Sua jornada mostra que a idade n\u00e3o \u00e9 uma barreira para alcan\u00e7ar objetivos.<\/p>\n<p>O cantor Buchecha, conhecido pelo hit \u201cS\u00f3 Love\u201d, usou suas redes sociais para compartilhar uma grande conquista: a gradua\u00e7\u00e3o na faculdade de Marketing Digital. Aos 49 anos, o funkeiro demonstrou orgulho e emo\u00e7\u00e3o ao relembrar sua trajet\u00f3ria acad\u00eamica, marcada por uma importante virada em sua vida.<\/p>\n<p>Na \u00faltima quinta-feira (8), Buchecha postou uma sequ\u00eancia de fotos vestindo beca e capelo, emocionado por concluir o curso. Ele contou que precisou interromper os estudos aos 14 anos para ajudar sua m\u00e3e, que trabalhava em duas casas de fam\u00edlia para sustentar ele e seus irm\u00e3os. Contudo, ele nunca perdeu o desejo de voltar \u00e0 escola.<\/p>\n<h2 class=\"wp-block-heading\">Gradua\u00e7\u00e3o em Marketing Digital: Um Marco na Carreira de Buchecha<\/h2>\n<p>Antes da pandemia, aproximadamente dois anos, Buchecha retomou seus estudos e logo se matriculou na faculdade. Ele compartilhou sua trajet\u00f3ria acad\u00eamica, ressaltando os desafios e a satisfa\u00e7\u00e3o de finalmente concluir o curso. \u201cAssim segui at\u00e9 o fim, cumpri a miss\u00e3o, me formei\u201d, declarou o artista, evidenciando sua determina\u00e7\u00e3o e perseveran\u00e7a.<\/p>\n<h2 class=\"wp-block-heading\">Como o Apoio da Fam\u00edlia e Amigos foi Crucial na Conquista de Buchecha?<\/h2>\n<p>Buchecha destacou o papel fundamental que sua fam\u00edlia e amigos desempenharam em sua jornada acad\u00eamica. Emocionado, ele dedicou sua conquista \u00e0 sua m\u00e3e e agradeceu a todos que sempre torceram por ele. \u201cMinha m\u00e3ezinha querida tem mais um filho formado para honra e gl\u00f3ria de Deus, obrigado a todos que sempre torceram por mim, minha fam\u00edlia, amigos e f\u00e3s\u201d, escreveu o cantor.<\/p>\n<h2 class=\"wp-block-heading\">Impacto Positivo da Educa\u00e7\u00e3o na Vida de Artistas<\/h2>\n<p>O retorno de Buchecha aos estudos n\u00e3o s\u00f3 reflete sua dedica\u00e7\u00e3o pessoal, mas tamb\u00e9m serve de inspira\u00e7\u00e3o para muitos. Artistas como ele demonstram que a educa\u00e7\u00e3o pode ter um impacto significativo, independentemente da fase da vida em que se esteja. A gradua\u00e7\u00e3o de Buchecha em Marketing Digital certamente abrir\u00e1 novas oportunidades na sua carreira.<\/p>\n<h3 class=\"wp-block-heading\">Principais Motiva\u00e7\u00f5es de Buchecha para Concluir os Estudos<\/h3>\n<p>Entre os principais fatores de motiva\u00e7\u00e3o de Buchecha, destacam-se:<\/p>\n<ul class=\"wp-block-list\">\n<li><strong>Apoio familiar<\/strong>: A motiva\u00e7\u00e3o vinda de sua m\u00e3e e irm\u00e3os.<\/li>\n<li><strong>Busca por conhecimento<\/strong>: A vontade de se atualizar e expandir seus horizontes profissionais.<\/li>\n<li><strong>Inspira\u00e7\u00e3o para seus f\u00e3s<\/strong>: Mostrar que nunca \u00e9 tarde para correr atr\u00e1s dos sonhos.<\/li>\n<\/ul>\n<p>\u00a0<\/p>\n<h3 class=\"wp-block-heading\">Passos Seguidos por Buchecha para Retomar os Estudos<\/h3>\n<ol class=\"wp-block-list\">\n<li><strong>Planejamento<\/strong>: Identificar o curso e a institui\u00e7\u00e3o de ensino que se adequassem \u00e0s suas necessidades.<\/li>\n<li><strong>Dedica\u00e7\u00e3o<\/strong>: Comprometimento com os estudos, mesmo diante de uma agenda intensa.<\/li>\n<li><strong>Resili\u00eancia<\/strong>: Superar desafios e obst\u00e1culos ao longo do caminho.<\/li>\n<\/ol>\n<p>\u00a0<\/p>\n<p>Buchecha \u00e9 um exemplo vivo de que nunca \u00e9 tarde para perseguir sonhos e aspira\u00e7\u00f5es educativas. Sua trajet\u00f3ria mostra que, com esfor\u00e7o e determina\u00e7\u00e3o, \u00e9 poss\u00edvel alcan\u00e7ar metas pessoais e profissionais, inspirando milhares de f\u00e3s a n\u00e3o desistirem dos seus objetivos.<\/p>\n<\/p><\/div>\n<p><br \/>\n<br \/><a href=\"https:\/\/terrabrasilnoticias.com\/2024\/08\/cantor-buchecha-conclui-faculdade-aos-49-anos\/\">Source link <\/a><\/p>","protected":false},"excerpt":{"rendered":"<p>foto: Reprodu\u00e7\u00e3o\/Instagram Buchecha celebra gradua\u00e7\u00e3o em Marketing Digital, inspirando f\u00e3s a perseguirem seus sonhos acad\u00eamicos. Sua jornada mostra que a idade n\u00e3o \u00e9 uma barreira para alcan\u00e7ar objetivos. O cantor&hellip;<\/p>","protected":false},"author":1,"featured_media":22881,"comment_status":"closed","ping_status":"open","sticky":false,"template":"","format":"standard","meta":{"content-type":"","footnotes":""},"categories":[16],"tags":[],"class_list":["post-22880","post","type-post","status-publish","format-standard","has-post-thumbnail","hentry","category-noticias"],"_links":{"self":[{"href":"https:\/\/tvbrazilusa.com\/pt\/wp-json\/wp\/v2\/posts\/22880","targetHints":{"allow":["GET"]}}],"collection":[{"href":"https:\/\/tvbrazilusa.com\/pt\/wp-json\/wp\/v2\/posts"}],"about":[{"href":"https:\/\/tvbrazilusa.com\/pt\/wp-json\/wp\/v2\/types\/post"}],"author":[{"embeddable":true,"href":"https:\/\/tvbrazilusa.com\/pt\/wp-json\/wp\/v2\/users\/1"}],"replies":[{"embeddable":true,"href":"https:\/\/tvbrazilusa.com\/pt\/wp-json\/wp\/v2\/comments?post=22880"}],"version-history":[{"count":1,"href":"https:\/\/tvbrazilusa.com\/pt\/wp-json\/wp\/v2\/posts\/22880\/revisions"}],"predecessor-version":[{"id":22882,"href":"https:\/\/tvbrazilusa.com\/pt\/wp-json\/wp\/v2\/posts\/22880\/revisions\/22882"}],"wp:featuredmedia":[{"embeddable":true,"href":"https:\/\/tvbrazilusa.com\/pt\/wp-json\/wp\/v2\/media\/22881"}],"wp:attachment":[{"href":"https:\/\/tvbrazilusa.com\/pt\/wp-json\/wp\/v2\/media?parent=22880"}],"wp:term":[{"taxonomy":"category","embeddable":true,"href":"https:\/\/tvbrazilusa.com\/pt\/wp-json\/wp\/v2\/categories?post=22880"},{"taxonomy":"post_tag","embeddable":true,"href":"https:\/\/tvbrazilusa.com\/pt\/wp-json\/wp\/v2\/tags?post=22880"}],"curies":[{"name":"wp","href":"https:\/\/api.w.org\/{rel}","templated":true}]}}