{"id":22883,"date":"2024-08-12T17:39:08","date_gmt":"2024-08-12T17:39:08","guid":{"rendered":"https:\/\/tvbrazilusa.com\/2024\/08\/12\/eustis-instala-mais-radares-de-velocidade-em-zonas-escolares-a-tempo-para-o-novo-ano-letivo\/"},"modified":"2024-08-12T17:47:20","modified_gmt":"2024-08-12T17:47:20","slug":"eustis-instala-mais-radares-de-velocidade-em-zonas-escolares-a-tempo-para-o-novo-ano-letivo","status":"publish","type":"post","link":"https:\/\/tvbrazilusa.com\/pt\/2024\/08\/12\/eustis-instala-mais-radares-de-velocidade-em-zonas-escolares-a-tempo-para-o-novo-ano-letivo\/","title":{"rendered":"Eustis instala mais radares de velocidade em zonas escolares a tempo para o novo ano letivo"},"content":{"rendered":"<script async src=\"https:\/\/pagead2.googlesyndication.com\/pagead\/js\/adsbygoogle.js?client=ca-pub-8864793242727901\"\r\n     crossorigin=\"anonymous\"><\/script>\n<div id=\"\">\n<p class=\"dist__Box-sc-1fnzlkn-0 dist__TextBase-sc-1fnzlkn-3 CGHCP htMUPQ article-text\"><strong>EUSTIS, Fl\u00f3rida.<\/strong> \u2013 Mais c\u00e2meras de velocidade na zona escolar foram instaladas em mais duas escolas em Eustis.<\/p>\n<p class=\"dist__Box-sc-1fnzlkn-0 dist__TextBase-sc-1fnzlkn-3 CGHCP htMUPQ article-text\">A Eustis High School e o Eustis High School Curtright Campus agora t\u00eam radares de velocidade na zona escolar.<\/p>\n<p class=\"dist__Box-sc-1fnzlkn-0 dist__TextBase-sc-1fnzlkn-3 CGHCP htMUPQ article-text\">O chefe de pol\u00edcia de Eustis, Craig Capri, passou a manh\u00e3 de segunda-feira na Escola Prim\u00e1ria Eustis enquanto os alunos retornavam \u00e0s salas de aula para o primeiro dia.<\/p>\n<p class=\"dist__Box-sc-1fnzlkn-0 dist__TextBase-sc-1fnzlkn-3 CGHCP htMUPQ article-text\">\u201cAlgumas pessoas v\u00e3o comprar ingressos e, pelo que vi aqui hoje, elas precisam deles\u201d, disse Capri.<\/p>\n<p class=\"dist__Box-sc-1fnzlkn-0 dist__TextBase-sc-1fnzlkn-3 CGHCP htMUPQ article-text\">\u201cA Eustis Elementary tamb\u00e9m \u00e9 a primeira escola onde c\u00e2meras de velocidade na zona escolar foram instaladas no in\u00edcio deste ano. Mais de 1.300 multas foram emitidas, agora temos cerca de dois meses de folga, ent\u00e3o as pessoas, espero, n\u00e3o esqueceram que as c\u00e2meras est\u00e3o l\u00e1\u201d, disse Capri. \u201cA escola come\u00e7a, come\u00e7a hoje, as c\u00e2meras est\u00e3o ligadas e est\u00e3o ao vivo. Ent\u00e3o, esperamos que as pessoas cumpram os limites de velocidade e diminuam a velocidade. Vamos levar nossos filhos para a escola com seguran\u00e7a.\u201d<\/p>\n<p class=\"dist__Box-sc-1fnzlkn-0 dist__TextBase-sc-1fnzlkn-3 CGHCP htMUPQ article-text\">Pais de alunos na Escola Elementar Eustis, onde as c\u00e2meras foram instaladas, dizem que apoiam totalmente essa medida como uma forma de manter as crian\u00e7as seguras. <\/p>\n<p class=\"dist__Box-sc-1fnzlkn-0 dist__TextBase-sc-1fnzlkn-3 CGHCP htMUPQ article-text\">\u201c\u00c9 completamente necess\u00e1rio\u201d, disse Tanisha Piper. \u201cH\u00e1 muitas crian\u00e7as que v\u00e3o a p\u00e9 para a escola todos os dias. E eu entendo, voc\u00ea sabe, chegar ao trabalho na hora e coisas assim, mas voc\u00ea n\u00e3o \u00e9 a \u00fanica que est\u00e1 na estrada.\u201d<\/p>\n<p class=\"dist__Box-sc-1fnzlkn-0 dist__TextBase-sc-1fnzlkn-3 CGHCP htMUPQ article-text\">Bianca Goldwire estava deixando sua filha para seu primeiro dia de aula na segunda-feira.  <\/p>\n<p class=\"dist__Box-sc-1fnzlkn-0 dist__TextBase-sc-1fnzlkn-3 CGHCP htMUPQ article-text\">\u201cEstou muito feliz em saber que pelo menos me sinto um pouco mais seguro sabendo que eles est\u00e3o reprimindo isso\u201d, disse Goldwire.<\/p>\n<p class=\"dist__Box-sc-1fnzlkn-0 dist__TextBase-sc-1fnzlkn-3 CGHCP htMUPQ article-text\">Capri disse que v\u00e1rias ag\u00eancias na Fl\u00f3rida entraram em contato para tentar implementar as c\u00e2meras em suas zonas escolares.<\/p>\n<p class=\"dist__Box-sc-1fnzlkn-0 dist__TextBase-sc-1fnzlkn-3 CGHCP htMUPQ article-text\">\u201cTodo mundo est\u00e1 aderindo a esse programa\u201d, disse Capri. \u201c\u00c9 um \u00f3timo programa. Vai salvar vidas no final do dia. Vai salvar vidas e proteger nossas crian\u00e7as.\u201d <\/p>\n<p class=\"dist__Box-sc-1fnzlkn-0 dist__TextBase-sc-1fnzlkn-3 CGHCP htMUPQ article-text\">A comiss\u00e1ria da cidade de Eustis, Emily Lee, disse que a comiss\u00e3o \u00e9 a favor das c\u00e2meras desde o primeiro dia. <\/p>\n<p class=\"dist__Box-sc-1fnzlkn-0 dist__TextBase-sc-1fnzlkn-3 CGHCP htMUPQ article-text\">\u201cSabemos de incidentes em que crian\u00e7as ficaram feridas e, por isso, apoiamos tudo o que pod\u00edamos fazer\u201d, disse Lee. <\/p>\n<p class=\"dist__Box-sc-1fnzlkn-0 dist__TextBase-sc-1fnzlkn-3 CGHCP htMUPQ article-text\">O per\u00edodo de aviso de 30 dias para as c\u00e2meras come\u00e7ou oficialmente na segunda-feira. Depois disso, torna-se uma viola\u00e7\u00e3o de velocidade com uma multa de $100.<\/p>\n<p class=\"dist__Box-sc-1fnzlkn-0 dist__TextBase-sc-1fnzlkn-3 CGHCP htMUPQ article-text\">Os motoristas t\u00eam a oportunidade de apelar ou pagar a multa em at\u00e9 30 dias. Se eles n\u00e3o fizerem nada, isso se torna uma infra\u00e7\u00e3o de tr\u00e2nsito e resulta em pontos na sua carteira.<\/p>\n<p class=\"dist__Box-sc-1fnzlkn-0 dist__TextBase-sc-1fnzlkn-3 CGHCP htMUPQ article-text\">As c\u00e2meras ficam ativas durante todo o dia escolar, das 7h30 \u00e0s 15h30, todos os dias da semana, exceto quarta-feira, quando ficam ativas somente at\u00e9 as 14h30. Os motoristas ainda podem receber uma multa se forem pegos em excesso de velocidade durante esses hor\u00e1rios em dias letivos.<\/p>\n<p class=\"dist__Box-sc-1fnzlkn-0 dist__TextBase-sc-1fnzlkn-3 CGHCP htMUPQ article-text\">Capri disse que espera ter mais c\u00e2meras instaladas na Bay Street para a Eustis Height Elementary School at\u00e9 o final do ano letivo.<\/p>\n<hr class=\"dist__Box-sc-1fnzlkn-0 dist__BaseDivider-sc-1fnzlkn-8 NJMqq\"\/>\n<p class=\"dist__Box-sc-1fnzlkn-0 dist__TextBase-sc-1fnzlkn-3 CGHCP htMUPQ article-text\"><b>Receba as manchetes de hoje em minutos com <\/b><a href=\"https:\/\/podcasts.apple.com\/us\/podcast\/your-florida-daily\/id1632084191\"><b>Seu di\u00e1rio da Fl\u00f3rida<\/b><\/a><b>:<\/b><\/p>\n<\/div>\n<p>Copyright 2024 por WKMG ClickOrlando &#8211; Todos os direitos reservados.<\/p>\n<p><br \/>\n<br \/><a href=\"https:\/\/www.clickorlando.com\/news\/local\/2024\/08\/12\/eustis-installs-more-school-zone-speed-cameras-in-time-for-new-school-year\/\">Source link <\/a><\/p>","protected":false},"excerpt":{"rendered":"<p>EUSTIS, Fl\u00f3rida. \u2013 Mais c\u00e2meras de velocidade na zona escolar foram instaladas em mais duas escolas em Eustis. A Eustis High School e o Eustis High School Curtright Campus agora&hellip;<\/p>","protected":false},"author":1,"featured_media":22884,"comment_status":"closed","ping_status":"open","sticky":false,"template":"","format":"standard","meta":{"content-type":"","footnotes":""},"categories":[1],"tags":[1521,1515,7998],"class_list":["post-22883","post","type-post","status-publish","format-standard","has-post-thumbnail","hentry","category-uncategorized","tag-condado-de-lake","tag-de-volta-a-escola","tag-eustis"],"_links":{"self":[{"href":"https:\/\/tvbrazilusa.com\/pt\/wp-json\/wp\/v2\/posts\/22883","targetHints":{"allow":["GET"]}}],"collection":[{"href":"https:\/\/tvbrazilusa.com\/pt\/wp-json\/wp\/v2\/posts"}],"about":[{"href":"https:\/\/tvbrazilusa.com\/pt\/wp-json\/wp\/v2\/types\/post"}],"author":[{"embeddable":true,"href":"https:\/\/tvbrazilusa.com\/pt\/wp-json\/wp\/v2\/users\/1"}],"replies":[{"embeddable":true,"href":"https:\/\/tvbrazilusa.com\/pt\/wp-json\/wp\/v2\/comments?post=22883"}],"version-history":[{"count":1,"href":"https:\/\/tvbrazilusa.com\/pt\/wp-json\/wp\/v2\/posts\/22883\/revisions"}],"predecessor-version":[{"id":22885,"href":"https:\/\/tvbrazilusa.com\/pt\/wp-json\/wp\/v2\/posts\/22883\/revisions\/22885"}],"wp:featuredmedia":[{"embeddable":true,"href":"https:\/\/tvbrazilusa.com\/pt\/wp-json\/wp\/v2\/media\/22884"}],"wp:attachment":[{"href":"https:\/\/tvbrazilusa.com\/pt\/wp-json\/wp\/v2\/media?parent=22883"}],"wp:term":[{"taxonomy":"category","embeddable":true,"href":"https:\/\/tvbrazilusa.com\/pt\/wp-json\/wp\/v2\/categories?post=22883"},{"taxonomy":"post_tag","embeddable":true,"href":"https:\/\/tvbrazilusa.com\/pt\/wp-json\/wp\/v2\/tags?post=22883"}],"curies":[{"name":"wp","href":"https:\/\/api.w.org\/{rel}","templated":true}]}}