{"id":22886,"date":"2024-08-12T16:59:54","date_gmt":"2024-08-12T16:59:54","guid":{"rendered":"https:\/\/tvbrazilusa.com\/2024\/08\/12\/novo-estudo-relaciona-o-uso-de-tablets-na-primeira-infancia-a-explosoes-de-raiva-wsvn-7news-noticias-de-miami-clima-esportes-fort-lauderdale\/"},"modified":"2024-08-12T17:50:30","modified_gmt":"2024-08-12T17:50:30","slug":"novo-estudo-relaciona-o-uso-de-tablets-na-primeira-infancia-a-explosoes-de-raiva-wsvn-7news-noticias-de-miami-clima-esportes-fort-lauderdale","status":"publish","type":"post","link":"https:\/\/tvbrazilusa.com\/pt\/2024\/08\/12\/novo-estudo-relaciona-o-uso-de-tablets-na-primeira-infancia-a-explosoes-de-raiva-wsvn-7news-noticias-de-miami-clima-esportes-fort-lauderdale\/","title":{"rendered":"Novo estudo relaciona o uso de tablets na primeira inf\u00e2ncia a explos\u00f5es de raiva &#8211; WSVN 7News | Not\u00edcias de Miami, Clima, Esportes | Fort Lauderdale"},"content":{"rendered":"<p> <script async src=\"https:\/\/pagead2.googlesyndication.com\/pagead\/js\/adsbygoogle.js?client=ca-pub-8864793242727901\"\r\n     crossorigin=\"anonymous\"><\/script><br \/>\n<\/p>\n<div itemprop=\"articleBody\">\n<p><strong>(CNN) \u2014 <\/strong>Praticamente todos os pais de crian\u00e7as pequenas j\u00e1 passaram por explos\u00f5es de raiva e frustra\u00e7\u00e3o por parte de seus filhos pequenos, seja na hora de acordar, de dormir ou de comer um sandu\u00edche sem a casca cortada.<\/p>\n<p>De acordo com um novo estudo, h\u00e1 outra poss\u00edvel raz\u00e3o para a frequ\u00eancia desses ataques: o uso de tablets.<\/p>\n<p>O <a href=\"https:\/\/jamanetwork.com\/journals\/jamapediatrics\/article-abstract\/2822089\" target=\"_blank\" rel=\"noreferrer noopener\">novo estudo<\/a>publicado no peri\u00f3dico JAMA Pediatrics, mostra que o uso de tablets por crian\u00e7as aos 3,5 anos de idade foi associado a um n\u00famero maior de express\u00f5es de raiva e frustra\u00e7\u00e3o um ano depois. Al\u00e9m disso, crian\u00e7as que eram mais propensas \u00e0 raiva e frustra\u00e7\u00e3o aos 4,5 anos de idade eram mais propensas a ter maior uso de tablets um ano depois (aos 5,5 anos de idade). O uso de tablets na primeira inf\u00e2ncia \u201cpode contribuir para um ciclo\u201d de problemas na regula\u00e7\u00e3o emocional, escreveram os autores.<\/p>\n<p>Eu queria ter mais contexto sobre isso falando com a especialista em bem-estar da CNN, Dra. Leana Wen. Wen \u00e9 m\u00e9dica de emerg\u00eancia e professora associada adjunta na George Washington University e j\u00e1 atuou como comiss\u00e1ria de sa\u00fade de Baltimore. T\u00e3o importante quanto isso, ela \u00e9 m\u00e3e de duas crian\u00e7as pequenas.<\/p>\n<p><strong>CNN: A maioria dos pais j\u00e1 passou por colapsos de crian\u00e7as pequenas depois que tiramos os tablets. O que esse estudo descobriu?<\/strong><\/p>\n<p><strong>Dra. Leana Wen: <\/strong>Este estudo foi uma pesquisa com 315 pais de crian\u00e7as em idade pr\u00e9-escolar da Nova Esc\u00f3cia, Canad\u00e1. Os mesmos pais participaram do estudo quando seus filhos tinham 3,5 anos (em 2020), 4,5 anos (em 2021) e 5,5 anos (2022). Eles auto-relataram o uso de tablets em seus filhos e ent\u00e3o avaliaram a express\u00e3o de raiva de seus filhos usando um question\u00e1rio padr\u00e3o chamado Children&#39;s Behavior Questionnaire.<\/p>\n<p>Os pesquisadores encontraram uma associa\u00e7\u00e3o entre o uso de tablet aos 3,5 anos e um aumento de raiva e frustra\u00e7\u00e3o aos 4,5 anos. Eles notaram que a associa\u00e7\u00e3o entre o uso de tablet e raiva era bidirecional, pois crian\u00e7as cujos pais notaram um n\u00edvel maior de raiva e frustra\u00e7\u00e3o aos 4,5 anos tamb\u00e9m tiveram maior uso de tablet aos 5,5 anos. Isso significa que os efeitos podem ocorrer em ambas as dire\u00e7\u00f5es.<\/p>\n<p>\u00c9 importante considerar que este estudo ocorreu durante os anos de pico da pandemia de Covid-19. Os pesquisadores notaram esse contexto e o fato de que a pandemia introduziu maior estresse e interrup\u00e7\u00f5es na rotina. Ainda assim, a associa\u00e7\u00e3o bidirecional entre o uso de tablet e a express\u00e3o de raiva e frustra\u00e7\u00e3o foi significativa e deve ser um aviso aos pais para que estejam cientes do tempo de tela.<\/p>\n<p><strong>CNN: Voc\u00ea est\u00e1 surpreso com os resultados deste estudo?<\/strong><\/p>\n<p><strong>Quando:<\/strong> De forma alguma. Houve outros estudos que chegaram a resultados semelhantes.<\/p>\n<p><a href=\"https:\/\/www.frontiersin.org\/news\/2024\/06\/28\/digital-pacifiers-tantrums-emotion-regulation-children?j=2398504&#038;sfmc_sub=393172978&#038;l=94_HTML&#038;u=89336756&#038;mid=7236711&#038;jb=1021&#038;id_mc=393172978&#038;utm_source=sfmc&#038;utm_medium=email&#038;utm_campaign=NL+Jul+2024+final&#038;utm_id=2398504&#038;Business_Goal=MARCOM&#038;Audience=Subscribers&#038;Email_Category=CorporateNewsletter_A&#038;Channel=Email&#038;BusinessGoal_Audience_EmailCategory_Channel=MARCOM_Subscribers_CorporateNewsletter_Email\" target=\"_blank\" rel=\"noreferrer noopener\">Um artigo publicado apenas este ano<\/a> lan\u00e7a alguma luz sobre o porqu\u00ea do uso de tablets poder estar relacionado a explos\u00f5es de raiva. Pesquisadores descobriram que entre crian\u00e7as de 2 a 5 anos, aquelas cujos pais frequentemente usavam tecnologia para administrar suas emo\u00e7\u00f5es negativas eram mais propensas a mostrar um gerenciamento ruim de raiva e frustra\u00e7\u00e3o um ano depois. Essas crian\u00e7as tamb\u00e9m eram menos capazes de decidir sobre uma resposta deliberada em vez de uma rea\u00e7\u00e3o autom\u00e1tica.<\/p>\n<p>Uma raz\u00e3o \u00e9 que as crian\u00e7as precisam aprender a lidar com suas pr\u00f3prias emo\u00e7\u00f5es negativas. Elas precisam passar pelo processo como parte do desenvolvimento infantil, auxiliadas por seus pais, cuidadores e professores. Se, em vez disso, elas receberem um tablet, computador ou smartphone em um esfor\u00e7o para acalm\u00e1-las, elas n\u00e3o aprender\u00e3o a administrar essas emo\u00e7\u00f5es sozinhas. Isso pode resultar em problemas mais tarde na inf\u00e2ncia e na idade adulta, incluindo o controle da raiva.<\/p>\n<p><strong>CNN: Essa pesquisa significa que os pais devem evitar completamente o uso de tablets pelos filhos?<\/strong><\/p>\n<p><strong>Quando:<\/strong> N\u00e3o necessariamente. Existem alguns aplicativos que podem ajudar no aprendizado, e muitas escolas usam tablets em seu curr\u00edculo de ensino. Acho que o novo estudo da JAMA Pediatrics, assim como outras pesquisas, ilustra que tablets, smartphones e outros eletr\u00f4nicos n\u00e3o devem ser usados \u200b\u200bcomo chupetas. Eles n\u00e3o devem ser dados a crian\u00e7as quando elas est\u00e3o chorando e chateadas para tentar acalm\u00e1-las.<\/p>\n<p>Eles tamb\u00e9m n\u00e3o devem ser usados \u200b\u200bcomo bab\u00e1s que tomam o lugar de um adulto interagindo com a crian\u00e7a. As crian\u00e7as aprendem por meio do engajamento social ativo com outras pessoas, e um grande problema com telas \u2014 seja brincando com aplicativos ou assistindo a filmes ou programas de TV \u2014 \u00e9 que elas substituem a intera\u00e7\u00e3o face a face com outras crian\u00e7as e adultos.<\/p>\n<p><strong>CNN: Voc\u00ea tem dois filhos pequenos. Qual \u00e9 sua pol\u00edtica sobre uso de tablets?<\/strong><\/p>\n<p><strong>Quando:<\/strong> Eu tento muito limitar o tempo de tela. Meus filhos, de 4 e quase 7 anos, podem assistir a uma hora de filme no fim de semana. O uso de telas durante a semana \u00e9 limitado a quando um deles tem uma exacerba\u00e7\u00e3o de asma e precisa usar a m\u00e1quina nebulizadora; eu os deixo assistir a um programa por no m\u00e1ximo 10 minutos para terminar o tratamento respirat\u00f3rio.<\/p>\n<p>Temos tablets que eu os deixo usar em ocasi\u00f5es especiais. Por exemplo, n\u00f3s tivemos um longo voo transatl\u00e2ntico para visitar a fam\u00edlia do meu marido na \u00c1frica do Sul. As crian\u00e7as foram autorizadas a usar seus tablets no voo. Al\u00e9m disso, se elas estiverem na casa de um amigo e outras crian\u00e7as estiverem brincando com um tablet, n\u00f3s n\u00e3o as proibir\u00edamos de brincar com ele tamb\u00e9m. E, claro, elas t\u00eam permiss\u00e3o para usar tablets na escola, se for necess\u00e1rio.<\/p>\n<p>Ainda assim, eu realmente entendo a tenta\u00e7\u00e3o de dar tablets para crian\u00e7as. Minha pequena passou por um per\u00edodo de birras terr\u00edveis, e eu sabia que ela se acalmaria se eu fizesse um show ou a deixasse usar seu tablet. Tamb\u00e9m \u00e9 muito dif\u00edcil \u00e0s vezes quando o cuidado com as crian\u00e7as n\u00e3o d\u00e1 certo e meu marido ou eu precisamos de uma bab\u00e1.<\/p>\n<p>Em v\u00e1rias ocasi\u00f5es, quando tive reuni\u00f5es virtuais e nenhuma bab\u00e1, tive que me dobrar e deixar as crian\u00e7as assistirem a um filme enquanto eu participava da reuni\u00e3o. Tento fazer dessas situa\u00e7\u00f5es a exce\u00e7\u00e3o e n\u00e3o a regra, pois quero limitar os impactos potenciais do uso do tablet em meus filhos.<\/p>\n<p><strong>CNN: O novo estudo \u00e9 sobre crian\u00e7as pequenas. E sobre crian\u00e7as mais velhas \u2014 o que a pesquisa diz sobre o uso de telas e, especialmente, o tempo que elas gastam nas m\u00eddias sociais?<\/strong><\/p>\n<p><strong>Quando:<\/strong> Houve muita pesquisa sobre esse t\u00f3pico que culminou com o Cirurgi\u00e3o Geral dos EUA Vivek Murthy emitindo um aviso consultivo aos pais sobre os perigos das m\u00eddias sociais. No in\u00edcio deste ano, Murthy declarou que gostaria de adicionar um r\u00f3tulo de aviso aos aplicativos de m\u00eddia social, semelhante aos r\u00f3tulos de aviso sobre cigarros e \u00e1lcool.<\/p>\n<p>Em <a href=\"https:\/\/pubmed.ncbi.nlm.nih.gov\/34297316\/\" target=\"_blank\" rel=\"noreferrer noopener\">um estudo<\/a>meninas que passavam duas horas ou mais nas redes sociais eram mais propensas a relatar depress\u00e3o e automutila\u00e7\u00e3o em compara\u00e7\u00e3o \u00e0quelas que as usavam menos. <a href=\"https:\/\/pubmed.ncbi.nlm.nih.gov\/30859387\/\" target=\"_blank\" rel=\"noreferrer noopener\">Outro grande estudo<\/a> envolvendo tr\u00eas conjuntos de dados descobriu que adolescentes que usavam m\u00eddias sociais por cinco ou mais horas por dia tinham 171% mais probabilidade de serem infelizes em compara\u00e7\u00e3o com aqueles que as usavam por menos de uma hora por dia. Isso est\u00e1 no contexto do uso quase universal de m\u00eddias sociais, com at\u00e9 95% das crian\u00e7as de 13 a 17 anos relatando usar m\u00eddias sociais. Adolescentes americanos relatam gastar uma quantidade chocante de tempo \u2014 <a href=\"https:\/\/www.apa.org\/monitor\/2024\/04\/teen-social-use-mental-health\" target=\"_blank\" rel=\"noreferrer noopener\">quase cinco horas<\/a> todos os dias \u2014 no YouTube, TikTok, Instagram e outros aplicativos de m\u00eddia social.<\/p>\n<p>H\u00e1 uma s\u00e9rie de problemas com esse n\u00edvel de uso de m\u00eddia social, um dos quais \u00e9 o que esse tempo est\u00e1 substituindo. Crian\u00e7as que ficam grudadas em seus telefones e tablets por esse per\u00edodo de tempo n\u00e3o est\u00e3o participando de esportes e fazendo atividade f\u00edsica suficiente. Elas n\u00e3o est\u00e3o interagindo na vida real umas com as outras. E elas n\u00e3o est\u00e3o dormindo o suficiente. Tudo isso \u00e9 prejudicial ao bem-estar f\u00edsico e mental.<\/p>\n<p><strong>CNN: Que conselho voc\u00ea daria aos pais sobre o uso de telas?<\/strong><\/p>\n<p><strong>Quando:<\/strong> Eu recomendaria as quatro coisas a seguir. Primeiro, para aqueles cujos filhos ainda s\u00e3o jovens, adie o uso de smartphones e m\u00eddias sociais o m\u00e1ximo poss\u00edvel. Isso funciona melhor se voc\u00ea puder coordenar com outros pais, pois a press\u00e3o dos colegas \u00e9 um grande motivo pelo qual as crian\u00e7as come\u00e7am.<\/p>\n<p>Segundo, como mencionado antes, os pais devem tentar n\u00e3o recorrer a telas e tablets como uma forma de parar as birras. Para crian\u00e7as pequenas, as birras s\u00e3o uma parte normal do desenvolvimento. Os pais que est\u00e3o preocupados com a frequ\u00eancia ou dura\u00e7\u00e3o das birras devem consultar o pediatra.<\/p>\n<p>Terceiro, para aqueles cujos filhos j\u00e1 t\u00eam smartphones e usam aplicativos de m\u00eddia social, converse com eles sobre o impacto das m\u00eddias sociais neles. Alguns deles podem reconhecer o potencial viciante de seus dispositivos e quererem diminuir o uso. Outros podem ser convencidos a reduzir o tempo em telas em favor de outras atividades, como tempo presencial com amigos.<\/p>\n<p>Quarto, estabele\u00e7a limites. Isso deve incluir n\u00e3o deixar celulares no quarto durante a noite e lugares que devem estar livres de dispositivos \u2014 como a sala de aula e a mesa de jantar. Os pais tamb\u00e9m devem respeitar esses limites e dar um bom exemplo. N\u00e3o \u00e9 nenhuma surpresa que estudos tamb\u00e9m tenham mostrado que pais que passam muito tempo grudados em seus dispositivos t\u00eam mais probabilidade de ter filhos que tamb\u00e9m o fazem.<\/p>\n<p><em>The-CNN-Wire\u2122 &#038; \u00a9 2024 Cable News Network, Inc., uma empresa Time Warner. Todos os direitos reservados.<\/em><\/p>\n<div class=\"wp-block-newsletter\">\n\t<strong class=\"wp-block-newsletter__title\">Inscreva-se em nossa Newsletter para receber as \u00faltimas not\u00edcias diretamente na sua caixa de entrada<\/strong><\/p>\n<\/div><\/div>\n<p><br \/>\n<br \/><a href=\"https:\/\/wsvn.com\/news\/us-world\/new-study-links-early-childhood-tablet-use-to-anger-outbursts\/\">Source link <\/a><\/p>","protected":false},"excerpt":{"rendered":"<p>(CNN) \u2014 Praticamente todos os pais de crian\u00e7as pequenas j\u00e1 passaram por explos\u00f5es de raiva e frustra\u00e7\u00e3o por parte de seus filhos pequenos, seja na hora de acordar, de dormir&hellip;<\/p>","protected":false},"author":1,"featured_media":22887,"comment_status":"closed","ping_status":"open","sticky":false,"template":"","format":"standard","meta":{"content-type":"","footnotes":""},"categories":[1],"tags":[],"class_list":["post-22886","post","type-post","status-publish","format-standard","has-post-thumbnail","hentry","category-uncategorized"],"_links":{"self":[{"href":"https:\/\/tvbrazilusa.com\/pt\/wp-json\/wp\/v2\/posts\/22886","targetHints":{"allow":["GET"]}}],"collection":[{"href":"https:\/\/tvbrazilusa.com\/pt\/wp-json\/wp\/v2\/posts"}],"about":[{"href":"https:\/\/tvbrazilusa.com\/pt\/wp-json\/wp\/v2\/types\/post"}],"author":[{"embeddable":true,"href":"https:\/\/tvbrazilusa.com\/pt\/wp-json\/wp\/v2\/users\/1"}],"replies":[{"embeddable":true,"href":"https:\/\/tvbrazilusa.com\/pt\/wp-json\/wp\/v2\/comments?post=22886"}],"version-history":[{"count":1,"href":"https:\/\/tvbrazilusa.com\/pt\/wp-json\/wp\/v2\/posts\/22886\/revisions"}],"predecessor-version":[{"id":22888,"href":"https:\/\/tvbrazilusa.com\/pt\/wp-json\/wp\/v2\/posts\/22886\/revisions\/22888"}],"wp:featuredmedia":[{"embeddable":true,"href":"https:\/\/tvbrazilusa.com\/pt\/wp-json\/wp\/v2\/media\/22887"}],"wp:attachment":[{"href":"https:\/\/tvbrazilusa.com\/pt\/wp-json\/wp\/v2\/media?parent=22886"}],"wp:term":[{"taxonomy":"category","embeddable":true,"href":"https:\/\/tvbrazilusa.com\/pt\/wp-json\/wp\/v2\/categories?post=22886"},{"taxonomy":"post_tag","embeddable":true,"href":"https:\/\/tvbrazilusa.com\/pt\/wp-json\/wp\/v2\/tags?post=22886"}],"curies":[{"name":"wp","href":"https:\/\/api.w.org\/{rel}","templated":true}]}}