{"id":22926,"date":"2024-08-12T17:30:00","date_gmt":"2024-08-12T17:30:00","guid":{"rendered":"https:\/\/tvbrazilusa.com\/2024\/08\/12\/governo-esta-fazendo-esforco-fiscal-grande-diz-campos-neto-paulo-figueiredo\/"},"modified":"2024-08-12T19:20:45","modified_gmt":"2024-08-12T19:20:45","slug":"governo-esta-fazendo-esforco-fiscal-grande-diz-campos-neto-paulo-figueiredo","status":"publish","type":"post","link":"https:\/\/tvbrazilusa.com\/pt\/2024\/08\/12\/governo-esta-fazendo-esforco-fiscal-grande-diz-campos-neto-paulo-figueiredo\/","title":{"rendered":"\u201cGoverno est\u00e1 fazendo esfor\u00e7o fiscal grande\u201d, diz Campos Neto &#8211; Paulo Figueiredo"},"content":{"rendered":"<p> <script async src=\"https:\/\/pagead2.googlesyndication.com\/pagead\/js\/adsbygoogle.js?client=ca-pub-8864793242727901\"\r\n     crossorigin=\"anonymous\"><\/script><br \/>\n<\/p>\n<div id=\"wtr-content\" data-bg=\"#FFFFFF\" data-fg=\"#006d91\" data-width=\"25\" data-mute=\"1\" data-fgopacity=\"1.00\" data-mutedopacity=\"0.5\" data-placement=\"bottom\" data-placement-offset=\"0\" data-content-offset=\"262\" data-placement-touch=\"bottom\" data-placement-offset-touch=\"0\" data-transparent=\"\" data-shadow=\"0\" data-touch=\"1\" data-non-touch=\"1\" data-comments=\"0\" data-commentsbg=\"transparent\" data-location=\"page\" data-mutedfg=\"#006d91\" data-endfg=\"#006d91\" data-rtl=\"\">\n<h3 class=\"wp-block-heading\">Presidente do Banco Central, no entanto, declara haver \u201cincertezas\u201d entre as pol\u00edticas monet\u00e1ria e fiscal<\/h3>\n<p>O presidente do\u00a0BC\u00a0(Banco Central), Roberto Campos Neto, disse nesta 2\u00aa feira (12.ago.2024) que h\u00e1 um\u00a0<em>\u201cesfor\u00e7o fiscal grande\u201d<\/em>\u00a0do governo. Afirmou ainda que, ao ser demonstrado o esfor\u00e7o,\u00a0<em>\u201co pr\u00eamio de risco vai cair\u201d<\/em>.<\/p>\n<p>A declara\u00e7\u00e3o foi dada durante palestra no evento de inaugura\u00e7\u00e3o do novo campus da\u00a0<a href=\"https:\/\/eesp.fgv.br\/\" target=\"_blank\" rel=\"noreferrer noopener\">FGV EESP<\/a>\u00a0(Escola de Economia de S\u00e3o Paulo da Funda\u00e7\u00e3o Getulio Vargas), em S\u00e3o Paulo.<\/p>\n<p>Em 22 de julho, o governo de\u00a0Luiz In\u00e1cio Lula da Silva\u00a0(PT)\u00a0anunciou\u00a0um congelamento de R$ 15 bilh\u00f5es sobre o Or\u00e7amento:\u00a0bloqueio de R$ 11,2 bilh\u00f5es sobre as despesas discricion\u00e1rias e um contingenciamento de R$ 3,8 bilh\u00f5es para ficar no limite da meta \u2013d\u00e9ficit de at\u00e9 0,25% do PIB (R$ 28,8 bilh\u00f5es).<\/p>\n<p>O objetivo fiscal \u00e9 de zerar o rombo, mas h\u00e1 essa margem de toler\u00e2ncia. Campos Neto tamb\u00e9m disse haver\u00a0<em>\u201cincertezas\u201d<\/em>\u00a0entre o monet\u00e1rio e o fiscal futuros, e que o Banco Central est\u00e1 fazendo esfor\u00e7os.<\/p>\n<p><strong>Entenda o que s\u00e3o as pol\u00edticas:\u00a0<\/strong><\/p>\n<ul class=\"wp-block-list\">\n<li><strong>monet\u00e1ria\u00a0<\/strong>\u2013 controle da oferta de dinheiro e taxas de juros pelo Banco Central para regular a atividade econ\u00f4mica;<\/li>\n<li><strong>fiscal\u00a0<\/strong>\u2013 decis\u00f5es do governo sobre gastos e arrecada\u00e7\u00e3o com impostos para influenciar a economia.<\/li>\n<\/ul>\n<p>O chefe da autoridade monet\u00e1ria tamb\u00e9m afirmou que os n\u00fameros s\u00e3o bons para a atividade econ\u00f4mica, que tem\u00a0<em>\u201csurpreendido para cima\u201d<\/em>. Mencionou a taxa de desemprego, que\u00a0atingiu 6,9% no trimestre encerrado em junho.\u00a0<em>\u201cA gente pode ver que veio descendo\u201d<\/em>, disse.<\/p>\n<p>Declarou ainda que se esperava que o desemprego voltasse a subir no Brasil.\u00a0<em>\u201cIsso se mostrou equivocado at\u00e9 agora\u201d<\/em>, afirmou.<\/p>\n<\/div>\n<p><br \/>\n<br \/><a href=\"https:\/\/paulofigueiredoshow.com\/governo-esta-fazendo-esforco-fiscal-grande-diz-campos-neto\/\">Source link <\/a><\/p>","protected":false},"excerpt":{"rendered":"<p>Presidente do Banco Central, no entanto, declara haver \u201cincertezas\u201d entre as pol\u00edticas monet\u00e1ria e fiscal O presidente do\u00a0BC\u00a0(Banco Central), Roberto Campos Neto, disse nesta 2\u00aa feira (12.ago.2024) que h\u00e1 um\u00a0\u201cesfor\u00e7o&hellip;<\/p>","protected":false},"author":1,"featured_media":22927,"comment_status":"closed","ping_status":"open","sticky":false,"template":"","format":"standard","meta":{"content-type":"","footnotes":""},"categories":[16],"tags":[4009,8417,1815,10851,10852,8230,336,10853,89,1375,3810,1378,10777,10854],"class_list":["post-22926","post","type-post","status-publish","format-standard","has-post-thumbnail","hentry","category-noticias","tag-bc","tag-campos-neto","tag-economia","tag-eesp","tag-esforco","tag-fiscal","tag-governo","tag-incertezas","tag-lula","tag-meta","tag-politicas","tag-pt","tag-rombo","tag-tolerancia"],"_links":{"self":[{"href":"https:\/\/tvbrazilusa.com\/pt\/wp-json\/wp\/v2\/posts\/22926","targetHints":{"allow":["GET"]}}],"collection":[{"href":"https:\/\/tvbrazilusa.com\/pt\/wp-json\/wp\/v2\/posts"}],"about":[{"href":"https:\/\/tvbrazilusa.com\/pt\/wp-json\/wp\/v2\/types\/post"}],"author":[{"embeddable":true,"href":"https:\/\/tvbrazilusa.com\/pt\/wp-json\/wp\/v2\/users\/1"}],"replies":[{"embeddable":true,"href":"https:\/\/tvbrazilusa.com\/pt\/wp-json\/wp\/v2\/comments?post=22926"}],"version-history":[{"count":1,"href":"https:\/\/tvbrazilusa.com\/pt\/wp-json\/wp\/v2\/posts\/22926\/revisions"}],"predecessor-version":[{"id":22928,"href":"https:\/\/tvbrazilusa.com\/pt\/wp-json\/wp\/v2\/posts\/22926\/revisions\/22928"}],"wp:featuredmedia":[{"embeddable":true,"href":"https:\/\/tvbrazilusa.com\/pt\/wp-json\/wp\/v2\/media\/22927"}],"wp:attachment":[{"href":"https:\/\/tvbrazilusa.com\/pt\/wp-json\/wp\/v2\/media?parent=22926"}],"wp:term":[{"taxonomy":"category","embeddable":true,"href":"https:\/\/tvbrazilusa.com\/pt\/wp-json\/wp\/v2\/categories?post=22926"},{"taxonomy":"post_tag","embeddable":true,"href":"https:\/\/tvbrazilusa.com\/pt\/wp-json\/wp\/v2\/tags?post=22926"}],"curies":[{"name":"wp","href":"https:\/\/api.w.org\/{rel}","templated":true}]}}