{"id":23012,"date":"2024-08-12T20:55:36","date_gmt":"2024-08-12T20:55:36","guid":{"rendered":"https:\/\/tvbrazilusa.com\/2024\/08\/12\/o-treinador-de-posicao-de-matthew-judon-esclarece-seu-desempenho-em-meio-a-disputa-contratual\/"},"modified":"2024-08-12T21:03:46","modified_gmt":"2024-08-12T21:03:46","slug":"o-treinador-de-posicao-de-matthew-judon-esclarece-seu-desempenho-em-meio-a-disputa-contratual","status":"publish","type":"post","link":"https:\/\/tvbrazilusa.com\/pt\/2024\/08\/12\/o-treinador-de-posicao-de-matthew-judon-esclarece-seu-desempenho-em-meio-a-disputa-contratual\/","title":{"rendered":"O treinador de posi\u00e7\u00e3o de Matthew Judon esclarece seu desempenho em meio a disputa contratual"},"content":{"rendered":"<p> <script async src=\"https:\/\/pagead2.googlesyndication.com\/pagead\/js\/adsbygoogle.js?client=ca-pub-8864793242727901\"\r\n     crossorigin=\"anonymous\"><\/script><br \/>\n<\/p>\n<div id=\"\">\n<header class=\"m-article-header m-article-header--standard\">\n\t\t\t\t\t\t\t\t\t\t\t\t<span id=\"article-header-primary-term\"><br \/>\n\t\t\t\t\t\t\t\t<a class=\"a-term a-term--primary\" href=\"https:\/\/www.boston.com\/tag\/new-england-patriots\/\"><\/p>\n<p>\t\t\t\t\t\t\t\tPatriotas\t\t\t\t\t\t\t\t<\/a><br \/>\n\t\t\t\t\t\t\t<\/span><\/p>\n<h2 class=\"m-article-header__sub-headline\">&#8220;Quando \u00e9 hora de trabalhar, ele est\u00e1 trabalhando. Quando \u00e9 hora de liderar, ele est\u00e1 liderando.&#8221;<\/h2>\n<figure class=\"a-photo m-article-header__photo\"><figcaption class=\"a-photo__caption\">\n\t<em> <\/em>\t<\/figcaption><\/figure>\n<\/header>\n<div class=\"m-block t-amp__list-container m-article-list-container  m-article-list-container--frame-border a-border-frame  a-list-header__headline--red m-article-list--alternative--default  m-article-list--floated\">\n<ul class=\"t-amp__list a-list--no-style m-article-list m-article-list--recirculation m-article-list--has-images\">\n<li class=\"m-article-list__item m-article-list__item--featured\">\n\t\t\t\t<a class=\"m-article-list__link-wrapper\" href=\"https:\/\/www.boston.com\/sports\/new-england-patriots\/2024\/08\/12\/5-takeaways-from-day-13-of-patriots-training-camp\/\" data-p1=\"article_recirc_inline_feature\"><\/p>\n<p><h4 class=\"m-article-list__headline t-amp__list-headline\">\n\t\t\t\t\t\t\t<span class=\"m-article-list__link a-link a-link--inline a-link--text-link a-link--text-link-dark\"><\/p>\n<p>\t\t\t\t\t\t\t5 li\u00e7\u00f5es do 13\u00ba dia do campo de treinamento dos Patriots\t\t\t\t\t\t\t<\/span><br \/>\n\t\t\t\t\t\t<\/h4>\n<\/p>\n<p>\t\t\t\t<\/a>\n\t\t\t<\/li>\n<li class=\"m-article-list__item\">\n\t\t\t\t\t\t<a class=\"m-article-list__link-wrapper\" href=\"https:\/\/www.boston.com\/sports\/new-england-patriots\/2024\/08\/05\/matthew-judon-explains-why-he-left-practice-says-he-will-play-despite-contract-issues\/\" data-p1=\"article_recirc_inline_feed\"><\/p>\n<p><h4 class=\"m-article-list__headline\">\n\t\t\t\t\t\t\t\t\t<span class=\"m-article-list__link a-link a-link--inline a-link--text-link a-link--text-link-dark\"><\/p>\n<p>\t\t\t\t\t\t\t\t\tMatthew Judon explica por que deixou os treinos e diz que jogar\u00e1 apesar dos problemas contratuais\t\t\t\t\t\t\t\t\t<\/span><br \/>\n\t\t\t\t\t\t\t\t<\/h4>\n<\/p>\n<p>\t\t\t\t\t\t<\/a>\n\t\t\t\t\t<\/li>\n<\/ul>\n<\/div>\n<p>Vendo <a href=\"https:\/\/www.espn.com\/nfl\/player\/_\/id\/3961466\/matthew-judon\">Mateus Judon<\/a> em uma situa\u00e7\u00e3o de contrato incerto n\u00e3o \u00e9 nenhuma novidade para o treinador de linebackers externos dos Patriots <a href=\"https:\/\/www.patriots.com\/video\/\">Desenhou Wilkins. <\/a><\/p>\n<p>Entre passagens pelos Ravens e<a href=\"https:\/\/www.boston.com\/sports\/new-england-patriots\/2024\/08\/12\/5-takeaways-from-day-13-of-patriots-training-camp\/?p1=hp_secondary\"> Patriotas<\/a>este \u00e9 o terceiro acampamento de Wilkins treinando Judon antes de um ano de contrato. <\/p>\n<p>A franquia Ravens marcou Judon em 2020 e o deixou ir para os Patriots em 2021. Judon est\u00e1 no \u00faltimo ano de seu contrato com os Patriots e tem falado abertamente sobre seu desejo de renegociar por mais dinheiro. <\/p>\n<p>Wilkins disse que n\u00e3o teve problemas com a maneira como Judon lidou com seus neg\u00f3cios em tais situa\u00e7\u00f5es porque seu desempenho foi consistente.<\/p>\n<p>\u201cTodos esses tr\u00eas anos ele ataca com tanto profissionalismo\u201d, disse Wilkins. \u201cRealmente, quando voc\u00ea olha para 2019, ele saiu e teve um ano de Pro Bowl, 2020 teve um ano de Pro Bowl. Essa \u00e9 a expectativa: vamos e compartimentamos as coisas de neg\u00f3cios e temos um ano de Pro Bowl. \u00c9 isso que ele faz e o que conseguimos fazer juntos.\u201d <\/p>\n<p>O coordenador defensivo dos Patriots, DeMarcus Covington, disse que tamb\u00e9m est\u00e1 vendo consist\u00eancia de Judon durante este treinamento. <\/p>\n<p>\u201cEle tem sido o mesmo para n\u00f3s\u201d, disse Covington. \u201cEu sempre fico fora de todas essas conversas, e para n\u00f3s e para a equipe defensiva ele tem sido Judon. Ele tem sido Matt Judon. Ele tem sido \u00f3timo na sala de aula, \u00f3timo para n\u00f3s no campo de treino.\u201d<\/p>\n<p>As frustra\u00e7\u00f5es de Judon transbordaram mais cedo no training camp \u2014 em um ponto ele acabou saindo do treino ap\u00f3s um bate-papo com Jerod Mayo. Judon mais tarde retornou ao campo para ter uma discuss\u00e3o animada com os executivos dos Patriots.<\/p>\n<p>Covington reconheceu que esse comportamento espec\u00edfico n\u00e3o foi positivo para Judon, mas acrescentou que n\u00e3o houve nenhum outro problema em sua perspectiva. <\/p>\n<p>\u201cEu vejo assim: todos n\u00f3s temos dias ruins, certo? Se eu perguntasse a qualquer um de voc\u00eas, voc\u00eas levantariam as m\u00e3os por terem tido um dia ruim\u201d, disse Covington. \u201cInfelizmente para ele, seu dia ruim estaria na c\u00e2mera, assim como nossos dias ruins estariam atr\u00e1s de portas (fechadas). Ent\u00e3o, ele teve um dia ruim e foi isso. Todo mundo conseguiu ver.\u201d <\/p>\n<p>\u201cFora isso, o cara tem sido quem ele tem sido desde que o contratamos h\u00e1 alguns anos\u201d, acrescentou Covington. \u201cEu n\u00e3o tenho nada al\u00e9m de respeito e amor por Judon e pelo que ele pode e far\u00e1 por este time.\u201d <\/p>\n<p>Judon tamb\u00e9m perdeu o treino no dia seguinte ap\u00f3s ter sa\u00eddo mais cedo por um motivo n\u00e3o revelado, mas ele tem participado desde ent\u00e3o. <\/p>\n<p>Wilkins disse que o desempenho de Judon, dentro e fora de campo, continua sendo uma pe\u00e7a valiosa do quebra-cabe\u00e7a dos Patriots. <\/p>\n<p>\u201cAcho que grandes jogadores compartimentam a parte comercial do jogo com a parte do futebol\u201d, disse Wilkins. \u201cEle ama futebol. Ele ama seus companheiros de equipe. Voc\u00ea \u00e9 capaz de dizer OK, coloque isso em um balde, isso \u00e9 uma coisa separada, mas quando \u00e9 hora de trabalhar, ele est\u00e1 trabalhando.\u201d<\/p>\n<p>\u201cQuando \u00e9 hora de liderar, ele est\u00e1 liderando e realmente nas salas de reuni\u00e3o, isso \u00e9 o que \u00e9 t\u00e3o especial, sua expertise\u201d, acrescentou Wilkins. \u201cEle jogou em sistemas diferentes, teve que fazer coisas diferentes e realmente ele pode explicar aos jogadores, assim como a qualquer treinador, quais s\u00e3o as demandas e quais s\u00e3o os padr\u00f5es naquela sala, ent\u00e3o \u00e9 realmente como ter outro treinador l\u00e1.\u201d<\/p>\n<div class=\"m-block m-generic-cta\t m-generic-cta--post-content\t m-generic-cta--dark\t m-generic-cta--homepage\t m-generic-cta--email-signup\t\t m-generic-cta-block-style--default \tt-amp__generic-cta\"><\/p>\n<div class=\"m-generic-cta__wrap\">\n<div class=\"m-generic-cta__content\">\n<h3 class=\"m-generic-cta__title\">Inscreva-se para receber atualiza\u00e7\u00f5es dos Patriots\ud83c\udfc8<\/h3>\n<p class=\"m-generic-cta__subtitle\">Receba not\u00edcias de \u00faltima hora e an\u00e1lises na sua caixa de entrada durante a temporada de futebol.<\/p>\n<\/p><\/div>\n<\/p><\/div>\n<\/div><\/div>\n<p><script>\n\t\tvar consent=\"grant\";\n\t\t\/* The above code is parsing the JSON data from the local storage and storing it in a variable. *\/\n\t\t\t\t\tconst onetrustStorageConsent = JSON.parse(localStorage.getItem( 'consent_one_trust_bdc' ) );\n\t\t\tif ( ( onetrustStorageConsent !== null ) ) {\n\t\t\t\t\/* Checking to see if the user has consented to the use of cookies.\n\t\t\t\t* If they have not, it is deleting the cookie.\n\t\t\t\t* This will comment for now, until further notice.\n\t\t\t\t*\/\n\t\t\t\t\/\/if ( onetrustStorageConsent.C0002 === false ) {\n\t\t\t\t\/\/\tdocument.cookie=\"_fbp=;expires=Thu, 01 Jan 2010 00:00:00 UTC; path=\/; domain=.boston.com\";\n\t\t\t\t\/\/}\n\t\t\t\t\/* Checking if the user has given consent for the cookie C0002.\n\t\t\t\t* If the user has given consent, the variable consent will be set to 'grant'.\n\t\t\t\t* If the user has not given consent,the variable consent will be set to 'revoke'.\n\t\t\t\t* Documentation https:\/\/developers.facebook.com\/docs\/meta-pixel\/implementation\/gdpr\n\t\t\t\t*\/\n\t\t\t\tif ( onetrustStorageConsent.C0002 !== true ) {\n\t\t\t\t\tconsent=\"revoke\";\n\t\t\t\t}\n\t\t\t}\n\t\t\t\t!function(f,b,e,v,n,t,s)\n\t\t{if(f.fbq)return;n=f.fbq=function(){n.callMethod?\n\t\tn.callMethod.apply(n,arguments):n.queue.push(arguments)};\n\t\tif(!f._fbq)f._fbq=n;n.push=n;n.loaded=!0;n.version='2.0';\n\t\tn.queue=[];t=b.createElement(e);t.async=!0;\n\t\tt.src=v;s=b.getElementsByTagName(e)[0];\n\t\ts.parentNode.insertBefore(t,s)}(window, document,'script',\n\t\t'https:\/\/connect.facebook.net\/en_US\/fbevents.js');\n\t\tfbq('consent', consent);\n\t\tfbq('init', '989222871864976');\n\t\tfbq('track', 'PageView');\n\t<\/script><script type=\"module\">\n\t\tvar consent=\"grant\";\n\t\t\/* The above code is parsing the JSON data from the local storage and storing it in a variable. *\/\n\t\t\tconst onetrustStorageConsent = JSON.parse(localStorage.getItem( 'consent_one_trust_bdc' ) );\n\t\t\t\/* Checking to see if the user has consented to the use of cookies.\n\t\t\t* If they have not, it is deleting the cookie.\n\t\t\t* This will comment for now, until further notice.\n\t\t\t*\/\n\t\t\t\/\/if ( onetrustStorageConsent.C0002 === false ) {\n\t\t\t\/\/\tdocument.cookie=\"_fbp=;expires=Thu, 01 Jan 2010 00:00:00 UTC; path=\/; domain=.boston.com\";\n\t\t\t\/\/}\n\t\t\t\/* Checking if the user has given consent for the cookie C0002.\n\t\t\t* If the user has given consent, the variable consent will be set to 'grant'.\n\t\t\t* If the user has not given consent,the variable consent will be set to 'revoke'.\n\t\t\t* Documentation https:\/\/developers.facebook.com\/docs\/meta-pixel\/implementation\/gdpr\n\t\t\t*\/\n\t\t\tif ( ( onetrustStorageConsent !== null ) && (onetrustStorageConsent.C0002 !== true ) ) {\n\t\t\t\tconsent=\"revoke\";\n\t\t\t}\n\t\t\t\t!function(f,b,e,v,n,t,s){if(f.fbq)return;n=f.fbq=function()\n\t\t{n.callMethod? n.callMethod.apply(n,arguments):n.queue.push(arguments)}\n\t\t;if(!f._fbq)f._fbq=n;\n\t\tn.push=n;n.loaded=!0;n.version='2.0';n.queue=[];t=b.createElement(e);t.async=!0;\n\t\tt.src=v;s=b.getElementsByTagName(e)[0];s.parentNode.insertBefore(t,s)}(window,\n\t\tdocument,'script','https:\/\/connect.facebook.net\/en_US\/fbevents.js');\n\t\tfbq('consent', consent);\n\t\tfbq('init', '813236348753005');\n\t\tfbq('track', \"PageView\");\n\t<\/script><br \/>\n<br \/><br \/>\n<br \/><a href=\"https:\/\/www.boston.com\/sports\/new-england-patriots\/2024\/08\/12\/matthew-judons-position-coach-sheds-light-on-his-performance-amid-contract-dispute\/\">Source link <\/a><\/p>","protected":false},"excerpt":{"rendered":"<p>Patriotas &#8220;Quando \u00e9 hora de trabalhar, ele est\u00e1 trabalhando. Quando \u00e9 hora de liderar, ele est\u00e1 liderando.&#8221; 5 li\u00e7\u00f5es do 13\u00ba dia do campo de treinamento dos Patriots Matthew Judon&hellip;<\/p>","protected":false},"author":1,"featured_media":22960,"comment_status":"closed","ping_status":"open","sticky":false,"template":"","format":"standard","meta":{"content-type":"","footnotes":""},"categories":[1],"tags":[],"class_list":["post-23012","post","type-post","status-publish","format-standard","has-post-thumbnail","hentry","category-uncategorized"],"_links":{"self":[{"href":"https:\/\/tvbrazilusa.com\/pt\/wp-json\/wp\/v2\/posts\/23012","targetHints":{"allow":["GET"]}}],"collection":[{"href":"https:\/\/tvbrazilusa.com\/pt\/wp-json\/wp\/v2\/posts"}],"about":[{"href":"https:\/\/tvbrazilusa.com\/pt\/wp-json\/wp\/v2\/types\/post"}],"author":[{"embeddable":true,"href":"https:\/\/tvbrazilusa.com\/pt\/wp-json\/wp\/v2\/users\/1"}],"replies":[{"embeddable":true,"href":"https:\/\/tvbrazilusa.com\/pt\/wp-json\/wp\/v2\/comments?post=23012"}],"version-history":[{"count":1,"href":"https:\/\/tvbrazilusa.com\/pt\/wp-json\/wp\/v2\/posts\/23012\/revisions"}],"predecessor-version":[{"id":23013,"href":"https:\/\/tvbrazilusa.com\/pt\/wp-json\/wp\/v2\/posts\/23012\/revisions\/23013"}],"wp:featuredmedia":[{"embeddable":true,"href":"https:\/\/tvbrazilusa.com\/pt\/wp-json\/wp\/v2\/media\/22960"}],"wp:attachment":[{"href":"https:\/\/tvbrazilusa.com\/pt\/wp-json\/wp\/v2\/media?parent=23012"}],"wp:term":[{"taxonomy":"category","embeddable":true,"href":"https:\/\/tvbrazilusa.com\/pt\/wp-json\/wp\/v2\/categories?post=23012"},{"taxonomy":"post_tag","embeddable":true,"href":"https:\/\/tvbrazilusa.com\/pt\/wp-json\/wp\/v2\/tags?post=23012"}],"curies":[{"name":"wp","href":"https:\/\/api.w.org\/{rel}","templated":true}]}}