{"id":23169,"date":"2024-08-13T00:04:34","date_gmt":"2024-08-13T00:04:34","guid":{"rendered":"https:\/\/tvbrazilusa.com\/2024\/08\/13\/brasil-enterra-piloto-que-morreu-em-acidente-aereo-que-matou-62-mas-ainda-ha-duvidas-sobre-a-causa\/"},"modified":"2024-08-13T00:28:07","modified_gmt":"2024-08-13T00:28:07","slug":"brasil-enterra-piloto-que-morreu-em-acidente-aereo-que-matou-62-mas-ainda-ha-duvidas-sobre-a-causa","status":"publish","type":"post","link":"https:\/\/tvbrazilusa.com\/pt\/2024\/08\/13\/brasil-enterra-piloto-que-morreu-em-acidente-aereo-que-matou-62-mas-ainda-ha-duvidas-sobre-a-causa\/","title":{"rendered":"Brasil enterra piloto que morreu em acidente a\u00e9reo que matou 62, mas ainda h\u00e1 d\u00favidas sobre a causa"},"content":{"rendered":"<script async src=\"https:\/\/pagead2.googlesyndication.com\/pagead\/js\/adsbygoogle.js?client=ca-pub-8864793242727901\"\r\n     crossorigin=\"anonymous\"><\/script>\n<div id=\"\">\n<p class=\"dist__Box-sc-1fnzlkn-0 dist__TextBase-sc-1fnzlkn-3 CGHCP htMUPQ article-text\"><strong>S\u00c3O PAULO<\/strong> \u2013 O piloto do avi\u00e3o que <a href=\"https:\/\/apnews.com\/article\/brazil-plane-crash-accident-victims-doctors-18a4b96070740eaa8955ecf20ea829ed\">caiu no Brasil na semana passada<\/a> foi enterrado na segunda-feira em S\u00e3o Paulo, tornando-se a primeira pessoa a ser sepultada entre as 62 v\u00edtimas, enquanto as autoridades continuam trabalhando para determinar o que exatamente causou o acidente.<\/p>\n<p class=\"dist__Box-sc-1fnzlkn-0 dist__TextBase-sc-1fnzlkn-3 CGHCP htMUPQ article-text\">Um carro f\u00fanebre carregando o caix\u00e3o de Danilo Santos Romano rolou pelas ruas da Penha, um bairro oper\u00e1rio da zona leste de S\u00e3o Paulo, a caminho do cemit\u00e9rio que fica abaixo de seu apartamento. Familiares e amigos caminharam atr\u00e1s do ve\u00edculo e dezenas de lojistas que o conheciam como cliente regular se reuniram nas cal\u00e7adas para aplaudir quando ele passou. Romano tinha 35 anos.<\/p>\n<p class=\"dist__Box-sc-1fnzlkn-0 dist__TextBase-sc-1fnzlkn-3 CGHCP htMUPQ article-text\">Cl\u00e9sio Moura, um dos lojistas que aplaudiram, disse que conheceu o piloto h\u00e1 dois anos.<\/p>\n<p class=\"dist__Box-sc-1fnzlkn-0 dist__TextBase-sc-1fnzlkn-3 CGHCP htMUPQ article-text\">\u201cEle morou fora, trabalhou em empresas estrangeiras, mas sempre foi humilde\u201d, disse Moura. \u201cA gente conversava sobre futebol, ele queria muito ter um filho para levar ao est\u00e1dio um dia. Danilo era cheio de vida.\u201d<\/p>\n<p class=\"dist__Box-sc-1fnzlkn-0 dist__TextBase-sc-1fnzlkn-3 CGHCP htMUPQ article-text\">O acidente de sexta-feira matou 58 passageiros e quatro tripulantes. Imagens do avi\u00e3o mergulhando em parafuso plano horrorizaram pessoas ao redor do mundo, e a causa do acidente ainda n\u00e3o foi determinada. Alguns especialistas apontaram para a possibilidade de gelo severo nas asas, o que fez os pilotos perderem o controle do avi\u00e3o, mas o ministro dos aeroportos Silvio Costa Filho disse aos rep\u00f3rteres na sexta-feira que Romano e seu copiloto n\u00e3o fizeram nenhuma chamada para um pouso de emerg\u00eancia, nem comunicaram quaisquer condi\u00e7\u00f5es clim\u00e1ticas adversas.<\/p>\n<p class=\"dist__Box-sc-1fnzlkn-0 dist__TextBase-sc-1fnzlkn-3 CGHCP htMUPQ article-text\">Eles estavam voando no turbo\u00e9lice bimotor ATR 72 da companhia a\u00e9rea local Voepass, com destino ao aeroporto internacional de Guarulhos, mas o avi\u00e3o caiu do c\u00e9u na cidade vizinha de Vinhedo. Romano tinha acabado de terminar seu primeiro ano completo como comandante da Voepass, que o contratou como copiloto em novembro de 2022, informou a companhia a\u00e9rea \u00e0 AP em um comunicado. Ela acrescentou que Romano havia registrado 5.202 horas de voo para a Voepass, todas em ATRs. \u00c9 o \u00fanico tipo de avi\u00e3o que a empresa possui.<\/p>\n<p class=\"dist__Box-sc-1fnzlkn-0 dist__TextBase-sc-1fnzlkn-3 CGHCP htMUPQ article-text\">A vi\u00fava de Romano, Thalita Valente Machado, n\u00e3o falou com os jornalistas reunidos do lado de fora da cerim\u00f4nia, mas entregou uma carta com uma lista de pessoas e organiza\u00e7\u00f5es que ela gostaria de agradecer.<\/p>\n<p class=\"dist__Box-sc-1fnzlkn-0 dist__TextBase-sc-1fnzlkn-3 CGHCP htMUPQ article-text\">\u201cQueremos fazer um agradecimento muito especial ao seu companheiro de voo Humberto de Campos Alencar e Silva, que lutou junto com Danilo&#8221;, dizia a carta. \u201cTemos certeza de que eles fizeram todo o poss\u00edvel e que s\u00e3o her\u00f3is.\u201d<\/p>\n<p class=\"dist__Box-sc-1fnzlkn-0 dist__TextBase-sc-1fnzlkn-3 CGHCP htMUPQ article-text\">O enterro de Romano ocorreu ap\u00f3s um vel\u00f3rio em uma bas\u00edlica na manh\u00e3 de segunda-feira. Um dos her\u00f3is do piloto, o ex-goleiro da sele\u00e7\u00e3o brasileira de futebol e campe\u00e3o da Copa do Mundo Marcos, estava presente. Dois amigos de Romano disseram \u00e0 AP que durante a cerim\u00f4nia sua vi\u00fava de 30 anos disse repetidamente &#8220;perdi uma parte de mim&#8221;.<\/p>\n<p class=\"dist__Box-sc-1fnzlkn-0 dist__TextBase-sc-1fnzlkn-3 CGHCP htMUPQ article-text\">O corpo de Romano foi o primeiro a ser liberado pelo necrot\u00e9rio de S\u00e3o Paulo ap\u00f3s o acidente. O necrot\u00e9rio come\u00e7ou a receber os corpos na sexta-feira \u00e0 noite e pediu aos parentes das v\u00edtimas que trouxessem registros m\u00e9dicos, de raio-X e odontol\u00f3gicos para ajudar a identific\u00e1-los. At\u00e9 a noite de segunda-feira, os peritos forenses identificaram 17 corpos e devolveram oito aos parentes das v\u00edtimas, disse o governo do estado de S\u00e3o Paulo.<\/p>\n<p class=\"dist__Box-sc-1fnzlkn-0 dist__TextBase-sc-1fnzlkn-3 CGHCP htMUPQ article-text\">Enquanto isso, em Cascavel, cidade de onde partiu o voo condenado, mais de uma d\u00fazia de fam\u00edlias aguardam os restos mortais de seus entes queridos. O prefeito Leonaldo Paranhos disse em suas redes sociais que a cidade disponibilizar\u00e1 um centro de conven\u00e7\u00f5es caso algu\u00e9m deseje realizar um vel\u00f3rio coletivo no espa\u00e7o.<\/p>\n<p class=\"dist__Box-sc-1fnzlkn-0 dist__TextBase-sc-1fnzlkn-3 CGHCP htMUPQ article-text\">\u201cAinda estamos esperando informa\u00e7\u00f5es do necrot\u00e9rio de S\u00e3o Paulo, que continua trabalhando para identificar os corpos e se comunicar com as fam\u00edlias\u201d, disse Paranhos. \u201cA Voepass ser\u00e1 respons\u00e1vel por enviar os restos mortais aos seus destinos.\u201d<\/p>\n<p class=\"dist__Box-sc-1fnzlkn-0 dist__TextBase-sc-1fnzlkn-3 CGHCP htMUPQ article-text\">As autoridades recuperaram as duas \u201ccaixas pretas\u201d do avi\u00e3o \u2014 <a href=\"https:\/\/apnews.com\/article\/brazil-plane-crash-victims-families-sao-paolo-c92b1f4cb8fd27feaa073fd2553fcbcb\">um com dados de voo e o outro com \u00e1udio do cockpit<\/a> \u2014 que s\u00e3o essenciais para determinar o que exatamente deu errado. O centro de investiga\u00e7\u00e3o e preven\u00e7\u00e3o de acidentes a\u00e9reos da for\u00e7a a\u00e9rea come\u00e7ou a analis\u00e1-los em seu laborat\u00f3rio na capital do pa\u00eds, Bras\u00edlia, e disse que emitir\u00e1 um relat\u00f3rio preliminar em 30 dias. O ministro Costa Filho disse que o centro tamb\u00e9m estava abrindo uma investiga\u00e7\u00e3o criminal.<\/p>\n<p class=\"dist__Box-sc-1fnzlkn-0 dist__TextBase-sc-1fnzlkn-3 CGHCP htMUPQ article-text\">A Voepass e a fabricante franco-italiana de avi\u00f5es ATR est\u00e3o colaborando com as investiga\u00e7\u00f5es, disseram elas em declara\u00e7\u00f5es separadas.<\/p>\n<\/div>\n<p>Copyright 2024 The Associated Press. Todos os direitos reservados. Este material n\u00e3o pode ser publicado, transmitido, reescrito ou redistribu\u00eddo sem permiss\u00e3o.<\/p>\n<p><br \/>\n<br \/><a href=\"https:\/\/www.clickorlando.com\/news\/world\/2024\/08\/12\/burials-begin-for-victims-of-brazil-plane-crash-that-killed-62-as-questions-remain-about-its-cause\/\">Source link <\/a><\/p>","protected":false},"excerpt":{"rendered":"<p>S\u00c3O PAULO \u2013 O piloto do avi\u00e3o que caiu no Brasil na semana passada foi enterrado na segunda-feira em S\u00e3o Paulo, tornando-se a primeira pessoa a ser sepultada entre as&hellip;<\/p>","protected":false},"author":1,"featured_media":23170,"comment_status":"closed","ping_status":"open","sticky":false,"template":"","format":"standard","meta":{"content-type":"","footnotes":""},"categories":[1],"tags":[1419],"class_list":["post-23169","post","type-post","status-publish","format-standard","has-post-thumbnail","hentry","category-uncategorized","tag-noticias-do-mundo"],"_links":{"self":[{"href":"https:\/\/tvbrazilusa.com\/pt\/wp-json\/wp\/v2\/posts\/23169","targetHints":{"allow":["GET"]}}],"collection":[{"href":"https:\/\/tvbrazilusa.com\/pt\/wp-json\/wp\/v2\/posts"}],"about":[{"href":"https:\/\/tvbrazilusa.com\/pt\/wp-json\/wp\/v2\/types\/post"}],"author":[{"embeddable":true,"href":"https:\/\/tvbrazilusa.com\/pt\/wp-json\/wp\/v2\/users\/1"}],"replies":[{"embeddable":true,"href":"https:\/\/tvbrazilusa.com\/pt\/wp-json\/wp\/v2\/comments?post=23169"}],"version-history":[{"count":1,"href":"https:\/\/tvbrazilusa.com\/pt\/wp-json\/wp\/v2\/posts\/23169\/revisions"}],"predecessor-version":[{"id":23171,"href":"https:\/\/tvbrazilusa.com\/pt\/wp-json\/wp\/v2\/posts\/23169\/revisions\/23171"}],"wp:featuredmedia":[{"embeddable":true,"href":"https:\/\/tvbrazilusa.com\/pt\/wp-json\/wp\/v2\/media\/23170"}],"wp:attachment":[{"href":"https:\/\/tvbrazilusa.com\/pt\/wp-json\/wp\/v2\/media?parent=23169"}],"wp:term":[{"taxonomy":"category","embeddable":true,"href":"https:\/\/tvbrazilusa.com\/pt\/wp-json\/wp\/v2\/categories?post=23169"},{"taxonomy":"post_tag","embeddable":true,"href":"https:\/\/tvbrazilusa.com\/pt\/wp-json\/wp\/v2\/tags?post=23169"}],"curies":[{"name":"wp","href":"https:\/\/api.w.org\/{rel}","templated":true}]}}