{"id":23201,"date":"2024-08-13T00:45:47","date_gmt":"2024-08-13T00:45:47","guid":{"rendered":"https:\/\/tvbrazilusa.com\/2024\/08\/13\/moraes-determina-bloqueio-de-r-50-milhoes-de-marcos-do-val-paulo-figueiredo\/"},"modified":"2024-08-13T01:13:45","modified_gmt":"2024-08-13T01:13:45","slug":"moraes-determina-bloqueio-de-r-50-milhoes-de-marcos-do-val-paulo-figueiredo","status":"publish","type":"post","link":"https:\/\/tvbrazilusa.com\/pt\/2024\/08\/13\/moraes-determina-bloqueio-de-r-50-milhoes-de-marcos-do-val-paulo-figueiredo\/","title":{"rendered":"Moraes determina bloqueio de R$ 50 milh\u00f5es de Marcos do Val &#8211; Paulo Figueiredo"},"content":{"rendered":"<p> <script async src=\"https:\/\/pagead2.googlesyndication.com\/pagead\/js\/adsbygoogle.js?client=ca-pub-8864793242727901\"\r\n     crossorigin=\"anonymous\"><\/script><br \/>\n<\/p>\n<div id=\"wtr-content\" data-bg=\"#FFFFFF\" data-fg=\"#006d91\" data-width=\"25\" data-mute=\"1\" data-fgopacity=\"1.00\" data-mutedopacity=\"0.5\" data-placement=\"bottom\" data-placement-offset=\"0\" data-content-offset=\"262\" data-placement-touch=\"bottom\" data-placement-offset-touch=\"0\" data-transparent=\"\" data-shadow=\"0\" data-touch=\"1\" data-non-touch=\"1\" data-comments=\"0\" data-commentsbg=\"transparent\" data-location=\"page\" data-mutedfg=\"#006d91\" data-endfg=\"#006d91\" data-rtl=\"\">\n<pre class=\"wp-block-preformatted has-small-font-size\">foto: Geraldo Magela\/Ag\u00eancia Senado<\/pre>\n<h3 class=\"wp-block-heading\">O ministro tamb\u00e9m impediu novamente o acesso do senador \u00e0s suas redes sociais<\/h3>\n<p>O ministro do Supremo Tribunal Federal (<strong>STF<\/strong>) Alexandre de Moraes determinou, na \u00faltima quinta-feira, 8, o bloqueio de R$ 50 milh\u00f5es das contas pessoais do senador Marcos do Val (Podemos-ES). O parlamentar criticou o magistrado em seu perfil no Twitter\/X e afirmou que a quantia \u201cnunca existiu\u201d e \u201cn\u00e3o existe\u201d em suas contas banc\u00e1rias.<\/p>\n<p>Marcos do Val escreveu que havia \u201capenas mil reais\u201d em sua conta. <strong>Al\u00e9m disso, contou que tem como dependentes sua filha e \u201cdespesas vitais\u201d como o plano de sa\u00fade de sua m\u00e3e, que enfrenta um tratamento contra o c\u00e2ncer, segundo o senador.<\/strong><\/p>\n<p>\u201cEssa decis\u00e3o, al\u00e9m de inconstitucional, caracteriza-se como um verdadeiro abuso de autoridade, pois n\u00e3o houve qualquer comunica\u00e7\u00e3o pr\u00e9via ao Senado Federal ou ao seu presidente, Rodrigo Pacheco\u201d, acrescentou o congressista. \u201cN\u00e3o posso sequer comprar uma passagem para exercer o meu papel constitucional de representante do povo do Esp\u00edrito Santo.\u201d<\/p>\n<figure class=\"wp-block-embed is-type-rich is-provider-twitter wp-block-embed-twitter\">\n<div class=\"wp-block-embed__wrapper\">\n<blockquote class=\"twitter-tweet\" data-width=\"550\" data-dnt=\"true\">\n<p lang=\"pt\" dir=\"ltr\">**Excelent\u00edssimos Senhores Senadores e Senhoras Senadoras,**<\/p>\n<p>Venho a p\u00fablico expressar a gravidade da situa\u00e7\u00e3o que estamos enfrentando. O ministro Alexandre de Moraes, em uma decis\u00e3o que ultrapassa os limites do razo\u00e1vel e desrespeita frontalmente o artigo 53 da Constitui\u00e7\u00e3o\u2026 <a href=\"https:\/\/t.co\/tguXJ6HDTf\">pic.twitter.com\/tguXJ6HDTf<\/a><\/p>\n<p>\u2014 Marcos do Val (@marcosdoval) <a href=\"https:\/\/twitter.com\/marcosdoval\/status\/1823108825484013588?ref_src=twsrc%5Etfw\">August 12, 2024<\/a><\/p><\/blockquote>\n<\/div>\n<\/figure>\n<p><strong>Leia na \u00edntegra o post:<\/strong><\/p>\n<p>\u201c**Excelent\u00edssimos Senhores Senadores e Senhoras Senadoras,** Venho a p\u00fablico expressar a gravidade da situa\u00e7\u00e3o que estamos enfrentando. O ministro Alexandre de Moraes, em uma decis\u00e3o que ultrapassa os limites do razo\u00e1vel e desrespeita frontalmente o artigo 53 da Constitui\u00e7\u00e3o Federal, determinou o bloqueio de 50 milh\u00f5es de reais de minhas contas pessoais. \u00c9 fundamental destacar que tal quantia n\u00e3o existe e nunca existiu, sendo que havia apenas mil reais em minha conta, a qual, ainda assim, tenho como minhas dependentes como declarado no imposto de renda, minha filha e as despesas vitais, como o plano de sa\u00fade de minha m\u00e3e, que enfrenta um tratamento contra o c\u00e2ncer. Essa decis\u00e3o, al\u00e9m de inconstitucional, caracteriza-se como um verdadeiro abuso de autoridade, pois n\u00e3o houve qualquer comunica\u00e7\u00e3o pr\u00e9via ao Senado Federal ou ao seu presidente, Rodrigo Pacheco. O que estamos vivenciando \u00e9 uma flagrante contraven\u00e7\u00e3o e um desrespeito n\u00e3o apenas \u00e0 minha pessoa, mas a todo o Senado Federal, que est\u00e1 sendo desmoralizado diante de uma medida arbitr\u00e1ria, que fere o princ\u00edpio da dignidade humana e a pr\u00f3pria ess\u00eancia da imunidade parlamentar. O bloqueio da verba indenizat\u00f3ria, que \u00e9 fundamental para o exerc\u00edcio de minhas fun\u00e7\u00f5es como senador da Rep\u00fablica, me impede de realizar as atividades inerentes ao meu mandato, incluindo a locomo\u00e7\u00e3o para Bras\u00edlia e o pagamento das despesas de gabinete, tanto na capital federal quanto na minha base regional. N\u00e3o posso sequer comprar uma passagem para exercer o meu papel constitucional de representante do povo do Esp\u00edrito Santo. Essa decis\u00e3o, revestida de uma pena antecipada de car\u00e1ter perp\u00e9tuo, \u00e9 absolutamente desproporcional e inconstitucional. A imposi\u00e7\u00e3o de uma d\u00edvida de 50 milh\u00f5es de reais \u00e9 n\u00e3o apenas imposs\u00edvel de ser quitada, mas tamb\u00e9m representa uma afronta \u00e0 minha dignidade, n\u00e3o apenas como parlamentar, mas como ser humano. Nem em dez gera\u00e7\u00f5es seria poss\u00edvel pagar esse valor! Presidente Rodrigo Pacheco, o Senado Federal est\u00e1 sendo desmoralizado. Esta \u00e9 mais uma prova de que o Brasil n\u00e3o \u00e9 mais uma democracia plena, onde os poderes deveriam se respeitar mutuamente. As a\u00e7\u00f5es do ministro Alexandre de Moraes n\u00e3o apenas violam minha imunidade parlamentar, garantida pelo artigo 53 da Constitui\u00e7\u00e3o, mas tamb\u00e9m censuram minha atua\u00e7\u00e3o. Tudo o que publiquei tem documenta\u00e7\u00e3o comprobat\u00f3ria, e n\u00e3o posso aceitar que essas verdades sejam silenciadas por meio de medidas arbitr\u00e1rias. Diante deste cen\u00e1rio, solicito a imediata interven\u00e7\u00e3o da mesa do Senado Federal, bem como do presidente do Congresso Nacional, Rodrigo Pacheco. N\u00e3o se trata apenas da defesa de um senador, mas da prote\u00e7\u00e3o do pr\u00f3prio Estado Democr\u00e1tico de Direito e da preserva\u00e7\u00e3o das prerrogativas do Poder Legislativo. Estamos diante de uma situa\u00e7\u00e3o que requer uma resposta en\u00e9rgica e imediata, sob pena de sermos coniventes com o enfraquecimento das nossas institui\u00e7\u00f5es e da nossa democracia.\u201d<br \/>**Senador Marcos Do Val**<\/p>\n<p>O senador explicou que o bloqueio da verba indenizat\u00f3ria o impede de realizar atividades \u201cinerentes\u201d ao seu mandato, tais como a locomo\u00e7\u00e3o para Bras\u00edlia e o pagamento das despesas de gabinete, tanto na capital federal quanto em sua \u201cbase regional\u201d.<\/p>\n<h2 class=\"wp-block-heading\">Al\u00e9m das contas, Alexandre de Moraes bloqueou \u2014 novamente \u2014 as redes sociais de Marcos do Val<\/h2>\n<p>O senador tamb\u00e9m teve suas redes sociais bloqueadas. Marcos do Val descreveu a postura de Moraes como uma \u201cprova\u201d de que o Brasil \u201cn\u00e3o \u00e9 mais uma democracia plena\u201d.<\/p>\n<p>At\u00e9 as 21h20 desta segunda-feira, 12, o perfil de Marcos do Val no Twitter\/X permanecia ativo. A p\u00e1gina dele no Instagram, no entanto, consta fora do ar.<\/p>\n<div class=\"wp-block-image\">\n<figure class=\"aligncenter size-large is-resized\"><\/figure>\n<\/div>\n<p><strong>Em maio, Alexandre de Moraes devolveu o acesso das redes sociais de Marcos do Va<\/strong>l, depois de quase um ano de bloqueio.<\/p>\n<p><strong><a href=\"https:\/\/revistaoeste.com\/politica\/alexandre-moraes-determina-bloqueio-de-r-50-milhoes-de-marcos-do-val\/\">Source link<\/a><\/strong><\/p>\n<\/div>\n<p><script async src=\"\/\/platform.twitter.com\/widgets.js\" charset=\"utf-8\"><\/script><br \/>\n<br \/><br \/>\n<br \/><a href=\"https:\/\/paulofigueiredoshow.com\/moraes-determina-bloqueio-de-r-50-milhoes-de-marcos-do-val\/\">Source link <\/a><\/p>","protected":false},"excerpt":{"rendered":"<p>foto: Geraldo Magela\/Ag\u00eancia Senado O ministro tamb\u00e9m impediu novamente o acesso do senador \u00e0s suas redes sociais O ministro do Supremo Tribunal Federal (STF) Alexandre de Moraes determinou, na \u00faltima&hellip;<\/p>","protected":false},"author":1,"featured_media":23202,"comment_status":"closed","ping_status":"open","sticky":false,"template":"","format":"standard","meta":{"content-type":"","footnotes":""},"categories":[16],"tags":[10995,4890,10996,425,458,871,10997],"class_list":["post-23201","post","type-post","status-publish","format-standard","has-post-thumbnail","hentry","category-noticias","tag-50-milhoes","tag-bloqueio","tag-es","tag-moraes","tag-senador","tag-stf","tag-suspensao"],"_links":{"self":[{"href":"https:\/\/tvbrazilusa.com\/pt\/wp-json\/wp\/v2\/posts\/23201","targetHints":{"allow":["GET"]}}],"collection":[{"href":"https:\/\/tvbrazilusa.com\/pt\/wp-json\/wp\/v2\/posts"}],"about":[{"href":"https:\/\/tvbrazilusa.com\/pt\/wp-json\/wp\/v2\/types\/post"}],"author":[{"embeddable":true,"href":"https:\/\/tvbrazilusa.com\/pt\/wp-json\/wp\/v2\/users\/1"}],"replies":[{"embeddable":true,"href":"https:\/\/tvbrazilusa.com\/pt\/wp-json\/wp\/v2\/comments?post=23201"}],"version-history":[{"count":1,"href":"https:\/\/tvbrazilusa.com\/pt\/wp-json\/wp\/v2\/posts\/23201\/revisions"}],"predecessor-version":[{"id":23203,"href":"https:\/\/tvbrazilusa.com\/pt\/wp-json\/wp\/v2\/posts\/23201\/revisions\/23203"}],"wp:featuredmedia":[{"embeddable":true,"href":"https:\/\/tvbrazilusa.com\/pt\/wp-json\/wp\/v2\/media\/23202"}],"wp:attachment":[{"href":"https:\/\/tvbrazilusa.com\/pt\/wp-json\/wp\/v2\/media?parent=23201"}],"wp:term":[{"taxonomy":"category","embeddable":true,"href":"https:\/\/tvbrazilusa.com\/pt\/wp-json\/wp\/v2\/categories?post=23201"},{"taxonomy":"post_tag","embeddable":true,"href":"https:\/\/tvbrazilusa.com\/pt\/wp-json\/wp\/v2\/tags?post=23201"}],"curies":[{"name":"wp","href":"https:\/\/api.w.org\/{rel}","templated":true}]}}