{"id":23277,"date":"2024-08-13T02:57:48","date_gmt":"2024-08-13T02:57:48","guid":{"rendered":"https:\/\/tvbrazilusa.com\/2024\/08\/13\/ciclista-e-atropelado-e-decapitado-em-cruzamento-movimentado-de-nj-dizem-autoridades\/"},"modified":"2024-08-13T03:11:59","modified_gmt":"2024-08-13T03:11:59","slug":"ciclista-e-atropelado-e-decapitado-em-cruzamento-movimentado-de-nj-dizem-autoridades","status":"publish","type":"post","link":"https:\/\/tvbrazilusa.com\/pt\/2024\/08\/13\/ciclista-e-atropelado-e-decapitado-em-cruzamento-movimentado-de-nj-dizem-autoridades\/","title":{"rendered":"Ciclista \u00e9 atropelado e decapitado em cruzamento movimentado de NJ, dizem autoridades"},"content":{"rendered":"<script async src=\"https:\/\/pagead2.googlesyndication.com\/pagead\/js\/adsbygoogle.js?client=ca-pub-8864793242727901\"\r\n     crossorigin=\"anonymous\"><\/script>\n<div>\n<p class=\"article__paragraph article__paragraph--left\" id=\"4XWEKTOZCNBB7CZVPCWGZGBZ5Y\">Um ciclista foi decapitado na noite de domingo quando foi atropelado por um carro enquanto cruzava um movimentado cruzamento em North Jersey, disseram autoridades. <\/p>\n<p class=\"article__paragraph article__paragraph--left\" id=\"P2EBISXOQ5CNNG77DZAREGWDYQ\">O homem de 35 anos entrou em uma faixa de pedestres no cruzamento da North Avenue com a Spring Street em Elizabeth, disse a porta-voz da cidade Ruby Contreras. Ele foi ent\u00e3o atingido por um carro que havia desrespeitado o sinal vermelho, disseram as autoridades. <\/p>\n<p class=\"article__paragraph article__paragraph--left\" id=\"GB3C5ZDWXNH4HOWZARNPXDY2XA\">Spring Street \u00e9 a estrada de servi\u00e7o que corre ao longo das Rotas 1 e 9, ao sul das sa\u00eddas do Aeroporto Internacional Newark Liberty. <\/p>\n<p class=\"article__paragraph article__paragraph--left\" id=\"KCKIGGXAQRCQXMLB5HCSKOOMW4\">O motorista, que foi identificado pela pol\u00edcia apenas como um rapaz de 20 anos, permaneceu no local e cooperou com a pol\u00edcia. N\u00e3o estava claro at\u00e9 a noite de segunda-feira se a pessoa est\u00e1 enfrentando acusa\u00e7\u00f5es. <\/p>\n<p class=\"article__paragraph article__paragraph--left\" id=\"X2RTQL2HLZFPLPTO5LK65JGUB4\">A identidade da v\u00edtima ser\u00e1 mantida em sigilo at\u00e9 que os parentes mais pr\u00f3ximos sejam notificados. <\/p>\n<section class=\"Stories-By-Author-module_wrapper__ezbcK Stories-By-Author-module_nj__Ap1-Y\"\/>\n<p class=\"article__paragraph article__paragraph--left\" id=\"374XIF42AVCOLPUN5MIK2LYHYQ\"><i>Nosso jornalismo precisa do seu apoio. Por favor, assine hoje mesmo <\/i><a href=\"https:\/\/www.nj.com\/\"><i>NJ.com<\/i><\/a><i>.<\/i><\/p>\n<p class=\"article__paragraph article__paragraph--left\" id=\"7O7U7QXIIVGWDK4TYOWLFNJ2B4\"><i>Nicolas Fernandes pode ser contatado em <\/i><a href=\"https:\/\/www.nj.com\/union\/2024\/08\/mailto:nfernandes@njadvancemedia.com\"><i>nfernandes@njadvancemedia.com<\/i><\/a><i>.<\/i><\/p>\n<\/div>\n<p><br \/>\n<br \/><a href=\"https:\/\/www.nj.com\/union\/2024\/08\/cyclist-struck-decapitated-at-busy-nj-intersection-officials-say.html\">Source link <\/a><\/p>","protected":false},"excerpt":{"rendered":"<p>Um ciclista foi decapitado na noite de domingo quando foi atropelado por um carro enquanto cruzava um movimentado cruzamento em North Jersey, disseram autoridades. O homem de 35 anos entrou&hellip;<\/p>","protected":false},"author":1,"featured_media":23278,"comment_status":"closed","ping_status":"open","sticky":false,"template":"","format":"standard","meta":{"content-type":"","footnotes":""},"categories":[1],"tags":[],"class_list":["post-23277","post","type-post","status-publish","format-standard","has-post-thumbnail","hentry","category-uncategorized"],"_links":{"self":[{"href":"https:\/\/tvbrazilusa.com\/pt\/wp-json\/wp\/v2\/posts\/23277","targetHints":{"allow":["GET"]}}],"collection":[{"href":"https:\/\/tvbrazilusa.com\/pt\/wp-json\/wp\/v2\/posts"}],"about":[{"href":"https:\/\/tvbrazilusa.com\/pt\/wp-json\/wp\/v2\/types\/post"}],"author":[{"embeddable":true,"href":"https:\/\/tvbrazilusa.com\/pt\/wp-json\/wp\/v2\/users\/1"}],"replies":[{"embeddable":true,"href":"https:\/\/tvbrazilusa.com\/pt\/wp-json\/wp\/v2\/comments?post=23277"}],"version-history":[{"count":1,"href":"https:\/\/tvbrazilusa.com\/pt\/wp-json\/wp\/v2\/posts\/23277\/revisions"}],"predecessor-version":[{"id":23279,"href":"https:\/\/tvbrazilusa.com\/pt\/wp-json\/wp\/v2\/posts\/23277\/revisions\/23279"}],"wp:featuredmedia":[{"embeddable":true,"href":"https:\/\/tvbrazilusa.com\/pt\/wp-json\/wp\/v2\/media\/23278"}],"wp:attachment":[{"href":"https:\/\/tvbrazilusa.com\/pt\/wp-json\/wp\/v2\/media?parent=23277"}],"wp:term":[{"taxonomy":"category","embeddable":true,"href":"https:\/\/tvbrazilusa.com\/pt\/wp-json\/wp\/v2\/categories?post=23277"},{"taxonomy":"post_tag","embeddable":true,"href":"https:\/\/tvbrazilusa.com\/pt\/wp-json\/wp\/v2\/tags?post=23277"}],"curies":[{"name":"wp","href":"https:\/\/api.w.org\/{rel}","templated":true}]}}