{"id":23366,"date":"2024-08-13T09:56:40","date_gmt":"2024-08-13T09:56:40","guid":{"rendered":"https:\/\/tvbrazilusa.com\/2024\/08\/13\/agora-moraes-ordena-bloqueio-de-r-50-milhoes-de-marcos-do-val-entenda-o-caso\/"},"modified":"2024-08-13T09:56:48","modified_gmt":"2024-08-13T09:56:48","slug":"agora-moraes-ordena-bloqueio-de-r-50-milhoes-de-marcos-do-val-entenda-o-caso","status":"publish","type":"post","link":"https:\/\/tvbrazilusa.com\/pt\/2024\/08\/13\/agora-moraes-ordena-bloqueio-de-r-50-milhoes-de-marcos-do-val-entenda-o-caso\/","title":{"rendered":"AGORA: Moraes ordena bloqueio de R$ 50 milh\u00f5es de Marcos do Val; entenda o caso"},"content":{"rendered":"<p> <script async src=\"https:\/\/pagead2.googlesyndication.com\/pagead\/js\/adsbygoogle.js?client=ca-pub-8864793242727901\"\r\n     crossorigin=\"anonymous\"><\/script><br \/>\n<\/p>\n<div>\n<p>O ministro do Supremo Tribunal Federal (STF), Alexandre de Moraes, determinou na quinta-feira, 8 de agosto de 2024, o bloqueio de R$ 50 milh\u00f5es das contas pessoais do senador Marcos do Val (Podemos-ES). O parlamentar reagiu em suas redes sociais, afirmando que tal valor \u201cnunca existiu\u201d em suas contas banc\u00e1rias.<\/p>\n<p>Nas palavras do senador, havia \u201capenas mil reais\u201d em sua conta. Ele destacou ainda que \u00e9 respons\u00e1vel por sua filha e arca com despesas essenciais como o plano de sa\u00fade de sua m\u00e3e, que enfrenta um tratamento contra o c\u00e2ncer.<\/p>\n<h2 class=\"wp-block-heading\">Decis\u00e3o do STF: Bloqueio de R$ 50 Milh\u00f5es nas Contas de Marcos do Val<\/h2>\n<blockquote class=\"twitter-tweet\">\n<p lang=\"pt\" dir=\"ltr\">**Excelent\u00edssimos Senhores Senadores e Senhoras Senadoras,**<\/p>\n<p>Venho a p\u00fablico expressar a gravidade da situa\u00e7\u00e3o que estamos enfrentando. O ministro Alexandre de Moraes, em uma decis\u00e3o que ultrapassa os limites do razo\u00e1vel e desrespeita frontalmente o artigo 53 da Constitui\u00e7\u00e3o\u2026 <a href=\"https:\/\/t.co\/tguXJ6HDTf\">pic.twitter.com\/tguXJ6HDTf<\/a><\/p>\n<p>\u2014 Marcos do Val (@marcosdoval) <a href=\"https:\/\/twitter.com\/marcosdoval\/status\/1823108825484013588?ref_src=twsrc%5Etfw\">August 12, 2024<\/a><\/p><\/blockquote>\n<p>Na postagem, Marcos do Val n\u00e3o poupou cr\u00edticas ao magistrado, chamando Alexandre de Moraes de \u201co brasileiro mais perverso da hist\u00f3ria\u201d. Al\u00e9m disso, o senador considerou a decis\u00e3o como um \u201cabuso de autoridade\u201d e \u201cinconstitucional\u201d, destacando a falta de comunica\u00e7\u00e3o pr\u00e9via ao Senado Federal ou ao seu presidente, Rodrigo Pacheco.<\/p>\n<p>Segundo o senador, a medida impede a realiza\u00e7\u00e3o de atividades inerentes ao seu mandato, afetando sua capacidade de locomo\u00e7\u00e3o para Bras\u00edlia e de arcar com despesas de gabinete. Ele afirmou que a imposi\u00e7\u00e3o de uma d\u00edvida desse montante representa uma afronta \u00e0 sua dignidade como parlamentar e cidad\u00e3o.<\/p>\n<h2 class=\"wp-block-heading\">Quais as Implica\u00e7\u00f5es para Marcos do Val?<\/h2>\n<p>Al\u00e9m do bloqueio financeiro, o senador tamb\u00e9m teve suas redes sociais novamente bloqueadas por Alexandre de Moraes. Segundo Marcos do Val, essas a\u00e7\u00f5es ferem sua imunidade parlamentar e censuram sua atua\u00e7\u00e3o pol\u00edtica. \u201cIsso prova que o Brasil n\u00e3o \u00e9 mais uma democracia plena\u201d, afirmou.<\/p>\n<p>At\u00e9 as 21h20 da segunda-feira, 12 de agosto, as redes sociais do senador, como o perfil no Twitter\/X, permaneciam ativos, mas sua p\u00e1gina no Instagram estava fora do ar. Marcos do Val solicitou a interven\u00e7\u00e3o do Senado Federal e do presidente do Congresso Nacional diante deste cen\u00e1rio.<\/p>\n<h2 class=\"wp-block-heading\">Por que Marcos do Val \u00e9 Alvo de Alexandre de Moraes?<\/h2>\n<p>Essa n\u00e3o \u00e9 a primeira vez que o senador enfrenta a\u00e7\u00f5es judiciais e bloqueios. Em maio de 2024, Alexandre de Moraes havia devolvido o acesso \u00e0s redes sociais de Marcos do Val ap\u00f3s um bloqueio que durou quase um ano. O parlamentar sempre se posicionou de maneira cr\u00edtica ao STF e a alguns de seus membros.<\/p>\n<p>Nas redes sociais, ele v\u00eam ganhando apoio de seguidores que tamb\u00e9m criticam o que consideram uma \u201ccensura\u201d e \u201cviola\u00e7\u00e3o de direitos constitucionais\u201d por parte do judici\u00e1rio. Henrique, um estudante de direito de 23 anos, comentou: \u201c\u00c9 preocupante ver um parlamentar sendo cerceado dessa forma, precisamos repensar o papel do STF nas nossas vidas\u201d.<\/p>\n<\/p><\/div>\n<p><script async src=\"\/\/platform.twitter.com\/widgets.js\" charset=\"utf-8\"><\/script><br \/>\n<br \/><br \/>\n<br \/><a href=\"https:\/\/terrabrasilnoticias.com\/2024\/08\/moraes-ordena-bloqueio-de-r-50-milhoes-de-marcos-do-val-entenda-o-caso\/\">Source link <\/a><\/p>","protected":false},"excerpt":{"rendered":"<p>O ministro do Supremo Tribunal Federal (STF), Alexandre de Moraes, determinou na quinta-feira, 8 de agosto de 2024, o bloqueio de R$ 50 milh\u00f5es das contas pessoais do senador Marcos&hellip;<\/p>","protected":false},"author":1,"featured_media":23367,"comment_status":"closed","ping_status":"open","sticky":false,"template":"","format":"standard","meta":{"content-type":"","footnotes":""},"categories":[16],"tags":[],"class_list":["post-23366","post","type-post","status-publish","format-standard","has-post-thumbnail","hentry","category-noticias"],"_links":{"self":[{"href":"https:\/\/tvbrazilusa.com\/pt\/wp-json\/wp\/v2\/posts\/23366","targetHints":{"allow":["GET"]}}],"collection":[{"href":"https:\/\/tvbrazilusa.com\/pt\/wp-json\/wp\/v2\/posts"}],"about":[{"href":"https:\/\/tvbrazilusa.com\/pt\/wp-json\/wp\/v2\/types\/post"}],"author":[{"embeddable":true,"href":"https:\/\/tvbrazilusa.com\/pt\/wp-json\/wp\/v2\/users\/1"}],"replies":[{"embeddable":true,"href":"https:\/\/tvbrazilusa.com\/pt\/wp-json\/wp\/v2\/comments?post=23366"}],"version-history":[{"count":1,"href":"https:\/\/tvbrazilusa.com\/pt\/wp-json\/wp\/v2\/posts\/23366\/revisions"}],"predecessor-version":[{"id":23368,"href":"https:\/\/tvbrazilusa.com\/pt\/wp-json\/wp\/v2\/posts\/23366\/revisions\/23368"}],"wp:featuredmedia":[{"embeddable":true,"href":"https:\/\/tvbrazilusa.com\/pt\/wp-json\/wp\/v2\/media\/23367"}],"wp:attachment":[{"href":"https:\/\/tvbrazilusa.com\/pt\/wp-json\/wp\/v2\/media?parent=23366"}],"wp:term":[{"taxonomy":"category","embeddable":true,"href":"https:\/\/tvbrazilusa.com\/pt\/wp-json\/wp\/v2\/categories?post=23366"},{"taxonomy":"post_tag","embeddable":true,"href":"https:\/\/tvbrazilusa.com\/pt\/wp-json\/wp\/v2\/tags?post=23366"}],"curies":[{"name":"wp","href":"https:\/\/api.w.org\/{rel}","templated":true}]}}