{"id":23372,"date":"2024-08-13T09:58:59","date_gmt":"2024-08-13T09:58:59","guid":{"rendered":"https:\/\/tvbrazilusa.com\/2024\/08\/13\/evacuacoes-ordenadas-perto-de-atenas-enquanto-autoridades-gregas-tentam-conter-incendios-florestais-wsvn-7news-noticias-de-miami-clima-esportes-fort-lauderdale-2\/"},"modified":"2024-08-13T10:00:53","modified_gmt":"2024-08-13T10:00:53","slug":"evacuacoes-ordenadas-perto-de-atenas-enquanto-autoridades-gregas-tentam-conter-incendios-florestais-wsvn-7news-noticias-de-miami-clima-esportes-fort-lauderdale-2","status":"publish","type":"post","link":"https:\/\/tvbrazilusa.com\/pt\/2024\/08\/13\/evacuacoes-ordenadas-perto-de-atenas-enquanto-autoridades-gregas-tentam-conter-incendios-florestais-wsvn-7news-noticias-de-miami-clima-esportes-fort-lauderdale-2\/","title":{"rendered":"Evacua\u00e7\u00f5es ordenadas perto de Atenas enquanto autoridades gregas tentam conter inc\u00eandios florestais &#8211; WSVN 7News | Not\u00edcias de Miami, Clima, Esportes | Fort Lauderdale"},"content":{"rendered":"<p> <script async src=\"https:\/\/pagead2.googlesyndication.com\/pagead\/js\/adsbygoogle.js?client=ca-pub-8864793242727901\"\r\n     crossorigin=\"anonymous\"><\/script><br \/>\n<\/p>\n<div itemprop=\"articleBody\">\n<p><strong>(CNN) \u2014 <\/strong>Um inc\u00eandio florestal mortal e de r\u00e1pida propaga\u00e7\u00e3o atingiu v\u00e1rios bairros pr\u00f3ximos \u00e0 capital grega, Atenas, na segunda-feira, desencadeando um esfor\u00e7o de resgate multifacetado coordenado com aliados europeus.<\/p>\n<p>Equipes de emerg\u00eancia estavam extinguindo focos menores em meio a uma situa\u00e7\u00e3o &#8220;melhorando&#8221;, informou o servi\u00e7o nacional de bombeiros na ter\u00e7a-feira, depois que o inc\u00eandio principal come\u00e7ou na tarde de domingo perto da cidade de Varnavas, ao norte de Atenas.<\/p>\n<p>Pelo menos uma pessoa morreu depois que um corpo queimado foi encontrado dentro de um pr\u00e9dio em Chalandri, cerca de 8 quil\u00f4metros (5 milhas) a nordeste da capital, informou a ERT.<\/p>\n<p>Mais de 700 bombeiros, 199 ve\u00edculos e 35 aeronaves de bombardeio de \u00e1gua foram mobilizados, de acordo com a emissora p\u00fablica grega ERT e a afiliada CNN Gr\u00e9cia. Pelo menos seis pa\u00edses na regi\u00e3o refor\u00e7aram as opera\u00e7\u00f5es de resgate, incluindo Fran\u00e7a, It\u00e1lia, Rep\u00fablica Tcheca, S\u00e9rvia, Rom\u00eania e Turquia, de acordo com autoridades do corpo de bombeiros.<\/p>\n<p>Novas ordens de evacua\u00e7\u00e3o foram emitidas na manh\u00e3 de ter\u00e7a-feira para moradores de pelo menos uma \u00e1rea perto da capital, de acordo com a ERT e a CNN Gr\u00e9cia.<\/p>\n<p>A escala e a rapidez do inc\u00eandio florestal \u2014 que queimou 400 quil\u00f4metros quadrados \u2014 foram agravadas por ventos fortes, seca prolongada e floresta densa e impenetr\u00e1vel, n\u00e3o queimada, disse o ministro da crise clim\u00e1tica e da prote\u00e7\u00e3o civil, Vassilis Kikilias.<\/p>\n<p>Inc\u00eandios podiam ser vistos ocorrendo perto de casas na TV grega. Alguns quintais estavam queimando. Nem todos os moradores deixaram as \u00e1reas afetadas, em vez disso, ficaram para tr\u00e1s em um esfor\u00e7o para salvar suas casas.<\/p>\n<p>As autoridades alertaram na segunda-feira que o inc\u00eandio florestal estava se alastrando em dire\u00e7\u00e3o a Penteli, cerca de 16 quil\u00f4metros (cerca de 10 milhas) a nordeste de Atenas, com \u201cgrande impulso\u201d. A \u00e1rea fica no sop\u00e9 do Monte Penteli, que \u00e9 cercado por faixas de terreno arborizado, de acordo com <a href=\"https:\/\/www.reuters.com\/world\/europe\/greek-wildfire-rages-near-athens-towns-hospitals-evacuated-2024-08-12\/\" target=\"_blank\" rel=\"noreferrer noopener\">para a Reuters<\/a>.<\/p>\n<p>Os inc\u00eandios florestais tamb\u00e9m amea\u00e7aram as instala\u00e7\u00f5es do Observat\u00f3rio Nacional de Atenas \u2013 um instituto fundado em 1842 \u2013 disse Theodore Giannaros, um pesquisador, no Facebook.<\/p>\n<p>Embora inc\u00eandios florestais sejam comuns nos ver\u00f5es gregos, cientistas do clima dizem que o clima excepcionalmente quente e seco, ligado ao aquecimento global, torna os inc\u00eandios mais violentos e comuns. Autoridades gregas j\u00e1 lutaram contra dezenas de inc\u00eandios neste ver\u00e3o, ap\u00f3s suportarem os meses de junho e julho mais quentes j\u00e1 registrados.<\/p>\n<h2 class=\"wp-block-heading\">&#8220;Voc\u00ea n\u00e3o conseguia respirar&#8221;<\/h2>\n<p>Moradores da Gr\u00e9cia descreveram cenas aterrorizantes de animais lutando para escapar dos turbulentos inc\u00eandios florestais, enquanto autoridades pediam aos aliados europeus que apoiassem os esfor\u00e7os de resgate.<\/p>\n<p>Uma moradora disse que a vis\u00e3o das chamas em sua floresta local \u201cmachuca\u201d, de acordo com a Reuters. \u201cN\u00f3s crescemos nesta floresta. Sentimos muita tristeza e raiva\u201d, disse Marina Kalogerakou, 24.<\/p>\n<p>\u201cEstamos \u00e0 merc\u00ea de Deus\u201d, disse Dimitris, um morador local que n\u00e3o deu seu sobrenome, \u00e0 TV grega. O criador estava preocupado com o destino de suas 100 cabras e cinco c\u00e3es. \u201cEu podia ouvi-los morrendo\u201d, disse ele, acrescentando que ele e seu filho estavam tentando apagar os inc\u00eandios usando baldes.<\/p>\n<p>\u201cAs coisas est\u00e3o muito dif\u00edceis e h\u00e1 um ressurgimento constante, com chuva de cinzas\u201d, disse um bombeiro visivelmente exausto \u00e0 TV grega.<\/p>\n<p>Outro morador bateu o carro em um pinheiro enquanto tentava escapar do inc\u00eandio, informou a Reuters. \u201cEu n\u00e3o conseguia enxergar\u201d, disse Pantelis Kyriazis, apontando para seu cotovelo sangrando.<\/p>\n<p>Mais ao sul, na \u00e1rea de Dioni, um morador enfrentou nuvens de fuma\u00e7a \u201csufocantes\u201d, enquanto encharcava sua casa com \u00e1gua, segundo <a href=\"https:\/\/apnews.com\/article\/greece-athens-wildfire-4d6a07dc7e0fa61d2e1bb2d6549f8974\" target=\"_blank\" rel=\"noreferrer noopener\">a Associated Press<\/a>.<\/p>\n<p>\u201cO vento ia em uma dire\u00e7\u00e3o e depois na outra. A fuma\u00e7a era sufocante. Voc\u00ea n\u00e3o conseguia enxergar. Seus olhos lacrimejavam. Voc\u00ea n\u00e3o conseguia respirar\u201d, disse Spyros Gorilas.<\/p>\n<p>As autoridades tamb\u00e9m disseram que casas foram danificadas, sem especificar quantas.<\/p>\n<p>Desde domingo, os profissionais de sa\u00fade e emerg\u00eancia trataram 13 cidad\u00e3os e dois bombeiros com queimaduras e ferimentos respirat\u00f3rios, disseram os bombeiros. Tr\u00eas hospitais na regi\u00e3o de Attica estavam em alerta m\u00e1ximo. Duas d\u00fazias de crian\u00e7as foram evacuadas de um hospital em Penteli, de acordo com o ministro da sa\u00fade, Adonis Georgiadis.<\/p>\n<p>Enquanto isso, moradores pr\u00f3ximos \u00e0 capital Atenas foram solicitados a evacuar suas casas na segunda-feira.<\/p>\n<p>O governo grego pediu na segunda-feira \u00e0 Uni\u00e3o Europeia que refor\u00e7asse as opera\u00e7\u00f5es a\u00e9reas e terrestres. Fran\u00e7a, It\u00e1lia, Rep\u00fablica Tcheca, Espanha e Turquia teriam respondido aos pedidos de assist\u00eancia.<\/p>\n<p>Equipes na Fran\u00e7a est\u00e3o lutando contra o pr\u00f3prio inc\u00eandio depois que um inc\u00eandio no sudoeste de Lot-et-Garonne devastou 44 hectares de floresta, de acordo com a emissora francesa France 3. Mais de 150 bombeiros foram mobilizados na segunda-feira.<\/p>\n<p>O inc\u00eandio florestal levantou temores de que a Gr\u00e9cia possa estar caminhando para uma repeti\u00e7\u00e3o do ver\u00e3o passado, quando as chamas devastaram diversas regi\u00f5es e ilhas, incluindo seu parque nacional densamente florestado, conhecido como &#8220;pulm\u00e3o de Atenas&#8221;.<\/p>\n<p>A CNN tem <a href=\"https:\/\/cnn.com\/2024\/06\/19\/climate\/extreme-heat-brain-greece-tourists\/index.html\" target=\"_blank\" rel=\"noreferrer noopener\">relatado<\/a> que um pico recente no n\u00famero de pessoas desaparecidas na Gr\u00e9cia pode estar ligado ao calor extremo no pa\u00eds. Em junho, v\u00e1rios turistas desapareceram ap\u00f3s sa\u00edrem para uma caminhada e mais tarde foram encontrados mortos em v\u00e1rios locais do pa\u00eds. As autoridades alertaram as pessoas para n\u00e3o subestimarem os impactos das temperaturas escaldantes.<\/p>\n<p><em>The-CNN-Wire\u2122 &#038; \u00a9 2024 Cable News Network, Inc., uma empresa Time Warner. Todos os direitos reservados.<\/em><\/p>\n<div class=\"wp-block-newsletter\">\n\t<strong class=\"wp-block-newsletter__title\">Inscreva-se em nossa Newsletter para receber as \u00faltimas not\u00edcias diretamente na sua caixa de entrada<\/strong><\/p>\n<\/div><\/div>\n<p><br \/>\n<br \/><a href=\"https:\/\/wsvn.com\/uncategorized\/evacuations-ordered-near-athens-as-greek-authorities-try-to-contain-wildfires-2\/\">Source link <\/a><\/p>","protected":false},"excerpt":{"rendered":"<p>(CNN) \u2014 Um inc\u00eandio florestal mortal e de r\u00e1pida propaga\u00e7\u00e3o atingiu v\u00e1rios bairros pr\u00f3ximos \u00e0 capital grega, Atenas, na segunda-feira, desencadeando um esfor\u00e7o de resgate multifacetado coordenado com aliados europeus.&hellip;<\/p>","protected":false},"author":1,"featured_media":23373,"comment_status":"closed","ping_status":"open","sticky":false,"template":"","format":"standard","meta":{"content-type":"","footnotes":""},"categories":[1],"tags":[],"class_list":["post-23372","post","type-post","status-publish","format-standard","has-post-thumbnail","hentry","category-uncategorized"],"_links":{"self":[{"href":"https:\/\/tvbrazilusa.com\/pt\/wp-json\/wp\/v2\/posts\/23372","targetHints":{"allow":["GET"]}}],"collection":[{"href":"https:\/\/tvbrazilusa.com\/pt\/wp-json\/wp\/v2\/posts"}],"about":[{"href":"https:\/\/tvbrazilusa.com\/pt\/wp-json\/wp\/v2\/types\/post"}],"author":[{"embeddable":true,"href":"https:\/\/tvbrazilusa.com\/pt\/wp-json\/wp\/v2\/users\/1"}],"replies":[{"embeddable":true,"href":"https:\/\/tvbrazilusa.com\/pt\/wp-json\/wp\/v2\/comments?post=23372"}],"version-history":[{"count":1,"href":"https:\/\/tvbrazilusa.com\/pt\/wp-json\/wp\/v2\/posts\/23372\/revisions"}],"predecessor-version":[{"id":23374,"href":"https:\/\/tvbrazilusa.com\/pt\/wp-json\/wp\/v2\/posts\/23372\/revisions\/23374"}],"wp:featuredmedia":[{"embeddable":true,"href":"https:\/\/tvbrazilusa.com\/pt\/wp-json\/wp\/v2\/media\/23373"}],"wp:attachment":[{"href":"https:\/\/tvbrazilusa.com\/pt\/wp-json\/wp\/v2\/media?parent=23372"}],"wp:term":[{"taxonomy":"category","embeddable":true,"href":"https:\/\/tvbrazilusa.com\/pt\/wp-json\/wp\/v2\/categories?post=23372"},{"taxonomy":"post_tag","embeddable":true,"href":"https:\/\/tvbrazilusa.com\/pt\/wp-json\/wp\/v2\/tags?post=23372"}],"curies":[{"name":"wp","href":"https:\/\/api.w.org\/{rel}","templated":true}]}}