{"id":23378,"date":"2024-08-13T10:04:08","date_gmt":"2024-08-13T10:04:08","guid":{"rendered":"https:\/\/tvbrazilusa.com\/2024\/08\/13\/fenomeno-atinge-a-terra-e-rede-eletrica-e-satelites-podem-ser-afetados\/"},"modified":"2024-08-13T10:09:30","modified_gmt":"2024-08-13T10:09:30","slug":"fenomeno-atinge-a-terra-e-rede-eletrica-e-satelites-podem-ser-afetados","status":"publish","type":"post","link":"https:\/\/tvbrazilusa.com\/pt\/2024\/08\/13\/fenomeno-atinge-a-terra-e-rede-eletrica-e-satelites-podem-ser-afetados\/","title":{"rendered":"Fen\u00f4meno atinge a Terra e rede el\u00e9trica e sat\u00e9lites podem ser afetados"},"content":{"rendered":"<p> <script async src=\"https:\/\/pagead2.googlesyndication.com\/pagead\/js\/adsbygoogle.js?client=ca-pub-8864793242727901\"\r\n     crossorigin=\"anonymous\"><\/script><br \/>\n<\/p>\n<div>\n<p>Nesta segunda-feira, 12 de mar\u00e7o de 2024, a Terra foi atingida por uma <strong>severa tempestade solar<\/strong>, anunciada pela Administra\u00e7\u00e3o Nacional Oce\u00e2nica e Atmosf\u00e9rica dos Estados Unidos (NOAA). O fen\u00f4meno pode provocar auroras boreais vis\u00edveis em regi\u00f5es mais ao sul do que o habitual. A tempestade foi classificada como de n\u00edvel quatro em uma escala de cinco, a partir das 12h de Bras\u00edlia.<\/p>\n<p>Essas altera\u00e7\u00f5es geomagn\u00e9ticas podem persistir por diversas horas, mas n\u00e3o se espera que aumentem de intensidade, conforme comunicado emitido pela ag\u00eancia americana. O NOAA explica que a severidade da tempestade pode fazer com que auroras sejam vistas at\u00e9 em estados do sul dos EUA, como Alabama e norte da Calif\u00f3rnia.<\/p>\n<h2 class=\"wp-block-heading\">O que Causa uma Tempestade Solar Severa?<\/h2>\n<p>A atual <strong>tempestade solar<\/strong> \u00e9 causada por eje\u00e7\u00f5es de massa coronal (CME), fen\u00f4meno que envolve explos\u00f5es de part\u00edculas emanadas do Sol e que, ao chegarem \u00e0 Terra, perturbam seu campo magn\u00e9tico. Esse tipo de evento se torna mais frequente nos per\u00edodos em que o Sol est\u00e1 pr\u00f3ximo ao seu pico de atividade em seu ciclo de 11 anos.<\/p>\n<h2 class=\"wp-block-heading\">Como as Tempestades Solares Afetam a Terra?<\/h2>\n<p>Embora as auroras proporcionem um espet\u00e1culo visual impressionante, as tempestades solares podem desencadear uma s\u00e9rie de problemas indesejados. Entre os principais efeitos, destacam-se:<\/p>\n<ul class=\"wp-block-list\">\n<li><strong>Altera\u00e7\u00f5es nas comunica\u00e7\u00f5es de alta frequ\u00eancia<\/strong>, afetando sistemas de r\u00e1dio e navega\u00e7\u00e3o.<\/li>\n<li><strong>Perturba\u00e7\u00f5es em sat\u00e9lites<\/strong>, que podem comprometer dados e servi\u00e7os dependentes de tecnologia espacial.<\/li>\n<li><strong>Sobrecarregas na rede el\u00e9trica<\/strong>, podendo causar apag\u00f5es e danos a transformadores.<\/li>\n<\/ul>\n<p>Os operadores de infraestruturas sens\u00edveis foram alertados para a implementa\u00e7\u00e3o de medidas que reduzam esses impactos, conforme orienta\u00e7\u00f5es da NOAA.<\/p>\n<h2 class=\"wp-block-heading\">Por que os Eventos de Tempestade Solar Est\u00e3o se Tornando Mais Frequentes?<\/h2>\n<p>Eventos de <strong>tempestade geomagn\u00e9tica<\/strong> severa, como o ocorrido nesta segunda-feira, t\u00eam se tornado mais comuns devido ao ciclo de atividade solar. Em maio de 2024, o planeta enfrentou uma das tempestades geomagn\u00e9ticas mais fortes dos \u00faltimos 20 anos, gerando auroras em latitudes inusitadamente baixas, como nos Estados Unidos, Europa e Austr\u00e1lia.<\/p>\n<p>Esses eventos s\u00e3o parte natural do ciclo solar, mas seu aumento em frequ\u00eancia e pot\u00eancia merece aten\u00e7\u00e3o especial tanto pela beleza das auroras quanto pelos desafios tecnol\u00f3gicos envolvidos.<\/p>\n<p>O astrof\u00edsico Eric Lagadec, do Observat\u00f3rio da C\u00f4te d\u2019Azur na Fran\u00e7a, comentou em suas redes sociais sobre as condi\u00e7\u00f5es atuais das auroras. \u201cAgora h\u00e1 muitas auroras. Se durar at\u00e9 o anoitecer aqui, poder\u00edamos ver algumas\u201d, afirmou Lagadec na rede social X (antigo Twitter).<\/p>\n<p>Com base nas observa\u00e7\u00f5es e na previs\u00e3o de dura\u00e7\u00e3o da tempestade, residentes de v\u00e1rias regi\u00f5es podem ter a oportunidade de testemunhar esse fen\u00f4meno natural extraordin\u00e1rio.<\/p>\n<\/p><\/div>\n<p><br \/>\n<br \/><a href=\"https:\/\/terrabrasilnoticias.com\/2024\/08\/fenomeno-atinge-a-terra-e-rede-eletrica-e-satelites-podem-ser-afetados\/\">Source link <\/a><\/p>","protected":false},"excerpt":{"rendered":"<p>Nesta segunda-feira, 12 de mar\u00e7o de 2024, a Terra foi atingida por uma severa tempestade solar, anunciada pela Administra\u00e7\u00e3o Nacional Oce\u00e2nica e Atmosf\u00e9rica dos Estados Unidos (NOAA). O fen\u00f4meno pode&hellip;<\/p>","protected":false},"author":1,"featured_media":23379,"comment_status":"closed","ping_status":"open","sticky":false,"template":"","format":"standard","meta":{"content-type":"","footnotes":""},"categories":[16],"tags":[],"class_list":["post-23378","post","type-post","status-publish","format-standard","has-post-thumbnail","hentry","category-noticias"],"_links":{"self":[{"href":"https:\/\/tvbrazilusa.com\/pt\/wp-json\/wp\/v2\/posts\/23378","targetHints":{"allow":["GET"]}}],"collection":[{"href":"https:\/\/tvbrazilusa.com\/pt\/wp-json\/wp\/v2\/posts"}],"about":[{"href":"https:\/\/tvbrazilusa.com\/pt\/wp-json\/wp\/v2\/types\/post"}],"author":[{"embeddable":true,"href":"https:\/\/tvbrazilusa.com\/pt\/wp-json\/wp\/v2\/users\/1"}],"replies":[{"embeddable":true,"href":"https:\/\/tvbrazilusa.com\/pt\/wp-json\/wp\/v2\/comments?post=23378"}],"version-history":[{"count":1,"href":"https:\/\/tvbrazilusa.com\/pt\/wp-json\/wp\/v2\/posts\/23378\/revisions"}],"predecessor-version":[{"id":23380,"href":"https:\/\/tvbrazilusa.com\/pt\/wp-json\/wp\/v2\/posts\/23378\/revisions\/23380"}],"wp:featuredmedia":[{"embeddable":true,"href":"https:\/\/tvbrazilusa.com\/pt\/wp-json\/wp\/v2\/media\/23379"}],"wp:attachment":[{"href":"https:\/\/tvbrazilusa.com\/pt\/wp-json\/wp\/v2\/media?parent=23378"}],"wp:term":[{"taxonomy":"category","embeddable":true,"href":"https:\/\/tvbrazilusa.com\/pt\/wp-json\/wp\/v2\/categories?post=23378"},{"taxonomy":"post_tag","embeddable":true,"href":"https:\/\/tvbrazilusa.com\/pt\/wp-json\/wp\/v2\/tags?post=23378"}],"curies":[{"name":"wp","href":"https:\/\/api.w.org\/{rel}","templated":true}]}}