{"id":23390,"date":"2024-08-13T10:18:06","date_gmt":"2024-08-13T10:18:06","guid":{"rendered":"https:\/\/tvbrazilusa.com\/2024\/08\/13\/houthis-do-iemen-tomam-escritorio-de-direitos-humanos-da-onu-em-sanaa-diz-autoridade-da-onu\/"},"modified":"2024-08-13T10:28:40","modified_gmt":"2024-08-13T10:28:40","slug":"houthis-do-iemen-tomam-escritorio-de-direitos-humanos-da-onu-em-sanaa-diz-autoridade-da-onu","status":"publish","type":"post","link":"https:\/\/tvbrazilusa.com\/pt\/2024\/08\/13\/houthis-do-iemen-tomam-escritorio-de-direitos-humanos-da-onu-em-sanaa-diz-autoridade-da-onu\/","title":{"rendered":"Houthis do I\u00eamen tomam escrit\u00f3rio de direitos humanos da ONU em Sanaa, diz autoridade da ONU"},"content":{"rendered":"<script async src=\"https:\/\/pagead2.googlesyndication.com\/pagead\/js\/adsbygoogle.js?client=ca-pub-8864793242727901\"\r\n     crossorigin=\"anonymous\"><\/script>\n<div id=\"\">\n<p class=\"dist__Box-sc-1fnzlkn-0 dist__TextBase-sc-1fnzlkn-3 CGHCP htMUPQ article-text\"><strong>CAIRO<\/strong> \u2013 Rebeldes Houthis do I\u00eamen invadiram a sede do Escrit\u00f3rio de Direitos Humanos das Na\u00e7\u00f5es Unidas na capital, Sanaa, apreendendo documentos, m\u00f3veis e ve\u00edculos, disse um alto funcion\u00e1rio da ONU na ter\u00e7a-feira.<\/p>\n<p class=\"dist__Box-sc-1fnzlkn-0 dist__TextBase-sc-1fnzlkn-3 CGHCP htMUPQ article-text\">A apreens\u00e3o foi a mais recente medida <a href=\"https:\/\/apnews.com\/article\/yemen-houthi-rebels-un-detentions-israel-hamas-war-966dce0c3d7cd96679b3c3562ee57068\">uma repress\u00e3o<\/a> pelos Houthis sobre pessoas que trabalham com a ONU, ag\u00eancias de ajuda e embaixadas estrangeiras. A repress\u00e3o ocorre enquanto os rebeldes apoiados pelo Ir\u00e3 t\u00eam como alvo navios em todo o corredor do Mar Vermelho por causa da guerra Israel-Hamas na Faixa de Gaza.<\/p>\n<p class=\"dist__Box-sc-1fnzlkn-0 dist__TextBase-sc-1fnzlkn-3 CGHCP htMUPQ article-text\">Os rebeldes tomaram as instala\u00e7\u00f5es do Escrit\u00f3rio de Direitos Humanos da ONU em Sanaa em 3 de agosto, depois de for\u00e7ar funcion\u00e1rios iemenitas da ONU a entregar pertences, incluindo documentos, m\u00f3veis e ve\u00edculos, disse o chefe de Direitos Humanos da ONU, Volker T\u00fcrk, em um comunicado.<\/p>\n<p class=\"dist__Box-sc-1fnzlkn-0 dist__TextBase-sc-1fnzlkn-3 CGHCP htMUPQ article-text\">\u201cAs for\u00e7as do Ansar Allah devem deixar o local e devolver todos os bens e pertences imediatamente\u201d, disse T\u00fcrk, usando o nome oficial dos Houthis.<\/p>\n<p class=\"dist__Box-sc-1fnzlkn-0 dist__TextBase-sc-1fnzlkn-3 CGHCP htMUPQ article-text\">Um porta-voz dos Houthis n\u00e3o retornou liga\u00e7\u00f5es e mensagens solicitando coment\u00e1rios.<\/p>\n<p class=\"dist__Box-sc-1fnzlkn-0 dist__TextBase-sc-1fnzlkn-3 CGHCP htMUPQ article-text\">O Escrit\u00f3rio de Direitos Humanos da ONU disse que suspendeu as opera\u00e7\u00f5es do escrit\u00f3rio em Sanaa e outras \u00e1reas iemenitas controladas pelos Houthis ap\u00f3s a campanha de repress\u00e3o de junho. Mas ele ainda opera nas partes do I\u00eamen controladas pelo governo reconhecido internacionalmente.<\/p>\n<p class=\"dist__Box-sc-1fnzlkn-0 dist__TextBase-sc-1fnzlkn-3 CGHCP htMUPQ article-text\">Em junho, os Houthis detiveram mais de 60 pessoas trabalhando com a ONU e outras ONGs, de acordo com o Escrit\u00f3rio de Direitos Humanos da ONU. Entre os detidos estavam seis trabalhadores do Escrit\u00f3rio de Direitos Humanos, que se juntaram a dois de seus colegas detidos pelos Houthis em novembro de 2021 e agosto de 2023, disse.<\/p>\n<p class=\"dist__Box-sc-1fnzlkn-0 dist__TextBase-sc-1fnzlkn-3 CGHCP htMUPQ article-text\">Dias ap\u00f3s a campanha de pris\u00f5es, os rebeldes disseram que prenderam membros do que chamaram <a href=\"https:\/\/apnews.com\/article\/yemen-israel-united-states-spy-network-993f9861ecfe493ec155d3d9b4e2a448\">uma \u201crede de espionagem americano-israelense\u201d.<\/a><\/p>\n<p class=\"dist__Box-sc-1fnzlkn-0 dist__TextBase-sc-1fnzlkn-3 CGHCP htMUPQ article-text\">Os Houthis divulgaram o que eles alegaram ser confiss\u00f5es gravadas em v\u00eddeo por 10 iemenitas, v\u00e1rios dos quais disseram que foram recrutados pela Embaixada dos EUA no I\u00eamen. O Escrit\u00f3rio de Direitos Humanos da ONU disse que um de seus funcion\u00e1rios que foi detido anteriormente apareceu em um v\u00eddeo no qual ele foi for\u00e7ado a confessar alega\u00e7\u00f5es, incluindo espionagem, disse o escrit\u00f3rio.<\/p>\n<p class=\"dist__Box-sc-1fnzlkn-0 dist__TextBase-sc-1fnzlkn-3 CGHCP htMUPQ article-text\">As alega\u00e7\u00f5es dos Houthis n\u00e3o puderam ser verificadas de forma independente.<\/p>\n<p class=\"dist__Box-sc-1fnzlkn-0 dist__TextBase-sc-1fnzlkn-3 CGHCP htMUPQ article-text\">Os Houthis est\u00e3o envolvidos em uma guerra civil com o governo internacionalmente reconhecido do I\u00eamen, apoiado por uma coaliz\u00e3o liderada pela Ar\u00e1bia Saudita, desde 2014, quando assumiram o controle de Sanaa e da maior parte do norte.<\/p>\n<p class=\"dist__Box-sc-1fnzlkn-0 dist__TextBase-sc-1fnzlkn-3 CGHCP htMUPQ article-text\">A guerra no I\u00eamen matou mais de 150.000 pessoas, incluindo combatentes e civis, e criou um dos piores desastres humanit\u00e1rios do mundo, matando dezenas de milhares de pessoas.<\/p>\n<p class=\"dist__Box-sc-1fnzlkn-0 dist__TextBase-sc-1fnzlkn-3 CGHCP htMUPQ article-text\">Os rebeldes aprisionaram milhares de pessoas durante a guerra. E nos \u00faltimos meses eles intensificaram a repress\u00e3o \u00e0 dissid\u00eancia em casa, incluindo <a href=\"https:\/\/apnews.com\/article\/yemen-houthi-death-sentence-0cda0ba1b0c007ef610637eeb82ca0fd\">recentemente sentenciando 44 pessoas \u00e0 morte<\/a>.<\/p>\n<\/div>\n<p>Copyright 2024 The Associated Press. Todos os direitos reservados. Este material n\u00e3o pode ser publicado, transmitido, reescrito ou redistribu\u00eddo sem permiss\u00e3o.<\/p>\n<p><br \/>\n<br \/><a href=\"https:\/\/www.clickorlando.com\/news\/world\/2024\/08\/13\/yemens-houthis-seized-un-rights-office-in-sanaa-un-official-says\/\">Source link <\/a><\/p>","protected":false},"excerpt":{"rendered":"<p>CAIRO \u2013 Rebeldes Houthis do I\u00eamen invadiram a sede do Escrit\u00f3rio de Direitos Humanos das Na\u00e7\u00f5es Unidas na capital, Sanaa, apreendendo documentos, m\u00f3veis e ve\u00edculos, disse um alto funcion\u00e1rio da&hellip;<\/p>","protected":false},"author":1,"featured_media":23391,"comment_status":"closed","ping_status":"open","sticky":false,"template":"","format":"standard","meta":{"content-type":"","footnotes":""},"categories":[1],"tags":[1419],"class_list":["post-23390","post","type-post","status-publish","format-standard","has-post-thumbnail","hentry","category-uncategorized","tag-noticias-do-mundo"],"_links":{"self":[{"href":"https:\/\/tvbrazilusa.com\/pt\/wp-json\/wp\/v2\/posts\/23390","targetHints":{"allow":["GET"]}}],"collection":[{"href":"https:\/\/tvbrazilusa.com\/pt\/wp-json\/wp\/v2\/posts"}],"about":[{"href":"https:\/\/tvbrazilusa.com\/pt\/wp-json\/wp\/v2\/types\/post"}],"author":[{"embeddable":true,"href":"https:\/\/tvbrazilusa.com\/pt\/wp-json\/wp\/v2\/users\/1"}],"replies":[{"embeddable":true,"href":"https:\/\/tvbrazilusa.com\/pt\/wp-json\/wp\/v2\/comments?post=23390"}],"version-history":[{"count":1,"href":"https:\/\/tvbrazilusa.com\/pt\/wp-json\/wp\/v2\/posts\/23390\/revisions"}],"predecessor-version":[{"id":23392,"href":"https:\/\/tvbrazilusa.com\/pt\/wp-json\/wp\/v2\/posts\/23390\/revisions\/23392"}],"wp:featuredmedia":[{"embeddable":true,"href":"https:\/\/tvbrazilusa.com\/pt\/wp-json\/wp\/v2\/media\/23391"}],"wp:attachment":[{"href":"https:\/\/tvbrazilusa.com\/pt\/wp-json\/wp\/v2\/media?parent=23390"}],"wp:term":[{"taxonomy":"category","embeddable":true,"href":"https:\/\/tvbrazilusa.com\/pt\/wp-json\/wp\/v2\/categories?post=23390"},{"taxonomy":"post_tag","embeddable":true,"href":"https:\/\/tvbrazilusa.com\/pt\/wp-json\/wp\/v2\/tags?post=23390"}],"curies":[{"name":"wp","href":"https:\/\/api.w.org\/{rel}","templated":true}]}}