{"id":23405,"date":"2024-08-13T10:46:48","date_gmt":"2024-08-13T10:46:48","guid":{"rendered":"https:\/\/tvbrazilusa.com\/2024\/08\/13\/aluguel-residencial-dispara-no-ano-e-atinge-valor-tres-vezes-maior-que-a-inflacao-veja-numeros\/"},"modified":"2024-08-13T10:48:48","modified_gmt":"2024-08-13T10:48:48","slug":"aluguel-residencial-dispara-no-ano-e-atinge-valor-tres-vezes-maior-que-a-inflacao-veja-numeros","status":"publish","type":"post","link":"https:\/\/tvbrazilusa.com\/pt\/2024\/08\/13\/aluguel-residencial-dispara-no-ano-e-atinge-valor-tres-vezes-maior-que-a-inflacao-veja-numeros\/","title":{"rendered":"Aluguel residencial dispara no ano e atinge valor tr\u00eas vezes maior que a infla\u00e7\u00e3o; veja n\u00fameros"},"content":{"rendered":"<p> <script async src=\"https:\/\/pagead2.googlesyndication.com\/pagead\/js\/adsbygoogle.js?client=ca-pub-8864793242727901\"\r\n     crossorigin=\"anonymous\"><\/script><br \/>\n<\/p>\n<div>\n<p>A FipeZAP divulgou na \u00faltima ter\u00e7a-feira, 13 de julho de 2024, o \u00edndice de aluguel residencial referente ao m\u00eas de julho. O levantamento revelou um aumento m\u00e9dio de 9,23% no aluguel, superando em mais de tr\u00eas vezes a infla\u00e7\u00e3o medida pelo IPCA, que ficou em 2,87% no mesmo per\u00edodo. Em julho, a alta chegou a 1,12%.<\/p>\n<p>O \u00edndice analisou os pre\u00e7os de loca\u00e7\u00e3o residencial em 36 cidades brasileiras. Observou-se uma desacelera\u00e7\u00e3o no crescimento em compara\u00e7\u00e3o com junho, quando a alta foi de 1,43%. Im\u00f3veis de dois dormit\u00f3rios mostraram uma valoriza\u00e7\u00e3o mais expressiva (+1,24%) em contraste com unidades de quatro ou mais dormit\u00f3rios, que tiveram um aumento menor (+0,89%).<\/p>\n<h2 class=\"wp-block-heading\">Desempenho do Aluguel Residencial em Cidades Brasileiras \u2013 Julho de 2024<\/h2>\n<p>Entre as localidades acompanhadas, 31 apresentaram valoriza\u00e7\u00e3o do aluguel residencial, incluindo 19 das 22 capitais monitoradas. Porto Alegre liderou com um aumento de 4,30%, seguida por Campo Grande (+3,49%) e Salvador (+2,42%). Bel\u00e9m e Recife tamb\u00e9m registraram altas, com 1,91% e 1,39%, respectivamente.<\/p>\n<p>Por outro lado, algumas capitais tiveram retra\u00e7\u00e3o no valor do aluguel residencial. Teresina apresentou uma queda de 0,82%, Aracaju de 0,59%, e S\u00e3o Lu\u00eds de 0,15%. Esses dados destacam as varia\u00e7\u00f5es regionais no mercado de loca\u00e7\u00e3o residencial pelo Brasil.<\/p>\n<p>Este m\u00eas marcou a adi\u00e7\u00e3o de seis novas capitais ao \u00edndice: Aracaju (SE), Bel\u00e9m (PA), Campo Grande (MS), Cuiab\u00e1 (MT), Jo\u00e3o Pessoa (PB), Macei\u00f3 (AL), Manaus (AM), Natal (RN), S\u00e3o Lu\u00eds (MA), Teresina (PI) e Vit\u00f3ria (ES). Isso amplia ainda mais o alcance e a precis\u00e3o do levantamento.<\/p>\n<h2 class=\"wp-block-heading\">Pre\u00e7o M\u00e9dio do Aluguel em Julho de 2024<\/h2>\n<p>O pre\u00e7o m\u00e9dio do aluguel de apartamentos foi calculado em R$ 46,41 por metro quadrado. Os valores mais altos foram observados em im\u00f3veis de um dormit\u00f3rio, com R$ 60,84 por metro quadrado, enquanto unidades com tr\u00eas dormit\u00f3rios tiveram os menores valores, em torno de R$ 40,20 por metro quadrado.<\/p>\n<p>Comparando os resultados nas 22 capitais, S\u00e3o Paulo liderou com o pre\u00e7o m\u00e9dio mais elevado (R$ 55,69\/m\u00b2), seguida por Florian\u00f3polis (R$ 53,72\/m\u00b2), Recife (R$ 52,14\/m\u00b2), Macei\u00f3 (R$ 50,43\/m\u00b2) e S\u00e3o Lu\u00eds (R$ 49,55\/m\u00b2).<\/p>\n<h3 class=\"wp-block-heading\">Lista de Pre\u00e7os por Cidade<\/h3>\n<ul class=\"wp-block-list\">\n<li>S\u00e3o Paulo (SP): R$ 55,69\/m\u00b2<\/li>\n<li>Florian\u00f3polis (SC): R$ 53,72\/m\u00b2<\/li>\n<li>Recife (PE): R$ 52,14\/m\u00b2<\/li>\n<li>Macei\u00f3 (AL): R$ 50,43\/m\u00b2<\/li>\n<li>S\u00e3o Lu\u00eds (MA): R$ 49,55\/m\u00b2<\/li>\n<\/ul>\n<figure class=\"wp-block-image size-large\"><picture decoding=\"async\" class=\"wp-image-172957\"><source type=\"image\/webp\" srcset=\"https:\/\/terrabrasilnoticias.com\/wp-content\/uploads\/2024\/08\/image-378-1024x670.png.webp 1024w, https:\/\/terrabrasilnoticias.com\/wp-content\/uploads\/2024\/08\/image-378-300x196.png.webp 300w, https:\/\/terrabrasilnoticias.com\/wp-content\/uploads\/2024\/08\/image-378-768x502.png.webp 768w, https:\/\/terrabrasilnoticias.com\/wp-content\/uploads\/2024\/08\/image-378-750x491.png.webp 750w, https:\/\/terrabrasilnoticias.com\/wp-content\/uploads\/2024\/08\/image-378-1140x746.png.webp 1140w, https:\/\/terrabrasilnoticias.com\/wp-content\/uploads\/2024\/08\/image-378.png.webp 1292w\" sizes=\"(max-width: 1024px) 100vw, 1024px\"\/><\/picture><figcaption class=\"wp-element-caption\">Reprodu\u00e7\u00e3o\/FipeZap<\/figcaption><\/figure>\n<\/p><\/div>\n<p><br \/>\n<br \/><a href=\"https:\/\/terrabrasilnoticias.com\/2024\/08\/aluguel-residencial-dispara-no-ano-e-atinge-valor-tres-vezes-maior-que-a-inflacao-veja-numeros\/\">Source link <\/a><\/p>","protected":false},"excerpt":{"rendered":"<p>A FipeZAP divulgou na \u00faltima ter\u00e7a-feira, 13 de julho de 2024, o \u00edndice de aluguel residencial referente ao m\u00eas de julho. O levantamento revelou um aumento m\u00e9dio de 9,23% no&hellip;<\/p>","protected":false},"author":1,"featured_media":23406,"comment_status":"closed","ping_status":"open","sticky":false,"template":"","format":"standard","meta":{"content-type":"","footnotes":""},"categories":[16],"tags":[],"class_list":["post-23405","post","type-post","status-publish","format-standard","has-post-thumbnail","hentry","category-noticias"],"_links":{"self":[{"href":"https:\/\/tvbrazilusa.com\/pt\/wp-json\/wp\/v2\/posts\/23405","targetHints":{"allow":["GET"]}}],"collection":[{"href":"https:\/\/tvbrazilusa.com\/pt\/wp-json\/wp\/v2\/posts"}],"about":[{"href":"https:\/\/tvbrazilusa.com\/pt\/wp-json\/wp\/v2\/types\/post"}],"author":[{"embeddable":true,"href":"https:\/\/tvbrazilusa.com\/pt\/wp-json\/wp\/v2\/users\/1"}],"replies":[{"embeddable":true,"href":"https:\/\/tvbrazilusa.com\/pt\/wp-json\/wp\/v2\/comments?post=23405"}],"version-history":[{"count":1,"href":"https:\/\/tvbrazilusa.com\/pt\/wp-json\/wp\/v2\/posts\/23405\/revisions"}],"predecessor-version":[{"id":23407,"href":"https:\/\/tvbrazilusa.com\/pt\/wp-json\/wp\/v2\/posts\/23405\/revisions\/23407"}],"wp:featuredmedia":[{"embeddable":true,"href":"https:\/\/tvbrazilusa.com\/pt\/wp-json\/wp\/v2\/media\/23406"}],"wp:attachment":[{"href":"https:\/\/tvbrazilusa.com\/pt\/wp-json\/wp\/v2\/media?parent=23405"}],"wp:term":[{"taxonomy":"category","embeddable":true,"href":"https:\/\/tvbrazilusa.com\/pt\/wp-json\/wp\/v2\/categories?post=23405"},{"taxonomy":"post_tag","embeddable":true,"href":"https:\/\/tvbrazilusa.com\/pt\/wp-json\/wp\/v2\/tags?post=23405"}],"curies":[{"name":"wp","href":"https:\/\/api.w.org\/{rel}","templated":true}]}}