{"id":23437,"date":"2024-08-13T11:16:46","date_gmt":"2024-08-13T11:16:46","guid":{"rendered":"https:\/\/tvbrazilusa.com\/2024\/08\/13\/disputa-publica-destaca-rachaduras-na-coalizao-de-netanyahu-enquanto-israel-se-prepara-para-temido-ataque-do-ira\/"},"modified":"2024-08-13T11:33:07","modified_gmt":"2024-08-13T11:33:07","slug":"disputa-publica-destaca-rachaduras-na-coalizao-de-netanyahu-enquanto-israel-se-prepara-para-temido-ataque-do-ira","status":"publish","type":"post","link":"https:\/\/tvbrazilusa.com\/pt\/2024\/08\/13\/disputa-publica-destaca-rachaduras-na-coalizao-de-netanyahu-enquanto-israel-se-prepara-para-temido-ataque-do-ira\/","title":{"rendered":"Disputa p\u00fablica destaca rachaduras na coaliz\u00e3o de Netanyahu enquanto Israel se prepara para temido ataque do Ir\u00e3"},"content":{"rendered":"<script async src=\"https:\/\/pagead2.googlesyndication.com\/pagead\/js\/adsbygoogle.js?client=ca-pub-8864793242727901\"\r\n     crossorigin=\"anonymous\"><\/script>\n<div id=\"\">\n<p class=\"dist__Box-sc-1fnzlkn-0 dist__TextBase-sc-1fnzlkn-3 CGHCP htMUPQ article-text\"><strong>JERUSAL\u00c9M<\/strong> \u2013 As diverg\u00eancias est\u00e3o aumentando em uma disputa p\u00fablica entre o primeiro-ministro israelense Benjamin Netanyahu e seu moderado ministro da defesa, a \u00faltima discuss\u00e3o mostrando um descontentamento crescente com a forma como Netanyahu est\u00e1 lidando com a guerra em um momento delicado.<\/p>\n<p class=\"dist__Box-sc-1fnzlkn-0 dist__TextBase-sc-1fnzlkn-3 CGHCP htMUPQ article-text\">Israel est\u00e1 se preparando para uma potencial retalia\u00e7\u00e3o iraniana depois que uma explos\u00e3o em Teer\u00e3 matou o l\u00edder do Hamas \u2014 um ataque atribu\u00eddo a Israel. E uma nova rodada de negocia\u00e7\u00f5es de cessar-fogo entre Israel e o Hamas est\u00e1 marcada para come\u00e7ar no final desta semana.<\/p>\n<p class=\"dist__Box-sc-1fnzlkn-0 dist__TextBase-sc-1fnzlkn-3 CGHCP htMUPQ article-text\">Na segunda-feira, a m\u00eddia israelense informou que o ministro da Defesa, Yoav Gallant, condenou o &#8220;absurdo de Netanyahu sobre &#39;vit\u00f3ria total&#39;&#8221;, uma frase que o primeiro-ministro repetiu com frequ\u00eancia durante a guerra de 10 meses em Gaza. <\/p>\n<p class=\"dist__Box-sc-1fnzlkn-0 dist__TextBase-sc-1fnzlkn-3 CGHCP htMUPQ article-text\">A guerra, que come\u00e7ou com um ataque liderado pelo Hamas em 7 de outubro contra Israel, que matou 1.200 pessoas e deixou cerca de 250 ref\u00e9ns em Gaza, matou mais de 39.000 palestinos. Netanyahu tem sido frequentemente criticado, inclusive por membros de seu pr\u00f3prio governo, por n\u00e3o ter objetivos estrat\u00e9gicos claros, um plano p\u00f3s-guerra para Gaza ou mesmo uma defini\u00e7\u00e3o espec\u00edfica do que seria uma &#8220;vit\u00f3ria total&#8221;.<\/p>\n<p class=\"dist__Box-sc-1fnzlkn-0 dist__TextBase-sc-1fnzlkn-3 CGHCP htMUPQ article-text\">Os coment\u00e1rios de Gallant foram aparentemente feitos durante uma audi\u00eancia a portas fechadas perante um comit\u00ea parlamentar israelense e vazados para a m\u00eddia.<\/p>\n<p class=\"dist__Box-sc-1fnzlkn-0 dist__TextBase-sc-1fnzlkn-3 CGHCP htMUPQ article-text\">Netanyahu revidou, dizendo que Gallant deveria ter criticado o l\u00edder do Hamas, Yahya Sinwar.<\/p>\n<p class=\"dist__Box-sc-1fnzlkn-0 dist__TextBase-sc-1fnzlkn-3 CGHCP htMUPQ article-text\">\u201cQuando Gallant adota a narrativa anti-Israel, ele prejudica as chances de chegar a um acordo para a liberta\u00e7\u00e3o dos ref\u00e9ns\u201d, disse o Gabinete do Primeiro-Ministro em um comunicado.<\/p>\n<p class=\"dist__Box-sc-1fnzlkn-0 dist__TextBase-sc-1fnzlkn-3 CGHCP htMUPQ article-text\">Gallant tentou aliviar as tens\u00f5es respondendo que sua prioridade era &#8220;proteger os cidad\u00e3os de Israel e prejudicar nossos inimigos&#8221;.<\/p>\n<p class=\"dist__Box-sc-1fnzlkn-0 dist__TextBase-sc-1fnzlkn-3 CGHCP htMUPQ article-text\">Gallant, que \u00e9 membro do partido Likud de Netanyahu, despertou a ira do primeiro-ministro no ano passado ao se opor publicamente \u00e0 sua controversa iniciativa por mudan\u00e7as no judici\u00e1rio de Israel. Quando Netanyahu tentou demitir Gallant, protestos em massa irromperam, com centenas de milhares de israelenses <a href=\"https:\/\/apnews.com\/article\/israel-legal-courts-corruption-netanyahu-40c11160c9a93cc717dcf61eed52dda6\">indo para as ruas<\/a> no meio da noite.<\/p>\n<p class=\"dist__Box-sc-1fnzlkn-0 dist__TextBase-sc-1fnzlkn-3 CGHCP htMUPQ article-text\">Uma autoridade israelense que falou sob condi\u00e7\u00e3o de anonimato porque n\u00e3o estava autorizada a falar com a m\u00eddia disse que Netanyahu n\u00e3o est\u00e1 considerando demitir Gallant no momento. <\/p>\n<p class=\"dist__Box-sc-1fnzlkn-0 dist__TextBase-sc-1fnzlkn-3 CGHCP htMUPQ article-text\">Gallant \u00e9 uma das poucas vozes moderadas que restam no governo de Netanyahu ap\u00f3s a sa\u00edda do centrista Benny Gantz, que <a href=\"https:\/\/apnews.com\/article\/israel-palestinians-hamas-gaza-netanyahu-gantz-48a4a60ccccdb7f74b4bf7816f9a7c67\">deixou a coaliz\u00e3o de unidade<\/a> no in\u00edcio deste ano.<\/p>\n<\/div>\n<p>Copyright 2024 The Associated Press. Todos os direitos reservados. Este material n\u00e3o pode ser publicado, transmitido, reescrito ou redistribu\u00eddo sem permiss\u00e3o.<\/p>\n<p><br \/>\n<br \/><a href=\"https:\/\/www.clickorlando.com\/news\/world\/2024\/08\/13\/public-spat-highlights-cracks-in-netanyahus-coalition-as-israel-braces-for-feared-iran-attack\/\">Source link <\/a><\/p>","protected":false},"excerpt":{"rendered":"<p>JERUSAL\u00c9M \u2013 As diverg\u00eancias est\u00e3o aumentando em uma disputa p\u00fablica entre o primeiro-ministro israelense Benjamin Netanyahu e seu moderado ministro da defesa, a \u00faltima discuss\u00e3o mostrando um descontentamento crescente com&hellip;<\/p>","protected":false},"author":1,"featured_media":23438,"comment_status":"closed","ping_status":"open","sticky":false,"template":"","format":"standard","meta":{"content-type":"","footnotes":""},"categories":[1],"tags":[1418,1419,2125],"class_list":["post-23437","post","type-post","status-publish","format-standard","has-post-thumbnail","hentry","category-uncategorized","tag-benjamin-netanyahu","tag-noticias-do-mundo","tag-yoav-galante"],"_links":{"self":[{"href":"https:\/\/tvbrazilusa.com\/pt\/wp-json\/wp\/v2\/posts\/23437","targetHints":{"allow":["GET"]}}],"collection":[{"href":"https:\/\/tvbrazilusa.com\/pt\/wp-json\/wp\/v2\/posts"}],"about":[{"href":"https:\/\/tvbrazilusa.com\/pt\/wp-json\/wp\/v2\/types\/post"}],"author":[{"embeddable":true,"href":"https:\/\/tvbrazilusa.com\/pt\/wp-json\/wp\/v2\/users\/1"}],"replies":[{"embeddable":true,"href":"https:\/\/tvbrazilusa.com\/pt\/wp-json\/wp\/v2\/comments?post=23437"}],"version-history":[{"count":1,"href":"https:\/\/tvbrazilusa.com\/pt\/wp-json\/wp\/v2\/posts\/23437\/revisions"}],"predecessor-version":[{"id":23439,"href":"https:\/\/tvbrazilusa.com\/pt\/wp-json\/wp\/v2\/posts\/23437\/revisions\/23439"}],"wp:featuredmedia":[{"embeddable":true,"href":"https:\/\/tvbrazilusa.com\/pt\/wp-json\/wp\/v2\/media\/23438"}],"wp:attachment":[{"href":"https:\/\/tvbrazilusa.com\/pt\/wp-json\/wp\/v2\/media?parent=23437"}],"wp:term":[{"taxonomy":"category","embeddable":true,"href":"https:\/\/tvbrazilusa.com\/pt\/wp-json\/wp\/v2\/categories?post=23437"},{"taxonomy":"post_tag","embeddable":true,"href":"https:\/\/tvbrazilusa.com\/pt\/wp-json\/wp\/v2\/tags?post=23437"}],"curies":[{"name":"wp","href":"https:\/\/api.w.org\/{rel}","templated":true}]}}