{"id":23461,"date":"2024-08-13T12:02:33","date_gmt":"2024-08-13T12:02:33","guid":{"rendered":"https:\/\/tvbrazilusa.com\/2024\/08\/13\/ataques-israelenses-em-gaza-deixam-criancas-sem-pais-e-pais-sem-filhos\/"},"modified":"2024-08-13T12:11:16","modified_gmt":"2024-08-13T12:11:16","slug":"ataques-israelenses-em-gaza-deixam-criancas-sem-pais-e-pais-sem-filhos","status":"publish","type":"post","link":"https:\/\/tvbrazilusa.com\/pt\/2024\/08\/13\/ataques-israelenses-em-gaza-deixam-criancas-sem-pais-e-pais-sem-filhos\/","title":{"rendered":"Ataques israelenses em Gaza deixam crian\u00e7as sem pais e pais sem filhos"},"content":{"rendered":"<script async src=\"https:\/\/pagead2.googlesyndication.com\/pagead\/js\/adsbygoogle.js?client=ca-pub-8864793242727901\"\r\n     crossorigin=\"anonymous\"><\/script>\n<div id=\"\">\n<p class=\"dist__Box-sc-1fnzlkn-0 dist__TextBase-sc-1fnzlkn-3 CGHCP htMUPQ article-text\"><strong>DEIR EL-BALAH<\/strong> \u2013 Reem Abu Hayyah, de apenas tr\u00eas meses de idade, foi o \u00fanico membro de sua fam\u00edlia a sobreviver a um ataque a\u00e9reo israelense na Faixa de Gaza na segunda-feira \u00e0 noite. Algumas milhas (quil\u00f4metros) ao norte, Mohamed Abuel-Qomasan perdeu sua esposa e seus beb\u00eas g\u00eameos \u2014 de apenas quatro dias de idade \u2014 em outro ataque.<\/p>\n<p class=\"dist__Box-sc-1fnzlkn-0 dist__TextBase-sc-1fnzlkn-3 CGHCP htMUPQ article-text\">Mais de 10 meses depois de sua <a href=\"https:\/\/apnews.com\/hub\/israel-hamas-war\">guerra com o Hamas<\/a>o bombardeio implac\u00e1vel de Israel no territ\u00f3rio isolado <a href=\"https:\/\/apnews.com\/article\/gaza-palestinians-families-israel-war-deaths-a9f8bcfe402c17f1f78903eae67b7a7d\">exterminou fam\u00edlias extensas<\/a>. Deixou pais sem filhos e filhos sem pais, irm\u00e3os ou irm\u00e3s. <\/p>\n<p class=\"dist__Box-sc-1fnzlkn-0 dist__TextBase-sc-1fnzlkn-3 CGHCP htMUPQ article-text\">E alguns dos \u00fanicos sobreviventes s\u00e3o t\u00e3o jovens que n\u00e3o se lembram daqueles que perderam.<\/p>\n<p class=\"dist__Box-sc-1fnzlkn-0 dist__TextBase-sc-1fnzlkn-3 CGHCP htMUPQ article-text\">O ataque israelense na noite de segunda-feira destruiu uma casa perto da cidade de Khan Younis, no sul, matando 10 pessoas. Os mortos inclu\u00edam os pais de Abu Hayyah e cinco irm\u00e3os, com idades entre 5 e 12 anos, bem como os pais de outras tr\u00eas crian\u00e7as. Todas as quatro crian\u00e7as ficaram feridas no ataque.<\/p>\n<p class=\"dist__Box-sc-1fnzlkn-0 dist__TextBase-sc-1fnzlkn-3 CGHCP htMUPQ article-text\">\u201cN\u00e3o sobrou ningu\u00e9m, exceto este beb\u00ea\u201d, disse sua tia, Soad Abu Hayyah. \u201cDesde esta manh\u00e3, estamos tentando aliment\u00e1-la com f\u00f3rmula, mas ela n\u00e3o aceita, porque est\u00e1 acostumada ao leite materno.\u201d<\/p>\n<p class=\"dist__Box-sc-1fnzlkn-0 dist__TextBase-sc-1fnzlkn-3 CGHCP htMUPQ article-text\">O ataque a\u00e9reo que matou a esposa e os rec\u00e9m-nascidos de Abuel-Qomasan \u2014 um menino, Asser, e uma menina, Ayssel \u2014 tamb\u00e9m matou a av\u00f3 materna dos g\u00eameos. Enquanto ele estava sentado em um hospital, atordoado em quase sil\u00eancio pela perda, ele ergueu as certid\u00f5es de nascimento dos g\u00eameos.<\/p>\n<p class=\"dist__Box-sc-1fnzlkn-0 dist__TextBase-sc-1fnzlkn-3 CGHCP htMUPQ article-text\">Sua esposa, Joumana Arafa, uma farmac\u00eautica, deu \u00e0 luz por ces\u00e1rea quatro dias atr\u00e1s e anunciou a chegada dos g\u00eameos no Facebook. Na ter\u00e7a-feira, ele foi registrar os nascimentos em um escrit\u00f3rio do governo local. Enquanto ele estava l\u00e1, vizinhos ligaram para dizer que a casa onde ele estava abrigado, perto da cidade central de Deir al-Balah, havia sido bombardeada.<\/p>\n<p class=\"dist__Box-sc-1fnzlkn-0 dist__TextBase-sc-1fnzlkn-3 CGHCP htMUPQ article-text\">\u201cN\u00e3o sei o que aconteceu\u201d, ele disse. \u201cDisseram-me que foi uma granada que atingiu a casa.\u201d<\/p>\n<p class=\"dist__Box-sc-1fnzlkn-0 dist__TextBase-sc-1fnzlkn-3 CGHCP htMUPQ article-text\">Os militares israelenses n\u00e3o responderam imediatamente a um pedido de coment\u00e1rio sobre os ataques.<\/p>\n<p class=\"dist__Box-sc-1fnzlkn-0 dist__TextBase-sc-1fnzlkn-3 CGHCP htMUPQ article-text\">Os militares dizem que tentam evitar ferir civis palestinos e culpam o Hamas pelas mortes porque os militantes operam em \u00e1reas residenciais densas, \u00e0s vezes se abrigando e lan\u00e7ando ataques de casas, escolas, mesquitas e outros pr\u00e9dios civis.<\/p>\n<p class=\"dist__Box-sc-1fnzlkn-0 dist__TextBase-sc-1fnzlkn-3 CGHCP htMUPQ article-text\">Mas o ex\u00e9rcito raramente comenta ataques individuais, que frequentemente matam mulheres e crian\u00e7as. <a href=\"https:\/\/apnews.com\/article\/israel-palestinians-hamas-war-casualties-toll-65e18f3362674245356c539e4bc0b67a\">Minist\u00e9rio da Sa\u00fade de Gaza<\/a> diz que quase 40.000 palestinos foram mortos desde o in\u00edcio da guerra, sem dizer quantos eram combatentes.<\/p>\n<p class=\"dist__Box-sc-1fnzlkn-0 dist__TextBase-sc-1fnzlkn-3 CGHCP htMUPQ article-text\">Militantes liderados pelo Hamas mataram cerca de 1.200 pessoas, a maioria civis, e sequestraram cerca de 250 no ataque de 7 de outubro ao sul de Israel que deu in\u00edcio \u00e0 guerra. O primeiro-ministro israelense Benjamin Netanyahu disse muitas vezes que &#8220;eles mataram pais na frente de seus filhos e filhos na frente de seus pais&#8221; para ilustrar <a href=\"https:\/\/apnews.com\/article\/israel-palestinians-hamas-attack-military-war-a8f63b07641212f0de61861844e5e71e\">a brutalidade do ataque<\/a>mais recentemente em seu discurso ao Congresso dos EUA no m\u00eas passado.<\/p>\n<p class=\"dist__Box-sc-1fnzlkn-0 dist__TextBase-sc-1fnzlkn-3 CGHCP htMUPQ article-text\">A ofensiva de Israel deixou milhares de \u00f3rf\u00e3os \u2014 tantos que os m\u00e9dicos locais usam uma sigla ao registr\u00e1-los: WCNSF, ou \u201ccrian\u00e7a ferida, sem fam\u00edlia sobrevivente\u201d. As Na\u00e7\u00f5es Unidas estimaram em fevereiro que cerca de 17.000 crian\u00e7as em Gaza est\u00e3o desacompanhadas, e \u00e9 prov\u00e1vel que o n\u00famero tenha aumentado desde ent\u00e3o.<\/p>\n<p class=\"dist__Box-sc-1fnzlkn-0 dist__TextBase-sc-1fnzlkn-3 CGHCP htMUPQ article-text\">A fam\u00edlia Abu Hayyah estava abrigada em uma \u00e1rea da qual Israel havia ordenado que as pessoas evacuassem nos \u00faltimos dias. Foi uma das v\u00e1rias ordens desse tipo que levaram centenas de milhares a buscar abrigo em uma zona humanit\u00e1ria declarada por Israel, que consiste em acampamentos de tendas miser\u00e1veis \u200b\u200be lotados ao longo da costa.<\/p>\n<p class=\"dist__Box-sc-1fnzlkn-0 dist__TextBase-sc-1fnzlkn-3 CGHCP htMUPQ article-text\">A vasta maioria da popula\u00e7\u00e3o de Gaza fugiu de suas casas, muitas vezes v\u00e1rias vezes. A faixa costeira, que tem apenas 25 milhas (40 quil\u00f4metros) de comprimento por cerca de 7 milhas (11 quil\u00f4metros) de largura, foi completamente isolada pelas for\u00e7as israelenses desde maio.<\/p>\n<p class=\"dist__Box-sc-1fnzlkn-0 dist__TextBase-sc-1fnzlkn-3 CGHCP htMUPQ article-text\">Cerca de 84% do territ\u00f3rio de Gaza recebeu ordens de evacua\u00e7\u00e3o do ex\u00e9rcito israelense, de acordo com as Na\u00e7\u00f5es Unidas.<\/p>\n<p class=\"dist__Box-sc-1fnzlkn-0 dist__TextBase-sc-1fnzlkn-3 CGHCP htMUPQ article-text\">Muitas fam\u00edlias ignoraram as ordens de evacua\u00e7\u00e3o porque dizem que nenhum lugar parece seguro, ou porque n\u00e3o conseguem fazer a \u00e1rdua viagem a p\u00e9, ou porque temem nunca mais poder regressar \u00e0s suas casas. <a href=\"https:\/\/apnews.com\/article\/israel-palestinians-hamas-war-nakba-history-b5cea9556e516655c25598d5dbe54192\">mesmo depois da guerra<\/a>.<\/p>\n<p class=\"dist__Box-sc-1fnzlkn-0 dist__TextBase-sc-1fnzlkn-3 CGHCP htMUPQ article-text\">Abuel-Qomasan e sua esposa obedeceram \u00e0s ordens de evacuar a Cidade de Gaza nas primeiras semanas da guerra. Eles buscaram abrigo no centro de Gaza, conforme o ex\u00e9rcito havia instru\u00eddo.<\/p>\n<p class=\"dist__Box-sc-1fnzlkn-0 dist__TextBase-sc-1fnzlkn-3 CGHCP htMUPQ article-text\">_____<\/p>\n<p class=\"dist__Box-sc-1fnzlkn-0 dist__TextBase-sc-1fnzlkn-3 CGHCP htMUPQ article-text\">Magdy relatou do Cairo.<\/p>\n<p class=\"dist__Box-sc-1fnzlkn-0 dist__TextBase-sc-1fnzlkn-3 CGHCP htMUPQ article-text\">___<\/p>\n<p class=\"dist__Box-sc-1fnzlkn-0 dist__TextBase-sc-1fnzlkn-3 CGHCP htMUPQ article-text\">Siga a cobertura da AP em <a href=\"https:\/\/apnews.com\/hub\/israel-hamas-war\">https:\/\/apnews.com\/hub\/israel-hamas-war<\/a><\/p>\n<\/div>\n<p>Copyright 2024 The Associated Press. Todos os direitos reservados. Este material n\u00e3o pode ser publicado, transmitido, reescrito ou redistribu\u00eddo sem permiss\u00e3o.<\/p>\n<p><br \/>\n<br \/><a href=\"https:\/\/www.clickorlando.com\/news\/world\/2024\/08\/13\/israeli-strikes-on-gaza-leave-children-without-parents-and-parents-without-children\/\">Source link <\/a><\/p>","protected":false},"excerpt":{"rendered":"<p>DEIR EL-BALAH \u2013 Reem Abu Hayyah, de apenas tr\u00eas meses de idade, foi o \u00fanico membro de sua fam\u00edlia a sobreviver a um ataque a\u00e9reo israelense na Faixa de Gaza&hellip;<\/p>","protected":false},"author":1,"featured_media":23462,"comment_status":"closed","ping_status":"open","sticky":false,"template":"","format":"standard","meta":{"content-type":"","footnotes":""},"categories":[1],"tags":[1419],"class_list":["post-23461","post","type-post","status-publish","format-standard","has-post-thumbnail","hentry","category-uncategorized","tag-noticias-do-mundo"],"_links":{"self":[{"href":"https:\/\/tvbrazilusa.com\/pt\/wp-json\/wp\/v2\/posts\/23461","targetHints":{"allow":["GET"]}}],"collection":[{"href":"https:\/\/tvbrazilusa.com\/pt\/wp-json\/wp\/v2\/posts"}],"about":[{"href":"https:\/\/tvbrazilusa.com\/pt\/wp-json\/wp\/v2\/types\/post"}],"author":[{"embeddable":true,"href":"https:\/\/tvbrazilusa.com\/pt\/wp-json\/wp\/v2\/users\/1"}],"replies":[{"embeddable":true,"href":"https:\/\/tvbrazilusa.com\/pt\/wp-json\/wp\/v2\/comments?post=23461"}],"version-history":[{"count":1,"href":"https:\/\/tvbrazilusa.com\/pt\/wp-json\/wp\/v2\/posts\/23461\/revisions"}],"predecessor-version":[{"id":23463,"href":"https:\/\/tvbrazilusa.com\/pt\/wp-json\/wp\/v2\/posts\/23461\/revisions\/23463"}],"wp:featuredmedia":[{"embeddable":true,"href":"https:\/\/tvbrazilusa.com\/pt\/wp-json\/wp\/v2\/media\/23462"}],"wp:attachment":[{"href":"https:\/\/tvbrazilusa.com\/pt\/wp-json\/wp\/v2\/media?parent=23461"}],"wp:term":[{"taxonomy":"category","embeddable":true,"href":"https:\/\/tvbrazilusa.com\/pt\/wp-json\/wp\/v2\/categories?post=23461"},{"taxonomy":"post_tag","embeddable":true,"href":"https:\/\/tvbrazilusa.com\/pt\/wp-json\/wp\/v2\/tags?post=23461"}],"curies":[{"name":"wp","href":"https:\/\/api.w.org\/{rel}","templated":true}]}}