{"id":23467,"date":"2024-08-13T12:06:29","date_gmt":"2024-08-13T12:06:29","guid":{"rendered":"https:\/\/tvbrazilusa.com\/2024\/08\/13\/aaron-rodgers-diz-que-se-arrepende-de-seu-comentario-sobre-imunizacao-em-2021-em-um-proximo-livro-sobre-o-qb\/"},"modified":"2024-08-13T12:14:19","modified_gmt":"2024-08-13T12:14:19","slug":"aaron-rodgers-diz-que-se-arrepende-de-seu-comentario-sobre-imunizacao-em-2021-em-um-proximo-livro-sobre-o-qb","status":"publish","type":"post","link":"https:\/\/tvbrazilusa.com\/pt\/2024\/08\/13\/aaron-rodgers-diz-que-se-arrepende-de-seu-comentario-sobre-imunizacao-em-2021-em-um-proximo-livro-sobre-o-qb\/","title":{"rendered":"Aaron Rodgers diz que se arrepende de seu coment\u00e1rio sobre &#8220;imuniza\u00e7\u00e3o&#8221; em 2021 em um pr\u00f3ximo livro sobre o QB"},"content":{"rendered":"<p> <script async src=\"https:\/\/pagead2.googlesyndication.com\/pagead\/js\/adsbygoogle.js?client=ca-pub-8864793242727901\"\r\n     crossorigin=\"anonymous\"><\/script><br \/>\n<\/p>\n<div id=\"\">\n<header class=\"m-article-header m-article-header--standard\">\n\t\t\t\t\t\t\t\t\t\t\t\t<span id=\"article-header-primary-term\"><br \/>\n\t\t\t\t\t\t\t\t<a class=\"a-term a-term--primary\" href=\"https:\/\/www.boston.com\/tag\/nfl\/\"><\/p>\n<p>\t\t\t\t\t\t\t\tNFL\t\t\t\t\t\t\t\t<\/a><br \/>\n\t\t\t\t\t\t\t<\/span><\/p>\n<h2 class=\"m-article-header__sub-headline\">Sua biografia, \u201cOut Of The Darkness: The Mystery of Aaron Rodgers\u201d, estar\u00e1 \u00e0 venda na pr\u00f3xima semana.<\/h2>\n<figure class=\"a-photo m-article-header__photo\"><figcaption class=\"a-photo__caption\">\n<p>\tO quarterback do New York Jets, Aaron Rodgers, \u00e9 visto antes do in\u00edcio de um jogo de futebol americano da pr\u00e9-temporada da NFL entre o Washington Commanders e o New York Jets no s\u00e1bado, 10 de agosto de 2024, em East Rutherford. NJ<em> AP Photo \/ Pamela Smith<\/em>\t<\/figcaption><\/figure>\n<div class=\"m-article-header__meta\">\n<div class=\"m-article-header__byline\">\n<p class=\"m-article-header__author\">\n<p>\t\t\t\t\t\t\t\tPor TATION VEREAR e DETERRUISSET REPREHENDUNT, Associated Press\t\t\t\t\t\t\t<\/p>\n<p>\t\t\t\t\t\t    \t\t\t\t\t\t\t<time class=\"m-article-header__date\"><\/p>\n<p>        \t\t\t\t\t\t\t13 de agosto de 2024 | 8h06    \t\t\t\t\t\t\t<\/time><\/p><\/div>\n<\/p><\/div>\n<\/header>\n<p>NOVA YORK (AP) \u2014 Aaron Rodgers diz em um livro que ser\u00e1 publicado em breve que ele deveria ter lidado com a discuss\u00e3o sobre seu status de imuniza\u00e7\u00e3o contra a COVID-19 de forma diferente.<\/p>\n<p>O <a href=\"https:\/\/www.boston.com\/sports\/sports-news\/2023\/09\/15\/nfl-news-aaron-rodgers-injury-recovery-timetable-return-quotes\/\">Quarterback do New York Jets<\/a> ainda estava com o Green Bay Packers em 2021 quando disse aos rep\u00f3rteres que estava &#8220;imunizado&#8221; contra o v\u00edrus \u2014 e ent\u00e3o testou positivo para COVID-19 tr\u00eas meses depois e teve que ficar afastado por 10 dias.<\/p>\n<p>Rodgers apelou sem sucesso \u00e0 liga para que seu regime de tratamento homeop\u00e1tico o qualificasse como vacinado. O quatro vezes <a href=\"https:\/\/www.boston.com\/tag\/nfl\/\">NFL<\/a> MVP foi amplamente criticado por n\u00e3o ser honesto sobre seu status.<\/p>\n<p>&#8220;Se h\u00e1 uma coisa que eu gostaria que tivesse sido diferente, \u00e9 isso, porque essa \u00e9 a \u00fanica coisa que (os cr\u00edticos) poderiam me dizer&#8221;, relatou a ESPN que Rodgers disse ao autor Ian O&#39;Connor para a biografia, &#8220;Out Of The Darkness: The Mystery of Aaron Rodgers&#8221;, que estar\u00e1 \u00e0 venda na pr\u00f3xima semana.<\/p>\n<p>A ESPN disse que Rodgers diz no livro que sua principal raz\u00e3o para afirmar que estava &#8220;imunizado&#8221; foi a declara\u00e7\u00e3o que representava &#8220;o ponto crucial do meu apelo&#8221;.<\/p>\n<p>Rodgers disse na \u00e9poca que era al\u00e9rgico a um ingrediente das vacinas Moderna e Pfizer \u2014 polietilenoglicol \u2014 e estava preocupado com poss\u00edveis rea\u00e7\u00f5es adversas \u00e0 vacina Johnson &#038; Johnson.<\/p>\n<p>\u201cMas se eu pudesse fazer de novo, eu teria dito, (esque\u00e7a) o apelo. Eu vou apenas dizer a eles que sou al\u00e9rgico a PEG\u201d, Rodgers diz no livro. \u201cEu n\u00e3o vou tomar Johnson &#038; Johnson. Eu n\u00e3o vou ser vacinado.\u201d<\/p>\n<p>O livro, baseado em entrevistas com 250 pessoas, incluindo Rodgers, tamb\u00e9m se aprofunda em outros aspectos da vida do quarterback, incluindo sua recupera\u00e7\u00e3o de uma <a href=\"https:\/\/www.boston.com\/sports\/nfl\/2024\/05\/21\/jets-qb-aaron-rodgers-doing-everything-practice-return-torn-achilles-tendon\/\">tend\u00e3o de Aquiles rompido<\/a> depois de quatro snaps em sua estreia com os Jets no ano passado, seu longo afastamento de sua fam\u00edlia, sua introdu\u00e7\u00e3o ao uso de ayahuasca e detalhes de sua <a href=\"https:\/\/www.boston.com\/sports\/new-england-patriots\/2024\/01\/09\/aaron-rodgers-reveals-what-he-and-bill-belichick-spoke-about-before-patriots-jets-game\/\">carreira de jogador de futebol<\/a> pela faculdade na Cal, sua queda no primeiro turno no dia do draft em 2005 e suas 18 temporadas com os Packers.<\/p>\n<div class=\"m-block m-generic-cta\t m-generic-cta--post-content\t m-generic-cta--dark\t m-generic-cta--homepage\t m-generic-cta--email-signup\t\t m-generic-cta-block-style--default \tt-amp__generic-cta\"><\/p>\n<div class=\"m-generic-cta__wrap\">\n<div class=\"m-generic-cta__content\">\n<h3 class=\"m-generic-cta__title\">Receba as \u00faltimas not\u00edcias esportivas de Boston<\/h3>\n<p class=\"m-generic-cta__subtitle\">Receba atualiza\u00e7\u00f5es sobre seus times favoritos de Boston, diretamente da nossa reda\u00e7\u00e3o para sua caixa de entrada.<\/p>\n<\/p><\/div>\n<\/p><\/div>\n<\/div><\/div>\n<p><script>\n\t\tvar consent=\"grant\";\n\t\t\/* The above code is parsing the JSON data from the local storage and storing it in a variable. *\/\n\t\t\t\t\tconst onetrustStorageConsent = JSON.parse(localStorage.getItem( 'consent_one_trust_bdc' ) );\n\t\t\tif ( ( onetrustStorageConsent !== null ) ) {\n\t\t\t\t\/* Checking to see if the user has consented to the use of cookies.\n\t\t\t\t* If they have not, it is deleting the cookie.\n\t\t\t\t* This will comment for now, until further notice.\n\t\t\t\t*\/\n\t\t\t\t\/\/if ( onetrustStorageConsent.C0002 === false ) {\n\t\t\t\t\/\/\tdocument.cookie=\"_fbp=;expires=Thu, 01 Jan 2010 00:00:00 UTC; path=\/; domain=.boston.com\";\n\t\t\t\t\/\/}\n\t\t\t\t\/* Checking if the user has given consent for the cookie C0002.\n\t\t\t\t* If the user has given consent, the variable consent will be set to 'grant'.\n\t\t\t\t* If the user has not given consent,the variable consent will be set to 'revoke'.\n\t\t\t\t* Documentation https:\/\/developers.facebook.com\/docs\/meta-pixel\/implementation\/gdpr\n\t\t\t\t*\/\n\t\t\t\tif ( onetrustStorageConsent.C0002 !== true ) {\n\t\t\t\t\tconsent=\"revoke\";\n\t\t\t\t}\n\t\t\t}\n\t\t\t\t!function(f,b,e,v,n,t,s)\n\t\t{if(f.fbq)return;n=f.fbq=function(){n.callMethod?\n\t\tn.callMethod.apply(n,arguments):n.queue.push(arguments)};\n\t\tif(!f._fbq)f._fbq=n;n.push=n;n.loaded=!0;n.version='2.0';\n\t\tn.queue=[];t=b.createElement(e);t.async=!0;\n\t\tt.src=v;s=b.getElementsByTagName(e)[0];\n\t\ts.parentNode.insertBefore(t,s)}(window, document,'script',\n\t\t'https:\/\/connect.facebook.net\/en_US\/fbevents.js');\n\t\tfbq('consent', consent);\n\t\tfbq('init', '989222871864976');\n\t\tfbq('track', 'PageView');\n\t<\/script><script type=\"module\">\n\t\tvar consent=\"grant\";\n\t\t\/* The above code is parsing the JSON data from the local storage and storing it in a variable. *\/\n\t\t\tconst onetrustStorageConsent = JSON.parse(localStorage.getItem( 'consent_one_trust_bdc' ) );\n\t\t\t\/* Checking to see if the user has consented to the use of cookies.\n\t\t\t* If they have not, it is deleting the cookie.\n\t\t\t* This will comment for now, until further notice.\n\t\t\t*\/\n\t\t\t\/\/if ( onetrustStorageConsent.C0002 === false ) {\n\t\t\t\/\/\tdocument.cookie=\"_fbp=;expires=Thu, 01 Jan 2010 00:00:00 UTC; path=\/; domain=.boston.com\";\n\t\t\t\/\/}\n\t\t\t\/* Checking if the user has given consent for the cookie C0002.\n\t\t\t* If the user has given consent, the variable consent will be set to 'grant'.\n\t\t\t* If the user has not given consent,the variable consent will be set to 'revoke'.\n\t\t\t* Documentation https:\/\/developers.facebook.com\/docs\/meta-pixel\/implementation\/gdpr\n\t\t\t*\/\n\t\t\tif ( ( onetrustStorageConsent !== null ) && (onetrustStorageConsent.C0002 !== true ) ) {\n\t\t\t\tconsent=\"revoke\";\n\t\t\t}\n\t\t\t\t!function(f,b,e,v,n,t,s){if(f.fbq)return;n=f.fbq=function()\n\t\t{n.callMethod? n.callMethod.apply(n,arguments):n.queue.push(arguments)}\n\t\t;if(!f._fbq)f._fbq=n;\n\t\tn.push=n;n.loaded=!0;n.version='2.0';n.queue=[];t=b.createElement(e);t.async=!0;\n\t\tt.src=v;s=b.getElementsByTagName(e)[0];s.parentNode.insertBefore(t,s)}(window,\n\t\tdocument,'script','https:\/\/connect.facebook.net\/en_US\/fbevents.js');\n\t\tfbq('consent', consent);\n\t\tfbq('init', '813236348753005');\n\t\tfbq('track', \"PageView\");\n\t<\/script><br \/>\n<br \/><br \/>\n<br \/><a href=\"https:\/\/www.boston.com\/sports\/nfl\/2024\/08\/13\/aaron-rodgers-says-he-regrets-his-immunized-comment-in-2021\/\">Source link <\/a><\/p>","protected":false},"excerpt":{"rendered":"<p>NFL Sua biografia, \u201cOut Of The Darkness: The Mystery of Aaron Rodgers\u201d, estar\u00e1 \u00e0 venda na pr\u00f3xima semana. O quarterback do New York Jets, Aaron Rodgers, \u00e9 visto antes do&hellip;<\/p>","protected":false},"author":1,"featured_media":23468,"comment_status":"closed","ping_status":"open","sticky":false,"template":"","format":"standard","meta":{"content-type":"","footnotes":""},"categories":[1],"tags":[],"class_list":["post-23467","post","type-post","status-publish","format-standard","has-post-thumbnail","hentry","category-uncategorized"],"_links":{"self":[{"href":"https:\/\/tvbrazilusa.com\/pt\/wp-json\/wp\/v2\/posts\/23467","targetHints":{"allow":["GET"]}}],"collection":[{"href":"https:\/\/tvbrazilusa.com\/pt\/wp-json\/wp\/v2\/posts"}],"about":[{"href":"https:\/\/tvbrazilusa.com\/pt\/wp-json\/wp\/v2\/types\/post"}],"author":[{"embeddable":true,"href":"https:\/\/tvbrazilusa.com\/pt\/wp-json\/wp\/v2\/users\/1"}],"replies":[{"embeddable":true,"href":"https:\/\/tvbrazilusa.com\/pt\/wp-json\/wp\/v2\/comments?post=23467"}],"version-history":[{"count":1,"href":"https:\/\/tvbrazilusa.com\/pt\/wp-json\/wp\/v2\/posts\/23467\/revisions"}],"predecessor-version":[{"id":23469,"href":"https:\/\/tvbrazilusa.com\/pt\/wp-json\/wp\/v2\/posts\/23467\/revisions\/23469"}],"wp:featuredmedia":[{"embeddable":true,"href":"https:\/\/tvbrazilusa.com\/pt\/wp-json\/wp\/v2\/media\/23468"}],"wp:attachment":[{"href":"https:\/\/tvbrazilusa.com\/pt\/wp-json\/wp\/v2\/media?parent=23467"}],"wp:term":[{"taxonomy":"category","embeddable":true,"href":"https:\/\/tvbrazilusa.com\/pt\/wp-json\/wp\/v2\/categories?post=23467"},{"taxonomy":"post_tag","embeddable":true,"href":"https:\/\/tvbrazilusa.com\/pt\/wp-json\/wp\/v2\/tags?post=23467"}],"curies":[{"name":"wp","href":"https:\/\/api.w.org\/{rel}","templated":true}]}}