{"id":23470,"date":"2024-08-13T12:08:26","date_gmt":"2024-08-13T12:08:26","guid":{"rendered":"https:\/\/tvbrazilusa.com\/2024\/08\/13\/ex-prospecto-do-mets-surpreendentemente-dfad-apos-acordo-de-prazo\/"},"modified":"2024-08-13T12:19:41","modified_gmt":"2024-08-13T12:19:41","slug":"ex-prospecto-do-mets-surpreendentemente-dfad-apos-acordo-de-prazo","status":"publish","type":"post","link":"https:\/\/tvbrazilusa.com\/pt\/2024\/08\/13\/ex-prospecto-do-mets-surpreendentemente-dfad-apos-acordo-de-prazo\/","title":{"rendered":"Ex-prospecto do Mets surpreendentemente DFA&#39;d ap\u00f3s acordo de prazo"},"content":{"rendered":"<script async src=\"https:\/\/pagead2.googlesyndication.com\/pagead\/js\/adsbygoogle.js?client=ca-pub-8864793242727901\"\r\n     crossorigin=\"anonymous\"><\/script>\n<div>\n<p class=\"article__paragraph article__paragraph--left\" id=\"IXLHV7ML6FDBXC4DZDRA6L2GNE\">Antigo <a href=\"https:\/\/www.nj.com\/mets\/\" target=\"_blank\" rel=\"noopener\">Mets<\/a> melhor perspectiva <a href=\"https:\/\/www.nj.com\/mets\/2021\/09\/ex-mets-shortstop-makes-mlb-history.html\" target=\"_blank\" rel=\"noopener\">Amed Ros\u00e1rio<\/a> foi designado para miss\u00e3o na segunda-feira.<\/p>\n<p class=\"article__paragraph article__paragraph--left\" id=\"BTEOBWGXPVEBJDYFW77ZQ3PKCA\">Os Dodgers adquiriram Rosario do Tampa Bay Rays no prazo de negocia\u00e7\u00e3o para ajudar a melhorar sua profundidade de infield\/outfield. Eles s\u00f3 tiveram que abrir m\u00e3o do reliever de 28 anos da liga menor <a href=\"https:\/\/www.milb.com\/player\/michael-flynn-663901\" target=\"_blank\" rel=\"noopener\">Michael Flynn<\/a> para peg\u00e1-lo.<\/p>\n<p class=\"article__paragraph article__paragraph--left\" id=\"SXAM3TAF7VC2TJKSUEMWNVRKHY\"><b>COMPRE INGRESSOS PARA O METS:<\/b><b>,<\/b><b>,<\/b><\/p>\n<p class=\"article__paragraph article__paragraph--left\" id=\"VBL6L4KON5HNRFP2PT5445HAW4\">Rosario, 28, recebeu apenas 12 apari\u00e7\u00f5es no plate durante sua segunda passagem pelos Dodgers. Antes de se juntar aos Rays em um contrato de um ano nesta offseason, ele passou a segunda metade da temporada de 2023 com os Dodgers ap\u00f3s ser adquirido no prazo de negocia\u00e7\u00e3o. Em 287 apari\u00e7\u00f5es no plate entre os Rays e os Dodgers, ele teve m\u00e9dias de .305\/.331\/.415, o que \u00e9 cerca de 14% melhor do que a m\u00e9dia da liga.<\/p>\n<p class=\"article__paragraph article__paragraph--left\" id=\"PCWZI64DOBA4HCY6EKZMH4LZ5U\">Apesar de sua produ\u00e7\u00e3o, os Dodgers decidiram que Rosario era dispens\u00e1vel. Ele foi considerado um defensor ruim ao longo de sua carreira, mas tem um bast\u00e3o forte. Ele rebateu .327\/.355\/.462 contra canhotos em 2024.<\/p>\n<p class=\"article__paragraph article__paragraph--left\" id=\"JGP4KOTP7JEBPAYLANJEU77QC4\">Rosario jogou com o Mets de 2017 a 2020. Em 2016, ele foi votado para o MLB All-Star Futures Game ap\u00f3s subir no sistema de fazenda do Mets. O Mets deu seu maior b\u00f4nus de assinatura internacional (US$ 1,75 milh\u00e3o) para Rosario em 2012. Em 2017, ele foi nomeado o principal prospecto do Mets.<\/p>\n<p class=\"article__paragraph article__paragraph--left\" id=\"ELYRF3YENNF77CMGQNP75RSQVE\">O Mets negociou Rosario com o Cleveland Guardians em 2021 como parte do <a href=\"https:\/\/www.nj.com\/mets\/2021\/03\/mets-francisco-lindor-contract-stalemate-is-absurd-says-mike-francesa.html\" target=\"_blank\" rel=\"noopener\">Francisco Lindor<\/a> acordo, e ele jogou com Cleveland at\u00e9 2023. Rosario teve dificuldades em muitas \u00e1reas diferentes para o Mets e nunca correspondeu ao potencial de um grande prospecto.<\/p>\n<section class=\"Stories-By-Section-Tag-module_wrapper__69Ed7 Stories-By-Section-Tag-module_nj__RFbQx\"\/>\n<p class=\"article__paragraph article__paragraph--left\" id=\"G56URJXSHJEA5MUWN7RUYMCEJE\"><i>Obrigado por confiar em n\u00f3s para fornecer o jornalismo em que voc\u00ea pode confiar. Por favor, considere nos apoiar com uma assinatura.<\/i><\/p>\n<p class=\"article__paragraph article__paragraph--left\" id=\"5DVM5TP25FDFFOUCOYLZUD5WKM\"><i>Cayden Steele pode ser contatado em <\/i><a href=\"https:\/\/www.nj.com\/mets\/2024\/08\/mailto:CSteele@njadvancemedia.com\"><i>CSteele@njadvancemedia.com<\/i><\/a><\/p>\n<\/div>\n<p><br \/>\n<br \/><a href=\"https:\/\/www.nj.com\/mets\/2024\/08\/former-mets-top-prospect-surprisingly-dfad-after-deadline-deal.html\">Source link <\/a><\/p>","protected":false},"excerpt":{"rendered":"<p>Antigo Mets melhor perspectiva Amed Ros\u00e1rio foi designado para miss\u00e3o na segunda-feira. Os Dodgers adquiriram Rosario do Tampa Bay Rays no prazo de negocia\u00e7\u00e3o para ajudar a melhorar sua profundidade&hellip;<\/p>","protected":false},"author":1,"featured_media":23471,"comment_status":"closed","ping_status":"open","sticky":false,"template":"","format":"standard","meta":{"content-type":"","footnotes":""},"categories":[1],"tags":[],"class_list":["post-23470","post","type-post","status-publish","format-standard","has-post-thumbnail","hentry","category-uncategorized"],"_links":{"self":[{"href":"https:\/\/tvbrazilusa.com\/pt\/wp-json\/wp\/v2\/posts\/23470","targetHints":{"allow":["GET"]}}],"collection":[{"href":"https:\/\/tvbrazilusa.com\/pt\/wp-json\/wp\/v2\/posts"}],"about":[{"href":"https:\/\/tvbrazilusa.com\/pt\/wp-json\/wp\/v2\/types\/post"}],"author":[{"embeddable":true,"href":"https:\/\/tvbrazilusa.com\/pt\/wp-json\/wp\/v2\/users\/1"}],"replies":[{"embeddable":true,"href":"https:\/\/tvbrazilusa.com\/pt\/wp-json\/wp\/v2\/comments?post=23470"}],"version-history":[{"count":1,"href":"https:\/\/tvbrazilusa.com\/pt\/wp-json\/wp\/v2\/posts\/23470\/revisions"}],"predecessor-version":[{"id":23472,"href":"https:\/\/tvbrazilusa.com\/pt\/wp-json\/wp\/v2\/posts\/23470\/revisions\/23472"}],"wp:featuredmedia":[{"embeddable":true,"href":"https:\/\/tvbrazilusa.com\/pt\/wp-json\/wp\/v2\/media\/23471"}],"wp:attachment":[{"href":"https:\/\/tvbrazilusa.com\/pt\/wp-json\/wp\/v2\/media?parent=23470"}],"wp:term":[{"taxonomy":"category","embeddable":true,"href":"https:\/\/tvbrazilusa.com\/pt\/wp-json\/wp\/v2\/categories?post=23470"},{"taxonomy":"post_tag","embeddable":true,"href":"https:\/\/tvbrazilusa.com\/pt\/wp-json\/wp\/v2\/tags?post=23470"}],"curies":[{"name":"wp","href":"https:\/\/api.w.org\/{rel}","templated":true}]}}