{"id":23478,"date":"2024-08-13T12:10:49","date_gmt":"2024-08-13T12:10:49","guid":{"rendered":"https:\/\/tvbrazilusa.com\/2024\/08\/13\/outro-dia-quente-alem-de-seguir-ernesto-wsvn-7news-noticias-de-miami-clima-esportes-fort-lauderdale\/"},"modified":"2024-08-13T12:26:25","modified_gmt":"2024-08-13T12:26:25","slug":"outro-dia-quente-alem-de-seguir-ernesto-wsvn-7news-noticias-de-miami-clima-esportes-fort-lauderdale","status":"publish","type":"post","link":"https:\/\/tvbrazilusa.com\/pt\/2024\/08\/13\/outro-dia-quente-alem-de-seguir-ernesto-wsvn-7news-noticias-de-miami-clima-esportes-fort-lauderdale\/","title":{"rendered":"Outro dia quente, al\u00e9m de seguir Ernesto &#8211; WSVN 7News | Not\u00edcias de Miami, Clima, Esportes | Fort Lauderdale"},"content":{"rendered":"<p> <script async src=\"https:\/\/pagead2.googlesyndication.com\/pagead\/js\/adsbygoogle.js?client=ca-pub-8864793242727901\"\r\n     crossorigin=\"anonymous\"><\/script><br \/>\n<\/p>\n<div itemprop=\"articleBody\">\n<p>OUTRO AVISO DE CALOR come\u00e7a \u00e0s 10h para TODO o sul da Fl\u00f3rida. Vai estar MUITO QUENTE, na casa dos tr\u00eas d\u00edgitos, ent\u00e3o tenha uma garrafa com voc\u00ea para reabastecer e se manter hidratado!<\/p>\n<figure class=\"wp-block-image size-large\"><\/figure>\n<p>A previs\u00e3o para hoje pede alta press\u00e3o para dominar do Atl\u00e2ntico ao Golfo do M\u00e9xico. Al\u00e9m disso, temos uma camada rasa de poeira do Saara ao redor e isso deve manter as chances de chuva baixas at\u00e9 quarta-feira. Isso ajuda a prender o vapor sobre a regi\u00e3o e \u00e9 por isso que est\u00e1 mais quente. Apenas uma pequena chance de ver uma chuva fraca pela manh\u00e3 e se virmos uma tempestade se formar \u00e0 tarde\/noite, elas estar\u00e3o no oeste. <\/p>\n<p>Na quinta-feira, a poeira dever\u00e1 dissipar-se e haver\u00e1 um pouco mais de umidade no ar, o que permitir\u00e1 o retorno de tempestades dispersas conforme a previs\u00e3o. <\/p>\n<figure class=\"wp-block-image size-large\"><img fetchpriority=\"high\" decoding=\"async\" width=\"1920\" height=\"1080\" src=\"https:\/\/wsvn.com\/wp-content\/uploads\/sites\/2\/2024\/08\/Day-Futurecast.png?w=1024\" alt=\"\" class=\"wp-image-1472880\" srcset=\"https:\/\/wsvn.com\/wp-content\/uploads\/sites\/2\/2024\/08\/Day-Futurecast.png 1920w, https:\/\/wsvn.com\/wp-content\/uploads\/sites\/2\/2024\/08\/Day-Futurecast.png?resize=300,169 300w, https:\/\/wsvn.com\/wp-content\/uploads\/sites\/2\/2024\/08\/Day-Futurecast.png?resize=768,432 768w, https:\/\/wsvn.com\/wp-content\/uploads\/sites\/2\/2024\/08\/Day-Futurecast.png?resize=1024,576 1024w, https:\/\/wsvn.com\/wp-content\/uploads\/sites\/2\/2024\/08\/Day-Futurecast.png?resize=1536,864 1536w\" sizes=\"(max-width: 1920px) 100vw, 1920px\"\/><\/figure>\n<p class=\"has-text-align-center\"><strong>Hoje nos Tr\u00f3picos: Rastreando Ernesto <\/strong><\/p>\n<p>O centro da tempestade tropical Ernesto est\u00e1 atualmente se movendo pelas Ilhas de Sotavento. <\/p>\n<figure class=\"wp-block-image size-large\"><img decoding=\"async\" width=\"1920\" height=\"1080\" src=\"https:\/\/wsvn.com\/wp-content\/uploads\/sites\/2\/2024\/08\/Ernesto-Advisory-Sat-IR-1.png?w=1024\" alt=\"\" class=\"wp-image-1472875\" srcset=\"https:\/\/wsvn.com\/wp-content\/uploads\/sites\/2\/2024\/08\/Ernesto-Advisory-Sat-IR-1.png 1920w, https:\/\/wsvn.com\/wp-content\/uploads\/sites\/2\/2024\/08\/Ernesto-Advisory-Sat-IR-1.png?resize=300,169 300w, https:\/\/wsvn.com\/wp-content\/uploads\/sites\/2\/2024\/08\/Ernesto-Advisory-Sat-IR-1.png?resize=768,432 768w, https:\/\/wsvn.com\/wp-content\/uploads\/sites\/2\/2024\/08\/Ernesto-Advisory-Sat-IR-1.png?resize=1024,576 1024w, https:\/\/wsvn.com\/wp-content\/uploads\/sites\/2\/2024\/08\/Ernesto-Advisory-Sat-IR-1.png?resize=1536,864 1536w\" sizes=\"(max-width: 1920px) 100vw, 1920px\"\/><\/figure>\n<p>Ernesto se mover\u00e1 sobre partes das Ilhas Leeward esta manh\u00e3 e perto ou sobre as Ilhas Virgens Americanas e Brit\u00e2nicas e Porto Rico esta noite. Uma vez que ele passe por Porto Rico e as Ilhas Virgens, ele virar\u00e1 para o norte sobre o Atl\u00e2ntico Ocidental.  <\/p>\n<figure class=\"wp-block-image size-large\"><img loading=\"lazy\" decoding=\"async\" width=\"1920\" height=\"1080\" src=\"https:\/\/wsvn.com\/wp-content\/uploads\/sites\/2\/2024\/08\/Ernesto-Cone-1.png?w=1024\" alt=\"\" class=\"wp-image-1472876\" srcset=\"https:\/\/wsvn.com\/wp-content\/uploads\/sites\/2\/2024\/08\/Ernesto-Cone-1.png 1920w, https:\/\/wsvn.com\/wp-content\/uploads\/sites\/2\/2024\/08\/Ernesto-Cone-1.png?resize=300,169 300w, https:\/\/wsvn.com\/wp-content\/uploads\/sites\/2\/2024\/08\/Ernesto-Cone-1.png?resize=768,432 768w, https:\/\/wsvn.com\/wp-content\/uploads\/sites\/2\/2024\/08\/Ernesto-Cone-1.png?resize=1024,576 1024w, https:\/\/wsvn.com\/wp-content\/uploads\/sites\/2\/2024\/08\/Ernesto-Cone-1.png?resize=1536,864 1536w\" sizes=\"auto, (max-width: 1920px) 100vw, 1920px\"\/><\/figure>\n<p>No momento, as Ilhas Leeward est\u00e3o enfrentando ventos fortes e per\u00edodos de chuva pesada. De hoje \u00e0 noite at\u00e9 quarta-feira, o vento e as chuvas se espalhar\u00e3o para Porto Rico e as Ilhas Virgens. A previs\u00e3o \u00e9 de 3 a 6 polegadas com quantidades isoladas de at\u00e9 10 polegadas. <\/p>\n<figure class=\"wp-block-image size-large\"><img loading=\"lazy\" decoding=\"async\" width=\"1920\" height=\"1080\" src=\"https:\/\/wsvn.com\/wp-content\/uploads\/sites\/2\/2024\/08\/Ernesto-Impacts-thru-Wed.png?w=1024\" alt=\"\" class=\"wp-image-1472877\" srcset=\"https:\/\/wsvn.com\/wp-content\/uploads\/sites\/2\/2024\/08\/Ernesto-Impacts-thru-Wed.png 1920w, https:\/\/wsvn.com\/wp-content\/uploads\/sites\/2\/2024\/08\/Ernesto-Impacts-thru-Wed.png?resize=300,169 300w, https:\/\/wsvn.com\/wp-content\/uploads\/sites\/2\/2024\/08\/Ernesto-Impacts-thru-Wed.png?resize=768,432 768w, https:\/\/wsvn.com\/wp-content\/uploads\/sites\/2\/2024\/08\/Ernesto-Impacts-thru-Wed.png?resize=1024,576 1024w, https:\/\/wsvn.com\/wp-content\/uploads\/sites\/2\/2024\/08\/Ernesto-Impacts-thru-Wed.png?resize=1536,864 1536w\" sizes=\"auto, (max-width: 1920px) 100vw, 1920px\"\/><\/figure>\n<p>Tenha uma \u00f3tima semana no sul da Fl\u00f3rida e que seja segura! <\/p>\n<p>Vivian Gonz\u00e1lez<\/p>\n<p>Meteorologista, certificado pela AMS <\/p>\n<p>Canal 7 da WSVN <\/p>\n<div class=\"wp-block-newsletter\">\n\t<strong class=\"wp-block-newsletter__title\">Inscreva-se em nossa Newsletter para receber as \u00faltimas not\u00edcias diretamente na sua caixa de entrada<\/strong><\/p>\n<\/div><\/div>\n<p><br \/>\n<br \/><a href=\"https:\/\/wsvn.com\/weather-blog\/another-hot-day-plus-tracking-ernesto\/\">Source link <\/a><\/p>","protected":false},"excerpt":{"rendered":"<p>OUTRO AVISO DE CALOR come\u00e7a \u00e0s 10h para TODO o sul da Fl\u00f3rida. Vai estar MUITO QUENTE, na casa dos tr\u00eas d\u00edgitos, ent\u00e3o tenha uma garrafa com voc\u00ea para reabastecer&hellip;<\/p>","protected":false},"author":1,"featured_media":23479,"comment_status":"closed","ping_status":"open","sticky":false,"template":"","format":"standard","meta":{"content-type":"","footnotes":""},"categories":[1],"tags":[],"class_list":["post-23478","post","type-post","status-publish","format-standard","has-post-thumbnail","hentry","category-uncategorized"],"_links":{"self":[{"href":"https:\/\/tvbrazilusa.com\/pt\/wp-json\/wp\/v2\/posts\/23478","targetHints":{"allow":["GET"]}}],"collection":[{"href":"https:\/\/tvbrazilusa.com\/pt\/wp-json\/wp\/v2\/posts"}],"about":[{"href":"https:\/\/tvbrazilusa.com\/pt\/wp-json\/wp\/v2\/types\/post"}],"author":[{"embeddable":true,"href":"https:\/\/tvbrazilusa.com\/pt\/wp-json\/wp\/v2\/users\/1"}],"replies":[{"embeddable":true,"href":"https:\/\/tvbrazilusa.com\/pt\/wp-json\/wp\/v2\/comments?post=23478"}],"version-history":[{"count":1,"href":"https:\/\/tvbrazilusa.com\/pt\/wp-json\/wp\/v2\/posts\/23478\/revisions"}],"predecessor-version":[{"id":23480,"href":"https:\/\/tvbrazilusa.com\/pt\/wp-json\/wp\/v2\/posts\/23478\/revisions\/23480"}],"wp:featuredmedia":[{"embeddable":true,"href":"https:\/\/tvbrazilusa.com\/pt\/wp-json\/wp\/v2\/media\/23479"}],"wp:attachment":[{"href":"https:\/\/tvbrazilusa.com\/pt\/wp-json\/wp\/v2\/media?parent=23478"}],"wp:term":[{"taxonomy":"category","embeddable":true,"href":"https:\/\/tvbrazilusa.com\/pt\/wp-json\/wp\/v2\/categories?post=23478"},{"taxonomy":"post_tag","embeddable":true,"href":"https:\/\/tvbrazilusa.com\/pt\/wp-json\/wp\/v2\/tags?post=23478"}],"curies":[{"name":"wp","href":"https:\/\/api.w.org\/{rel}","templated":true}]}}