{"id":23484,"date":"2024-08-13T12:38:00","date_gmt":"2024-08-13T12:38:00","guid":{"rendered":"https:\/\/tvbrazilusa.com\/2024\/08\/13\/fabio-jr-faz-declaracao-a-filha-apos-fiuk-criticar-sua-ausencia\/"},"modified":"2024-08-13T12:39:03","modified_gmt":"2024-08-13T12:39:03","slug":"fabio-jr-faz-declaracao-a-filha-apos-fiuk-criticar-sua-ausencia","status":"publish","type":"post","link":"https:\/\/tvbrazilusa.com\/pt\/2024\/08\/13\/fabio-jr-faz-declaracao-a-filha-apos-fiuk-criticar-sua-ausencia\/","title":{"rendered":"F\u00e1bio Jr. faz declara\u00e7\u00e3o \u00e0 filha ap\u00f3s Fiuk criticar sua aus\u00eancia"},"content":{"rendered":"<p> <script async src=\"https:\/\/pagead2.googlesyndication.com\/pagead\/js\/adsbygoogle.js?client=ca-pub-8864793242727901\"\r\n     crossorigin=\"anonymous\"><\/script><br \/>\n<\/p>\n<div>\n<p>Na segunda-feira, 12 de agosto de 2024, Tain\u00e1 Galv\u00e3o, filha do famoso cantor F\u00e1bio Jr., comemorou seu 38\u00ba anivers\u00e1rio. A festiva data coincidiu com o dia seguinte \u00e0 celebra\u00e7\u00e3o do Dia dos Pais, tornando o momento familiar ainda mais especial. Em uma postagem emocionante nas redes sociais, Tain\u00e1 compartilhou um v\u00eddeo ao lado do pai, expressando seu carinho e gratid\u00e3o. \u201cDia do gordinho + meu dia. 38 anos e muito amor para dar\u201d, escreveu a cantora, recebendo uma bela mensagem de resposta de F\u00e1bio Jr. no coment\u00e1rio.<\/p>\n<p>O cantor n\u00e3o poupou palavras ao declarar amor \u00e0 filha. \u201cGordinha! Eu te amo muit\u00e3o, filha! Que Deus te aben\u00e7oe, te ilumine, te oriente e te proteja sempre! Como \u00e9 bom ver voc\u00ea t\u00e3o linda e t\u00e3o feliz\u201d, escreveu F\u00e1bio Jr., emocionando seus seguidores e demonstrando o forte la\u00e7o com Tain\u00e1. A noite ainda reservava mais surpresas e declara\u00e7\u00f5es.<\/p>\n<blockquote class=\"instagram-media\" data-instgrm-captioned=\"\" data-instgrm-permalink=\"https:\/\/www.instagram.com\/reel\/C-l7agLuJwd\/?utm_source=ig_embed&#038;utm_campaign=loading\" data-instgrm-version=\"14\" style=\" background:#FFF; border:0; border-radius:3px; box-shadow:0 0 1px 0 rgba(0,0,0,0.5),0 1px 10px 0 rgba(0,0,0,0.15); margin: 1px; max-width:540px; min-width:326px; padding:0; width:99.375%; width:-webkit-calc(100% - 2px); width:calc(100% - 2px);\"\/>\n<h2 class=\"wp-block-heading\">F\u00e1bio Jr. e Tain\u00e1 Galv\u00e3o: Uma Rela\u00e7\u00e3o Paternal Fortalecida<\/h2>\n<figure class=\"wp-block-image size-large\"><picture decoding=\"async\" class=\"wp-image-173000\"><source type=\"image\/webp\" srcset=\"https:\/\/terrabrasilnoticias.com\/wp-content\/uploads\/2024\/08\/image-383-1024x542.png.webp 1024w, https:\/\/terrabrasilnoticias.com\/wp-content\/uploads\/2024\/08\/image-383-300x159.png.webp 300w, https:\/\/terrabrasilnoticias.com\/wp-content\/uploads\/2024\/08\/image-383-768x407.png.webp 768w, https:\/\/terrabrasilnoticias.com\/wp-content\/uploads\/2024\/08\/image-383-750x397.png.webp 750w, https:\/\/terrabrasilnoticias.com\/wp-content\/uploads\/2024\/08\/image-383.png.webp 1093w\" sizes=\"(max-width: 1024px) 100vw, 1024px\"\/><\/picture><figcaption class=\"wp-element-caption\">Reprodu\u00e7\u00e3o\/Instagram<\/figcaption><\/figure>\n<p>Na madrugada de ter\u00e7a-feira, 13 de agosto de 2024, Tain\u00e1 Galv\u00e3o continuou a celebra\u00e7\u00e3o ao compartilhar outro v\u00eddeo, desta vez uma retrospectiva dos momentos mais significativos de sua vida. A resposta de F\u00e1bio Jr. n\u00e3o poderia ser diferente: \u201cParab\u00e9ns, gordinha. Te amo muit\u00e3o\u201d, reafirmando o carinho e a proximidade entre pai e filha.<\/p>\n<p>A rela\u00e7\u00e3o entre Tain\u00e1 e F\u00e1bio Jr. mostra-se forte e carinhosa, um contraste interessante com outras din\u00e2micas familiares discutidas recentemente. A troca de amor e afei\u00e7\u00e3o entre os dois inspira seguidores que valorizam a import\u00e2ncia da presen\u00e7a e do afeto familiar.<\/p>\n<h2 class=\"wp-block-heading\">Como Est\u00e1 a Rela\u00e7\u00e3o Entre Fiuk e F\u00e1bio Jr.?<\/h2>\n<p>Mesmo com a alegria e a demonstra\u00e7\u00e3o de afeto no anivers\u00e1rio de Tain\u00e1, o cen\u00e1rio familiar n\u00e3o \u00e9 completamente harmonioso. Fiuk, tamb\u00e9m filho de F\u00e1bio Jr., fez uma postagem no Dia dos Pais lamentando a aus\u00eancia do pai em sua vida. Ele escreveu: \u201cFeliz Dia dos Pais para voc\u00ea que mesmo ausente deixou uma marca importante na minha vida. Pai, eu nem sei explicar o tamanho da dor que \u00e9 te ter t\u00e3o longe. \u00c9 triste sentir que algu\u00e9m que deveria dar amor, suporte e carinho, n\u00e3o quer nem saber de voc\u00ea. A sua aus\u00eancia me faz falta todos os dias\u201d.<\/p>\n<p>A comunica\u00e7\u00e3o p\u00fablica de Fiuk destacou uma queixa muito sentida, um sentimento de aus\u00eancia paternal que contrastou com a demonstra\u00e7\u00e3o de carinho vivenciada por Tain\u00e1. O post de Fiuk tamb\u00e9m recebeu fortes rea\u00e7\u00f5es, incluindo o apoio da irm\u00e3 Cleo e da ex-madrasta Mari Alexandre.<\/p>\n<h2 class=\"wp-block-heading\">Reflex\u00e3o sobre Acontecimentos Recentes<\/h2>\n<p>As situa\u00e7\u00f5es envolvendo F\u00e1bio Jr., Tain\u00e1 Galv\u00e3o e Fiuk revelam a complexidade das rela\u00e7\u00f5es familiares, especialmente quando sob os holofotes. O amor e o apoio demonstrados por F\u00e1bio \u00e0 Tain\u00e1 exemplificam uma forte conex\u00e3o, enquanto a declara\u00e7\u00e3o p\u00fablica de Fiuk traz \u00e0 tona quest\u00f5es de afeto e presen\u00e7a paternal. <\/p>\n<p>Essas hist\u00f3rias servem como um lembrete de que, independentemente da fama, as rela\u00e7\u00f5es familiares enfrentam desafios e demandam compreens\u00e3o m\u00fatua.<\/p>\n<\/p><\/div>\n<p><script async src=\"\/\/www.instagram.com\/embed.js\"><\/script><br \/>\n<br \/><br \/>\n<br \/><a href=\"https:\/\/terrabrasilnoticias.com\/2024\/08\/fabio-jr-faz-declaracao-a-filha-apos-fiuk-criticar-sua-ausencia\/\">Source link <\/a><\/p>","protected":false},"excerpt":{"rendered":"<p>Na segunda-feira, 12 de agosto de 2024, Tain\u00e1 Galv\u00e3o, filha do famoso cantor F\u00e1bio Jr., comemorou seu 38\u00ba anivers\u00e1rio. A festiva data coincidiu com o dia seguinte \u00e0 celebra\u00e7\u00e3o do&hellip;<\/p>","protected":false},"author":1,"featured_media":23485,"comment_status":"closed","ping_status":"open","sticky":false,"template":"","format":"standard","meta":{"content-type":"","footnotes":""},"categories":[16],"tags":[],"class_list":["post-23484","post","type-post","status-publish","format-standard","has-post-thumbnail","hentry","category-noticias"],"_links":{"self":[{"href":"https:\/\/tvbrazilusa.com\/pt\/wp-json\/wp\/v2\/posts\/23484","targetHints":{"allow":["GET"]}}],"collection":[{"href":"https:\/\/tvbrazilusa.com\/pt\/wp-json\/wp\/v2\/posts"}],"about":[{"href":"https:\/\/tvbrazilusa.com\/pt\/wp-json\/wp\/v2\/types\/post"}],"author":[{"embeddable":true,"href":"https:\/\/tvbrazilusa.com\/pt\/wp-json\/wp\/v2\/users\/1"}],"replies":[{"embeddable":true,"href":"https:\/\/tvbrazilusa.com\/pt\/wp-json\/wp\/v2\/comments?post=23484"}],"version-history":[{"count":1,"href":"https:\/\/tvbrazilusa.com\/pt\/wp-json\/wp\/v2\/posts\/23484\/revisions"}],"predecessor-version":[{"id":23486,"href":"https:\/\/tvbrazilusa.com\/pt\/wp-json\/wp\/v2\/posts\/23484\/revisions\/23486"}],"wp:featuredmedia":[{"embeddable":true,"href":"https:\/\/tvbrazilusa.com\/pt\/wp-json\/wp\/v2\/media\/23485"}],"wp:attachment":[{"href":"https:\/\/tvbrazilusa.com\/pt\/wp-json\/wp\/v2\/media?parent=23484"}],"wp:term":[{"taxonomy":"category","embeddable":true,"href":"https:\/\/tvbrazilusa.com\/pt\/wp-json\/wp\/v2\/categories?post=23484"},{"taxonomy":"post_tag","embeddable":true,"href":"https:\/\/tvbrazilusa.com\/pt\/wp-json\/wp\/v2\/tags?post=23484"}],"curies":[{"name":"wp","href":"https:\/\/api.w.org\/{rel}","templated":true}]}}