{"id":23502,"date":"2024-08-13T12:49:58","date_gmt":"2024-08-13T12:49:58","guid":{"rendered":"https:\/\/tvbrazilusa.com\/2024\/08\/13\/biden-esta-anunciando-us-150-milhoes-em-bolsas-de-pesquisa-como-parte-de-seu-esforco-moonshot-para-combater-o-cancer\/"},"modified":"2024-08-13T12:56:35","modified_gmt":"2024-08-13T12:56:35","slug":"biden-esta-anunciando-us-150-milhoes-em-bolsas-de-pesquisa-como-parte-de-seu-esforco-moonshot-para-combater-o-cancer","status":"publish","type":"post","link":"https:\/\/tvbrazilusa.com\/pt\/2024\/08\/13\/biden-esta-anunciando-us-150-milhoes-em-bolsas-de-pesquisa-como-parte-de-seu-esforco-moonshot-para-combater-o-cancer\/","title":{"rendered":"Biden est\u00e1 anunciando US$ 150 milh\u00f5es em bolsas de pesquisa como parte de seu esfor\u00e7o &#8220;moonshot&#8221; para combater o c\u00e2ncer"},"content":{"rendered":"<p> <script async src=\"https:\/\/pagead2.googlesyndication.com\/pagead\/js\/adsbygoogle.js?client=ca-pub-8864793242727901\"\r\n     crossorigin=\"anonymous\"><\/script><br \/>\n<\/p>\n<div id=\"\">\n<header class=\"m-article-header m-article-header--standard\">\n\t\t\t\t\t\t\t\t\t\t\t\t<span id=\"article-header-primary-term\"><br \/>\n\t\t\t\t\t\t\t\t<a class=\"a-term a-term--primary\" href=\"https:\/\/www.boston.com\/tag\/politics\/\"><\/p>\n<p>\t\t\t\t\t\t\t\tPol\u00edtica\t\t\t\t\t\t\t\t<\/a><br \/>\n\t\t\t\t\t\t\t<\/span><\/p>\n<h2 class=\"m-article-header__sub-headline\">Antes de deixar o cargo em janeiro, Biden espera aproximar os EUA da meta que estabeleceu em 2022 de reduzir as mortes por c\u00e2ncer no pa\u00eds em 50% nos pr\u00f3ximos 25 anos e melhorar a vida dos cuidadores e daqueles que sofrem de c\u00e2ncer.<\/h2>\n<figure class=\"a-photo m-article-header__photo\"><figcaption class=\"a-photo__caption\">\n<p>\tO presidente Joe Biden discursa sobre a iniciativa Moonshot contra o c\u00e2ncer na Biblioteca e Museu John F. Kennedy, em 12 de setembro de 2022, em Boston. <em> Foto AP\/Evan Vucci<\/em>\t<\/figcaption><\/figure>\n<div class=\"m-article-header__meta\">\n<div class=\"m-article-header__byline\">\n<p class=\"m-article-header__author\">\n<p>\t\t\t\t\t\t\t\tPor WILL WEISSERT e CARLA K. JOHNSON, Associated Press\t\t\t\t\t\t\t<\/p>\n<p>\t\t\t\t\t\t    \t\t\t\t\t\t\t<time class=\"m-article-header__date\"><\/p>\n<p>        \t\t\t\t\t\t\t13 de agosto de 2024 | 8h49    \t\t\t\t\t\t\t<\/time><\/p><\/div>\n<\/p><\/div>\n<\/header>\n<p>WASHINGTON (AP) \u2014 Presidente<a href=\"https:\/\/www.boston.com\/tag\/joe-biden\/\"> Joe Biden<\/a> est\u00e1 se concentrando nos objetivos pol\u00edticos que lhe s\u00e3o mais pr\u00f3ximos, agora que est\u00e1 <a href=\"https:\/\/www.boston.com\/news\/politics\/2024\/07\/21\/president-joe-biden-drops-out-of-the-2024-race-after-disastrous-debate-inflamed-age-concerns\/\">n\u00e3o busca mais um segundo mandato<\/a> e visitar\u00e1 Nova Orleans na ter\u00e7a-feira para promover a iniciativa \u201cmoonshot\u201d de sua administra\u00e7\u00e3o, que visa reduzir drasticamente as mortes por c\u00e2ncer.<\/p>\n<p>O presidente e a primeira-dama Jill Biden visitar\u00e3o instala\u00e7\u00f5es m\u00e9dicas e, em seguida, na Tulane University, ajudar\u00e3o a anunciar US$ 150 milh\u00f5es em pr\u00eamios da Advanced Research Projects Agency for Health. Esses dar\u00e3o suporte a oito equipes de pesquisadores em todo o pa\u00eds trabalhando em maneiras de ajudar os cirurgi\u00f5es a remover tumores com mais sucesso para pessoas que enfrentam c\u00e2ncer.<\/p>\n<p>As equipes que receberam pr\u00eamios incluem as da Tulane, Dartmouth College, Johns Hopkins University, Rice University, University of California, San Francisco, University of Illinois Urbana-Champaign, University of Washington e Cision Vision em Mountain View, Calif\u00f3rnia.<\/p>\n<p>Antes de deixar o cargo em janeiro, Biden espera aproximar os EUA da <a href=\"https:\/\/www.boston.com\/news\/politics\/2022\/09\/12\/watch-in-boston-speech-biden-hopes-ending-cancer-can-be-a-national-purpose-for-us\/\">meta que ele estabeleceu para 2022<\/a> reduzir as mortes por c\u00e2ncer nos EUA em 50% nos pr\u00f3ximos 25 anos e melhorar a vida dos cuidadores e daqueles que sofrem de c\u00e2ncer.<\/p>\n<p>Especialistas dizem que o objetivo \u00e9 ating\u00edvel \u2014 com investimentos adequados.<\/p>\n<p>\u201cEstamos curando pessoas de doen\u00e7as que antes pens\u00e1vamos serem absolutamente intrat\u00e1veis \u200b\u200be insuport\u00e1veis\u201d, disse Karen Knudsen, CEO da American Cancer Society e da American Cancer Society Cancer Action Network.<\/p>\n<p>O c\u00e2ncer \u00e9 a segunda maior causa de morte de pessoas nos EUA, depois das doen\u00e7as card\u00edacas. S\u00f3 neste ano, a American Cancer Society estima que 2 milh\u00f5es de novos casos de c\u00e2ncer ser\u00e3o diagnosticados e 611.720 pessoas morrer\u00e3o de doen\u00e7as cancer\u00edgenas.<\/p>\n<p>Ainda assim, \u201cse toda a inova\u00e7\u00e3o acabasse hoje e pud\u00e9ssemos dar \u00e0s pessoas acesso \u00e0s inova\u00e7\u00f5es que conhecemos agora, achamos que poder\u00edamos reduzir a mortalidade por c\u00e2ncer em mais 20 a 30%\u201d, disse Knudsen.<\/p>\n<p>A quest\u00e3o \u00e9 pessoal o suficiente para Biden que, em seu recente discurso no Sal\u00e3o Oval sobre sua desist\u00eancia da campanha de 2024, o presidente prometeu continuar lutando por &#8220;minha meta de vencer o c\u00e2ncer para que possamos acabar com o c\u00e2ncer como o conhecemos&#8221;.<\/p>\n<p>\u201cPorque podemos faz\u00ea-lo\u201d, disse Biden na altura.<\/p>\n<p>Ele disse naquele discurso que a iniciativa seria uma prioridade de seus \u00faltimos meses no cargo, juntamente com o trabalho para fortalecer a economia e defender os direitos ao aborto, proteger as crian\u00e7as da viol\u00eancia armada e fazer mudan\u00e7as na Suprema Corte, que ele chamou de &#8220;extrema&#8221; em sua composi\u00e7\u00e3o atual durante um evento recente.<\/p>\n<p>Tanto o presidente quanto a primeira-dama Jill Biden tiveram les\u00f5es removidas de sua pele no passado que foram determinadas como carcinoma basocelular, uma forma comum e facilmente trat\u00e1vel de c\u00e2ncer. Em 2015, seu filho mais velho, Beau, morreu de um c\u00e2ncer cerebral agressivo aos 46 anos.<\/p>\n<p>A agenda p\u00fablica do presidente tem estado muito mais calma desde que ele<a href=\"https:\/\/www.boston.com\/news\/politics\/2024\/07\/21\/heres-the-letter-that-biden-wrote-to-say-he-would-no-longer-seek-reelection\/\"> deixou a corrida <\/a>e <a href=\"https:\/\/www.boston.com\/news\/politics\/2024\/07\/21\/democrats-are-rallying-around-harris-as-she-vows-to-earn-and-win-party-nomination-for-president\/\">endossado<\/a> vice-presidente <a href=\"https:\/\/www.boston.com\/tag\/kamala-harris\/\">Kamala Harris<\/a>fazendo com que a viagem de ter\u00e7a-feira se destaque.<\/p>\n<p>Os defensores elogiaram Biden por manter os holofotes sobre o c\u00e2ncer, reunindo as partes interessadas e reunindo compromissos de empresas privadas, organiza\u00e7\u00f5es sem fins lucrativos e grupos de pacientes.<\/p>\n<p>Eles dizem que a aten\u00e7\u00e3o extra que o governo Biden deu ao assunto colocou o pa\u00eds no caminho para reduzir as taxas de mortalidade por c\u00e2ncer em pelo menos metade, evitando mais de 4 milh\u00f5es de mortes pela doen\u00e7a at\u00e9 2047. Isso foi feito refor\u00e7ando o acesso a tratamentos contra o c\u00e2ncer e lembrando as pessoas da import\u00e2ncia do rastreamento recomendado, que sofreu um rev\u00e9s durante a pandemia do coronav\u00edrus.<\/p>\n<p>\u201cA paix\u00e3o e o comprometimento do presidente Biden com esse esfor\u00e7o fizeram diferen\u00e7as monumentais para toda a comunidade do c\u00e2ncer, incluindo aqueles que sofrem de c\u00e2ncer\u201d, disse Jon Retzlaff, diretor de pol\u00edticas da Associa\u00e7\u00e3o Americana de Pesquisa do C\u00e2ncer.<\/p>\n<p>Olhando para o futuro, Retzlaff disse: \u201cA coisa n\u00famero 1 \u00e9 que vejamos um apoio financeiro anual robusto, sustentado e previs\u00edvel para os Institutos Nacionais de Sa\u00fade. E, se virmos isso por meio do NIH e do Instituto Nacional do C\u00e2ncer, os programas que foram criados por meio do moonshot do c\u00e2ncer poder\u00e3o continuar.\u201d<\/p>\n<p>As iniciativas de Biden incluem mudan\u00e7as que tornam o rastreamento e o tratamento do c\u00e2ncer mais acess\u00edveis a mais pessoas, disse Knudsen, da Sociedade Americana do C\u00e2ncer.<\/p>\n<p>Por exemplo, o Medicare come\u00e7ou a pagar por colonoscopias de acompanhamento se um exame de fezes sugerir c\u00e2ncer, ela disse, e o Medicare agora pagar\u00e1 por servi\u00e7os de navega\u00e7\u00e3o para orientar os pacientes pelo labirinto do tratamento do c\u00e2ncer.<\/p>\n<p>\u201cVoc\u00eas j\u00e1 pagaram pela pesquisa do c\u00e2ncer. Voc\u00eas j\u00e1 pagaram pela inova\u00e7\u00e3o. Agora vamos lev\u00e1-la \u00e0s pessoas\u201d, disse Knudsen.<\/p>\n<p>Ela tamb\u00e9m disse que gostaria de ver o pr\u00f3ximo governo buscar a proibi\u00e7\u00e3o de cigarros com sabor mentolado, o que, segundo ela, poderia salvar 654.000 vidas nos pr\u00f3ximos 40 anos.<\/p>\n<p>Os cientistas agora entendem que o c\u00e2ncer n\u00e3o \u00e9 uma doen\u00e7a \u00fanica, mas centenas de doen\u00e7as que respondem de forma diferente a tratamentos diferentes. Alguns c\u00e2nceres t\u00eam biomarcadores que podem ser alvos de medicamentos existentes que retardar\u00e3o o crescimento de um tumor. Muitos outros alvos aguardam descoberta.<\/p>\n<p>\u201cEsperamos que a pr\u00f3xima administra\u00e7\u00e3o, seja ela quem for, continue a manter o foco e a \u00eanfase em nosso compromisso nacional de acabar com o c\u00e2ncer como o conhecemos\u201d, disse a Dra. Crystal Denlinger, CEO da National Comprehensive Cancer Network, um grupo de centros de c\u00e2ncer de elite.<\/p>\n<p><em>Johnson relatou do estado de Washington.<\/em><\/p>\n<div class=\"m-block m-generic-cta\t m-generic-cta--post-content\t m-generic-cta--dark\t m-generic-cta--homepage\t m-generic-cta--email-signup\t\t m-generic-cta-block-style--default \tt-amp__generic-cta\"><\/p>\n<div class=\"m-generic-cta__wrap\">\n<div class=\"m-generic-cta__content\">\n<h3 class=\"m-generic-cta__title\">Alertas de not\u00edcias extras<\/h3>\n<p class=\"m-generic-cta__subtitle\">Receba atualiza\u00e7\u00f5es de \u00faltima hora assim que elas acontecerem.<\/p>\n<\/p><\/div>\n<\/p><\/div>\n<\/div><\/div>\n<p><script>\n\t\tvar consent=\"grant\";\n\t\t\/* The above code is parsing the JSON data from the local storage and storing it in a variable. *\/\n\t\t\t\t\tconst onetrustStorageConsent = JSON.parse(localStorage.getItem( 'consent_one_trust_bdc' ) );\n\t\t\tif ( ( onetrustStorageConsent !== null ) ) {\n\t\t\t\t\/* Checking to see if the user has consented to the use of cookies.\n\t\t\t\t* If they have not, it is deleting the cookie.\n\t\t\t\t* This will comment for now, until further notice.\n\t\t\t\t*\/\n\t\t\t\t\/\/if ( onetrustStorageConsent.C0002 === false ) {\n\t\t\t\t\/\/\tdocument.cookie=\"_fbp=;expires=Thu, 01 Jan 2010 00:00:00 UTC; path=\/; domain=.boston.com\";\n\t\t\t\t\/\/}\n\t\t\t\t\/* Checking if the user has given consent for the cookie C0002.\n\t\t\t\t* If the user has given consent, the variable consent will be set to 'grant'.\n\t\t\t\t* If the user has not given consent,the variable consent will be set to 'revoke'.\n\t\t\t\t* Documentation https:\/\/developers.facebook.com\/docs\/meta-pixel\/implementation\/gdpr\n\t\t\t\t*\/\n\t\t\t\tif ( onetrustStorageConsent.C0002 !== true ) {\n\t\t\t\t\tconsent=\"revoke\";\n\t\t\t\t}\n\t\t\t}\n\t\t\t\t!function(f,b,e,v,n,t,s)\n\t\t{if(f.fbq)return;n=f.fbq=function(){n.callMethod?\n\t\tn.callMethod.apply(n,arguments):n.queue.push(arguments)};\n\t\tif(!f._fbq)f._fbq=n;n.push=n;n.loaded=!0;n.version='2.0';\n\t\tn.queue=[];t=b.createElement(e);t.async=!0;\n\t\tt.src=v;s=b.getElementsByTagName(e)[0];\n\t\ts.parentNode.insertBefore(t,s)}(window, document,'script',\n\t\t'https:\/\/connect.facebook.net\/en_US\/fbevents.js');\n\t\tfbq('consent', consent);\n\t\tfbq('init', '989222871864976');\n\t\tfbq('track', 'PageView');\n\t<\/script><script type=\"module\">\n\t\tvar consent=\"grant\";\n\t\t\/* The above code is parsing the JSON data from the local storage and storing it in a variable. *\/\n\t\t\tconst onetrustStorageConsent = JSON.parse(localStorage.getItem( 'consent_one_trust_bdc' ) );\n\t\t\t\/* Checking to see if the user has consented to the use of cookies.\n\t\t\t* If they have not, it is deleting the cookie.\n\t\t\t* This will comment for now, until further notice.\n\t\t\t*\/\n\t\t\t\/\/if ( onetrustStorageConsent.C0002 === false ) {\n\t\t\t\/\/\tdocument.cookie=\"_fbp=;expires=Thu, 01 Jan 2010 00:00:00 UTC; path=\/; domain=.boston.com\";\n\t\t\t\/\/}\n\t\t\t\/* Checking if the user has given consent for the cookie C0002.\n\t\t\t* If the user has given consent, the variable consent will be set to 'grant'.\n\t\t\t* If the user has not given consent,the variable consent will be set to 'revoke'.\n\t\t\t* Documentation https:\/\/developers.facebook.com\/docs\/meta-pixel\/implementation\/gdpr\n\t\t\t*\/\n\t\t\tif ( ( onetrustStorageConsent !== null ) && (onetrustStorageConsent.C0002 !== true ) ) {\n\t\t\t\tconsent=\"revoke\";\n\t\t\t}\n\t\t\t\t!function(f,b,e,v,n,t,s){if(f.fbq)return;n=f.fbq=function()\n\t\t{n.callMethod? n.callMethod.apply(n,arguments):n.queue.push(arguments)}\n\t\t;if(!f._fbq)f._fbq=n;\n\t\tn.push=n;n.loaded=!0;n.version='2.0';n.queue=[];t=b.createElement(e);t.async=!0;\n\t\tt.src=v;s=b.getElementsByTagName(e)[0];s.parentNode.insertBefore(t,s)}(window,\n\t\tdocument,'script','https:\/\/connect.facebook.net\/en_US\/fbevents.js');\n\t\tfbq('consent', consent);\n\t\tfbq('init', '813236348753005');\n\t\tfbq('track', \"PageView\");\n\t<\/script><br \/>\n<br \/><br \/>\n<br \/><a href=\"https:\/\/www.boston.com\/news\/politics\/2024\/08\/13\/biden-150-million-research-grants-moonshot-push-to-fight-cancer\/\">Source link <\/a><\/p>","protected":false},"excerpt":{"rendered":"<p>Pol\u00edtica Antes de deixar o cargo em janeiro, Biden espera aproximar os EUA da meta que estabeleceu em 2022 de reduzir as mortes por c\u00e2ncer no pa\u00eds em 50% nos&hellip;<\/p>","protected":false},"author":1,"featured_media":23503,"comment_status":"closed","ping_status":"open","sticky":false,"template":"","format":"standard","meta":{"content-type":"","footnotes":""},"categories":[1],"tags":[],"class_list":["post-23502","post","type-post","status-publish","format-standard","has-post-thumbnail","hentry","category-uncategorized"],"_links":{"self":[{"href":"https:\/\/tvbrazilusa.com\/pt\/wp-json\/wp\/v2\/posts\/23502","targetHints":{"allow":["GET"]}}],"collection":[{"href":"https:\/\/tvbrazilusa.com\/pt\/wp-json\/wp\/v2\/posts"}],"about":[{"href":"https:\/\/tvbrazilusa.com\/pt\/wp-json\/wp\/v2\/types\/post"}],"author":[{"embeddable":true,"href":"https:\/\/tvbrazilusa.com\/pt\/wp-json\/wp\/v2\/users\/1"}],"replies":[{"embeddable":true,"href":"https:\/\/tvbrazilusa.com\/pt\/wp-json\/wp\/v2\/comments?post=23502"}],"version-history":[{"count":1,"href":"https:\/\/tvbrazilusa.com\/pt\/wp-json\/wp\/v2\/posts\/23502\/revisions"}],"predecessor-version":[{"id":23504,"href":"https:\/\/tvbrazilusa.com\/pt\/wp-json\/wp\/v2\/posts\/23502\/revisions\/23504"}],"wp:featuredmedia":[{"embeddable":true,"href":"https:\/\/tvbrazilusa.com\/pt\/wp-json\/wp\/v2\/media\/23503"}],"wp:attachment":[{"href":"https:\/\/tvbrazilusa.com\/pt\/wp-json\/wp\/v2\/media?parent=23502"}],"wp:term":[{"taxonomy":"category","embeddable":true,"href":"https:\/\/tvbrazilusa.com\/pt\/wp-json\/wp\/v2\/categories?post=23502"},{"taxonomy":"post_tag","embeddable":true,"href":"https:\/\/tvbrazilusa.com\/pt\/wp-json\/wp\/v2\/tags?post=23502"}],"curies":[{"name":"wp","href":"https:\/\/api.w.org\/{rel}","templated":true}]}}