{"id":23508,"date":"2024-08-13T12:40:56","date_gmt":"2024-08-13T12:40:56","guid":{"rendered":"https:\/\/tvbrazilusa.com\/2024\/08\/13\/a-inflacao-no-atacado-dos-eua-esfriou-em-julho-em-sinal-de-que-as-pressoes-sobre-os-precos-continuam-a-diminuir\/"},"modified":"2024-08-13T13:05:32","modified_gmt":"2024-08-13T13:05:32","slug":"a-inflacao-no-atacado-dos-eua-esfriou-em-julho-em-sinal-de-que-as-pressoes-sobre-os-precos-continuam-a-diminuir","status":"publish","type":"post","link":"https:\/\/tvbrazilusa.com\/pt\/2024\/08\/13\/a-inflacao-no-atacado-dos-eua-esfriou-em-julho-em-sinal-de-que-as-pressoes-sobre-os-precos-continuam-a-diminuir\/","title":{"rendered":"A infla\u00e7\u00e3o no atacado dos EUA esfriou em julho, em sinal de que as press\u00f5es sobre os pre\u00e7os continuam a diminuir"},"content":{"rendered":"<script async src=\"https:\/\/pagead2.googlesyndication.com\/pagead\/js\/adsbygoogle.js?client=ca-pub-8864793242727901\"\r\n     crossorigin=\"anonymous\"><\/script>\n<div id=\"\">\n<p class=\"dist__Box-sc-1fnzlkn-0 dist__TextBase-sc-1fnzlkn-3 CGHCP htMUPQ article-text\"><strong>WASHINGTON<\/strong> \u2013 Os aumentos dos pre\u00e7os no atacado nos Estados Unidos diminu\u00edram em julho, sugerindo que as press\u00f5es inflacion\u00e1rias est\u00e3o diminuindo ainda mais \u00e0 medida que o Federal Reserve se aproxima do corte das taxas de juros, provavelmente a partir do m\u00eas que vem.<\/p>\n<p class=\"dist__Box-sc-1fnzlkn-0 dist__TextBase-sc-1fnzlkn-3 CGHCP htMUPQ article-text\">O Departamento do Trabalho informou na ter\u00e7a-feira que seu \u00edndice de pre\u00e7os ao produtor \u2014 que monitora a infla\u00e7\u00e3o antes que ela chegue aos consumidores \u2014 subiu 0,1% de junho a julho e 2,2% em rela\u00e7\u00e3o ao ano anterior. <\/p>\n<p class=\"dist__Box-sc-1fnzlkn-0 dist__TextBase-sc-1fnzlkn-3 CGHCP htMUPQ article-text\">Excluindo os pre\u00e7os de alimentos e energia, que tendem a flutuar de m\u00eas para m\u00eas, os chamados pre\u00e7os b\u00e1sicos no atacado permaneceram inalterados em rela\u00e7\u00e3o a junho e subiram 2,4% em rela\u00e7\u00e3o a julho de 2023. Os aumentos foram mais brandos do que os analistas esperavam e foram quase consistentes com a meta de infla\u00e7\u00e3o de 2% do Fed.<\/p>\n<p class=\"dist__Box-sc-1fnzlkn-0 dist__TextBase-sc-1fnzlkn-3 CGHCP htMUPQ article-text\">O \u00edndice de pre\u00e7os ao produtor pode fornecer um sinal precoce de para onde a infla\u00e7\u00e3o ao consumidor est\u00e1 indo. Economistas tamb\u00e9m o observam porque alguns de seus componentes, notavelmente servi\u00e7os financeiros e de sa\u00fade, fluem para o indicador de infla\u00e7\u00e3o preferido do Fed \u2014 o \u00edndice de despesas de consumo pessoal, ou PCE.<\/p>\n<p class=\"dist__Box-sc-1fnzlkn-0 dist__TextBase-sc-1fnzlkn-3 CGHCP htMUPQ article-text\">Na quarta-feira, o Departamento do Trabalho divulgar\u00e1 a medida de infla\u00e7\u00e3o mais conhecida, o \u00edndice de pre\u00e7os ao consumidor. Os analistas estimaram que os pre\u00e7os ao consumidor subiram 0,2% de junho a julho, ap\u00f3s na verdade terem ca\u00eddo 0,1% no m\u00eas anterior, e 3% de julho de 2023, de acordo com uma pesquisa da empresa de dados FactSet.<\/p>\n<p class=\"dist__Box-sc-1fnzlkn-0 dist__TextBase-sc-1fnzlkn-3 CGHCP htMUPQ article-text\">A infla\u00e7\u00e3o despencou desde que atingiu o pico de quatro d\u00e9cadas em meados de 2022. Mas enquanto os americanos se preparam para votar na elei\u00e7\u00e3o presidencial de novembro, muitos continuam insatisfeitos com os pre\u00e7os ao consumidor, que est\u00e3o quase 19% mais altos do que antes do in\u00edcio do surto inflacion\u00e1rio na primavera de 2021. Muitos atribu\u00edram a culpa ao presidente Joe Biden, embora n\u00e3o esteja claro se eles responsabilizar\u00e3o a vice-presidente Kamala Harris enquanto ela busca a presid\u00eancia.<\/p>\n<p class=\"dist__Box-sc-1fnzlkn-0 dist__TextBase-sc-1fnzlkn-3 CGHCP htMUPQ article-text\">Em sua luta contra a alta infla\u00e7\u00e3o, o Fed aumentou sua taxa b\u00e1sica de juros 11 vezes em 2022 e 2023, levando-a a uma alta de 23 anos. De 9,1% em junho de 2022, ano a ano <a href=\"https:\/\/apnews.com\/article\/inflation-prices-rates-economy-federal-reserve-biden-8d15ca77433a1ae072a1e63dfc089f24\">a infla\u00e7\u00e3o dos pre\u00e7os ao consumidor caiu para 3%<\/a>. <\/p>\n<p class=\"dist__Box-sc-1fnzlkn-0 dist__TextBase-sc-1fnzlkn-3 CGHCP htMUPQ article-text\">O <a href=\"https:\/\/apnews.com\/article\/economy-jobs-unemployment-federal-reserve-inflation-22095766804d9c1532b4fcc29565be49\">Relat\u00f3rio de empregos dos EUA para julho<\/a>que foi muito mais fraco do que o esperado, refor\u00e7ou a expectativa generalizada de que os formuladores de pol\u00edticas do Fed come\u00e7ar\u00e3o a cortar as taxas quando se reunirem em meados de setembro para tentar dar suporte \u00e0 economia. O relat\u00f3rio de empregos mostrou que a taxa de desemprego subiu pelo quarto m\u00eas consecutivo para 4,3%, ainda saud\u00e1vel para os padr\u00f5es hist\u00f3ricos, mas o n\u00edvel mais alto desde outubro de 2021.<\/p>\n<p class=\"dist__Box-sc-1fnzlkn-0 dist__TextBase-sc-1fnzlkn-3 CGHCP htMUPQ article-text\">Com o tempo, uma sucess\u00e3o de cortes de taxas pelo Fed provavelmente levaria a menores custos de empr\u00e9stimos em toda a economia \u2014 para hipotecas, financiamentos de autom\u00f3veis e cart\u00f5es de cr\u00e9dito, bem como empr\u00e9stimos comerciais, e tamb\u00e9m poderia impulsionar os pre\u00e7os das a\u00e7\u00f5es.<\/p>\n<p class=\"dist__Box-sc-1fnzlkn-0 dist__TextBase-sc-1fnzlkn-3 CGHCP htMUPQ article-text\">.<\/p>\n<\/div>\n<p>Copyright 2024 The Associated Press. Todos os direitos reservados. Este material n\u00e3o pode ser publicado, transmitido, reescrito ou redistribu\u00eddo sem permiss\u00e3o.<\/p>\n<p><br \/>\n<br \/><a href=\"https:\/\/www.clickorlando.com\/business\/2024\/08\/13\/us-wholesale-inflation-cooled-in-july-in-sign-that-price-pressures-are-continuing-to-ease\/\">Source link <\/a><\/p>","protected":false},"excerpt":{"rendered":"<p>WASHINGTON \u2013 Os aumentos dos pre\u00e7os no atacado nos Estados Unidos diminu\u00edram em julho, sugerindo que as press\u00f5es inflacion\u00e1rias est\u00e3o diminuindo ainda mais \u00e0 medida que o Federal Reserve se&hellip;<\/p>","protected":false},"author":1,"featured_media":23509,"comment_status":"closed","ping_status":"open","sticky":false,"template":"","format":"standard","meta":{"content-type":"","footnotes":""},"categories":[1],"tags":[1223,1407,1411],"class_list":["post-23508","post","type-post","status-publish","format-standard","has-post-thumbnail","hentry","category-uncategorized","tag-negocios","tag-noticias-de-washington","tag-noticias-dos-eua"],"_links":{"self":[{"href":"https:\/\/tvbrazilusa.com\/pt\/wp-json\/wp\/v2\/posts\/23508","targetHints":{"allow":["GET"]}}],"collection":[{"href":"https:\/\/tvbrazilusa.com\/pt\/wp-json\/wp\/v2\/posts"}],"about":[{"href":"https:\/\/tvbrazilusa.com\/pt\/wp-json\/wp\/v2\/types\/post"}],"author":[{"embeddable":true,"href":"https:\/\/tvbrazilusa.com\/pt\/wp-json\/wp\/v2\/users\/1"}],"replies":[{"embeddable":true,"href":"https:\/\/tvbrazilusa.com\/pt\/wp-json\/wp\/v2\/comments?post=23508"}],"version-history":[{"count":1,"href":"https:\/\/tvbrazilusa.com\/pt\/wp-json\/wp\/v2\/posts\/23508\/revisions"}],"predecessor-version":[{"id":23510,"href":"https:\/\/tvbrazilusa.com\/pt\/wp-json\/wp\/v2\/posts\/23508\/revisions\/23510"}],"wp:featuredmedia":[{"embeddable":true,"href":"https:\/\/tvbrazilusa.com\/pt\/wp-json\/wp\/v2\/media\/23509"}],"wp:attachment":[{"href":"https:\/\/tvbrazilusa.com\/pt\/wp-json\/wp\/v2\/media?parent=23508"}],"wp:term":[{"taxonomy":"category","embeddable":true,"href":"https:\/\/tvbrazilusa.com\/pt\/wp-json\/wp\/v2\/categories?post=23508"},{"taxonomy":"post_tag","embeddable":true,"href":"https:\/\/tvbrazilusa.com\/pt\/wp-json\/wp\/v2\/tags?post=23508"}],"curies":[{"name":"wp","href":"https:\/\/api.w.org\/{rel}","templated":true}]}}