{"id":23569,"date":"2024-08-13T14:01:43","date_gmt":"2024-08-13T14:01:43","guid":{"rendered":"https:\/\/tvbrazilusa.com\/2024\/08\/13\/atriz-cristina-pereira-vai-as-lagrimas-ao-revelar-pela-primeira-vez-ter-sido-vitima-de-estupro-veja\/"},"modified":"2024-08-13T14:11:15","modified_gmt":"2024-08-13T14:11:15","slug":"atriz-cristina-pereira-vai-as-lagrimas-ao-revelar-pela-primeira-vez-ter-sido-vitima-de-estupro-veja","status":"publish","type":"post","link":"https:\/\/tvbrazilusa.com\/pt\/2024\/08\/13\/atriz-cristina-pereira-vai-as-lagrimas-ao-revelar-pela-primeira-vez-ter-sido-vitima-de-estupro-veja\/","title":{"rendered":"Atriz Cristina Pereira vai \u00e0s l\u00e1grimas ao revelar pela primeira vez ter sido v\u00edtima de estupro; VEJA"},"content":{"rendered":"<p> <script async src=\"https:\/\/pagead2.googlesyndication.com\/pagead\/js\/adsbygoogle.js?client=ca-pub-8864793242727901\"\r\n     crossorigin=\"anonymous\"><\/script><br \/>\n<\/p>\n<div>\n<p>Durante a participa\u00e7\u00e3o no festival de Gramado, no Rio Grande do Sul, a atriz Cristina Pereira emocionou o p\u00fablico ao relembrar um epis\u00f3dio traum\u00e1tico de sua inf\u00e2ncia. Conhecida pelo papel em \u201cFam\u00edlia \u00e9 tudo\u201d, Cristina abriu o cora\u00e7\u00e3o enquanto discutia uma cena do novo filme \u201cO clube das mulheres de neg\u00f3cios\u201d, dirigido por Anna Muylaert.<\/p>\n<p>No palco do festival, Cristina relembrou o tr\u00e1gico incidente que sofreu aos 12 anos de idade, enquanto estava a caminho da escola. O relato foi feito em um momento de discuss\u00e3o sens\u00edvel, quando a cena do filme em quest\u00e3o trouxe \u00e0 tona mem\u00f3rias dolorosas para a atriz.<\/p>\n<blockquote class=\"twitter-tweet\" data-media-max-width=\"560\">\n<p lang=\"pt\" dir=\"ltr\">\ud83d\udea8\u203c\ufe0f No Festival de Cinema de Gramado, a atriz Cristina Pereira, 74 anos, falou pela primeira vez sobre ter sido abusada aos 12 anos. <a href=\"https:\/\/t.co\/t4LXwKrReR\">pic.twitter.com\/t4LXwKrReR<\/a><\/p>\n<p>\u2014 Cenarium (@cenariumam) <a href=\"https:\/\/twitter.com\/cenariumam\/status\/1823045233812115547?ref_src=twsrc%5Etfw\">August 12, 2024<\/a><\/p><\/blockquote>\n<h2 class=\"wp-block-heading\">Repercuss\u00e3o do Relato de Cristina Pereira<\/h2>\n<p>A revela\u00e7\u00e3o de Cristina Pereira n\u00e3o passou despercebida. Quando mencionou o epis\u00f3dio do estupro e como isso a afetou profundamente, muitos presentes no festival se emocionaram. \u201cCheguei no col\u00e9gio com o uniforme aberto e ningu\u00e9m se preocupou, s\u00f3 queriam saber porque eu estava chegando atrasada\u201d, lembrou ela, com l\u00e1grimas nos olhos.<\/p>\n<figure class=\"wp-block-image size-full\"><picture decoding=\"async\" class=\"wp-image-173034\"><source type=\"image\/webp\" srcset=\"https:\/\/terrabrasilnoticias.com\/wp-content\/uploads\/2024\/08\/image-387.png.webp 888w, https:\/\/terrabrasilnoticias.com\/wp-content\/uploads\/2024\/08\/image-387-300x206.png.webp 300w, https:\/\/terrabrasilnoticias.com\/wp-content\/uploads\/2024\/08\/image-387-768x528.png.webp 768w, https:\/\/terrabrasilnoticias.com\/wp-content\/uploads\/2024\/08\/image-387-750x515.png.webp 750w\" sizes=\"(max-width: 888px) 100vw, 888px\"\/><\/picture><figcaption class=\"wp-element-caption\">Foto: Matheus Zanchet\/Divulga\u00e7\u00e3o<\/figcaption><\/figure>\n<p>No momento em que comentou sobre seu personagem e o impacto pessoal, Cristina enfatizou: \u201cQuando o Candinho (personagem do filme v\u00edtima de ass\u00e9dio) chora, sou eu que choro e s\u00e3o muitas meninas de 12 anos. Aconteceu comigo, mas est\u00e1 acontecendo agora com muitas meninas\u201d. Sua fala gerou uma onda de apoio nas redes sociais e trouxe \u00e0 tona uma importante discuss\u00e3o sobre o ass\u00e9dio infantil e a necessidade de educa\u00e7\u00e3o sexual nas escolas.<\/p>\n<h2 class=\"wp-block-heading\">Como o Relato da atriz Afetou os F\u00e3s e Seguidores?<\/h2>\n<p>Nas redes sociais, a repercuss\u00e3o do depoimento de Cristina Pereira foi intensa. Diversos f\u00e3s e seguidores expressaram apoio e carinho \u00e0 atriz, reconhecendo a coragem que teve ao tornar p\u00fablico um epis\u00f3dio t\u00e3o doloroso.<\/p>\n<ul class=\"wp-block-list\">\n<li><strong>\u201cCristina, receba meu abra\u00e7o! Obrigada pelo depoimento. S\u00f3 quem j\u00e1 passou sabe. Voc\u00ea \u00e9 gigante\u201d,<\/strong> comentou uma f\u00e3 emocionada.<\/li>\n<li><strong>\u201cQuerida Cristina, receba o meu abra\u00e7o cheio de carinho. Nenhuma mulher deveria viver uma dor dessas. Voc\u00ea \u00e9 incr\u00edvel, seja como atriz ou pessoa. Um beijo\u201d,<\/strong> escreveu outra internauta.<\/li>\n<\/ul>\n<p>O depoimento de Cristina abriu espa\u00e7o para outras mulheres tamb\u00e9m compartilharem suas experi\u00eancias dolorosas de abuso e ass\u00e9dio. Muitas utilizaram as redes sociais da atriz como uma plataforma para desabafar e criar uma rede de apoio m\u00fatua.<\/p>\n<p>Uma seguidora relembrou emocionada: <strong>\u201cSeu depoimento doeu em mim. Eu sofri uma tentativa de abuso dentro da minha pr\u00f3pria fam\u00edlia. Um primo tentou abusar de mim e s\u00f3 n\u00e3o conseguiu porque fui salva a tempo por uma vizinha da minha av\u00f3.\u201d<\/strong> As palavras refletem a amplitude e a seriedade do problema, destacando a import\u00e2ncia de um di\u00e1logo aberto sobre o assunto.<\/p>\n<h2 class=\"wp-block-heading\">Por que Cristina Pereira Decidiu Falar Publicamente Sobre o Assunto?<\/h2>\n<p>Cristina Pereira nunca havia falado publicamente sobre essa experi\u00eancia antes. Ela explicou que foi justamente o enredo de \u201cO clube das mulheres de neg\u00f3cios\u201d que a fez refletir e reconhecer a urg\u00eancia de abordar o tema. A atriz mencionou que a falta de educa\u00e7\u00e3o sexual em sua \u00e9poca contribuiu para a falta de compreens\u00e3o sobre o que havia acontecido com ela, e criticou movimentos atuais que se op\u00f5em \u00e0 educa\u00e7\u00e3o sexual nas escolas.<\/p>\n<p>A coragem de Cristina em compartilhar sua hist\u00f3ria n\u00e3o s\u00f3 trouxe \u00e0 tona uma discuss\u00e3o necess\u00e1ria, como tamb\u00e9m inspirou muitas outras mulheres a se manifestarem e buscarem apoio. Em um evento de tanto prest\u00edgio como o festival de Gramado, sua fala se tornou um eco para muitas vozes silenciadas no Brasil e no mundo.<\/p>\n<\/p><\/div>\n<p><script async src=\"\/\/platform.twitter.com\/widgets.js\" charset=\"utf-8\"><\/script><br \/>\n<br \/><br \/>\n<br \/><a href=\"https:\/\/terrabrasilnoticias.com\/2024\/08\/atriz-cristina-pereira-vai-as-lagrimas-ao-revelar-pela-primeira-vez-ter-sido-vitima-de-estupro-veja\/\">Source link <\/a><\/p>","protected":false},"excerpt":{"rendered":"<p>Durante a participa\u00e7\u00e3o no festival de Gramado, no Rio Grande do Sul, a atriz Cristina Pereira emocionou o p\u00fablico ao relembrar um epis\u00f3dio traum\u00e1tico de sua inf\u00e2ncia. Conhecida pelo papel&hellip;<\/p>","protected":false},"author":1,"featured_media":23570,"comment_status":"closed","ping_status":"open","sticky":false,"template":"","format":"standard","meta":{"content-type":"","footnotes":""},"categories":[16],"tags":[],"class_list":["post-23569","post","type-post","status-publish","format-standard","has-post-thumbnail","hentry","category-noticias"],"_links":{"self":[{"href":"https:\/\/tvbrazilusa.com\/pt\/wp-json\/wp\/v2\/posts\/23569","targetHints":{"allow":["GET"]}}],"collection":[{"href":"https:\/\/tvbrazilusa.com\/pt\/wp-json\/wp\/v2\/posts"}],"about":[{"href":"https:\/\/tvbrazilusa.com\/pt\/wp-json\/wp\/v2\/types\/post"}],"author":[{"embeddable":true,"href":"https:\/\/tvbrazilusa.com\/pt\/wp-json\/wp\/v2\/users\/1"}],"replies":[{"embeddable":true,"href":"https:\/\/tvbrazilusa.com\/pt\/wp-json\/wp\/v2\/comments?post=23569"}],"version-history":[{"count":1,"href":"https:\/\/tvbrazilusa.com\/pt\/wp-json\/wp\/v2\/posts\/23569\/revisions"}],"predecessor-version":[{"id":23571,"href":"https:\/\/tvbrazilusa.com\/pt\/wp-json\/wp\/v2\/posts\/23569\/revisions\/23571"}],"wp:featuredmedia":[{"embeddable":true,"href":"https:\/\/tvbrazilusa.com\/pt\/wp-json\/wp\/v2\/media\/23570"}],"wp:attachment":[{"href":"https:\/\/tvbrazilusa.com\/pt\/wp-json\/wp\/v2\/media?parent=23569"}],"wp:term":[{"taxonomy":"category","embeddable":true,"href":"https:\/\/tvbrazilusa.com\/pt\/wp-json\/wp\/v2\/categories?post=23569"},{"taxonomy":"post_tag","embeddable":true,"href":"https:\/\/tvbrazilusa.com\/pt\/wp-json\/wp\/v2\/tags?post=23569"}],"curies":[{"name":"wp","href":"https:\/\/api.w.org\/{rel}","templated":true}]}}