{"id":23626,"date":"2024-08-13T15:11:12","date_gmt":"2024-08-13T15:11:12","guid":{"rendered":"https:\/\/tvbrazilusa.com\/2024\/08\/13\/policial-estadual-e-preso-em-mansfield-e-dispensado-do-servico\/"},"modified":"2024-08-13T15:13:59","modified_gmt":"2024-08-13T15:13:59","slug":"policial-estadual-e-preso-em-mansfield-e-dispensado-do-servico","status":"publish","type":"post","link":"https:\/\/tvbrazilusa.com\/pt\/2024\/08\/13\/policial-estadual-e-preso-em-mansfield-e-dispensado-do-servico\/","title":{"rendered":"Policial estadual \u00e9 preso em Mansfield e dispensado do servi\u00e7o"},"content":{"rendered":"<p> <script async src=\"https:\/\/pagead2.googlesyndication.com\/pagead\/js\/adsbygoogle.js?client=ca-pub-8864793242727901\"\r\n     crossorigin=\"anonymous\"><\/script><br \/>\n<\/p>\n<div id=\"\">\n<header class=\"m-article-header m-article-header--standard\">\n\t\t\t\t\t\t\t\t\t\t\t\t<span id=\"article-header-primary-term\"><br \/>\n\t\t\t\t\t\t\t\t<a class=\"a-term a-term--primary\" href=\"https:\/\/www.boston.com\/tag\/crime\/\"><\/p>\n<p>\t\t\t\t\t\t\t\tCrime\t\t\t\t\t\t\t\t<\/a><br \/>\n\t\t\t\t\t\t\t<\/span><\/p>\n<h2 class=\"m-article-header__sub-headline\">O policial Richard Whelan est\u00e1 enfrentando uma acusa\u00e7\u00e3o de agress\u00e3o dom\u00e9stica e viol\u00eancia f\u00edsica ap\u00f3s um suposto incidente ocorrido na madrugada de s\u00e1bado.<\/h2>\n<figure class=\"a-photo m-article-header__photo\"><figcaption class=\"a-photo__caption\">\n\t<em> <\/em>\t<\/figcaption><\/figure>\n<\/header>\n<p>UM <a href=\"https:\/\/www.boston.com\/?s=%22Massachusetts+State+Police%22&#038;orderby=date\" target=\"_blank\" rel=\"noreferrer noopener\">Pol\u00edcia Estadual de Massachusetts<\/a> policial foi afastado do servi\u00e7o ap\u00f3s sua pris\u00e3o em um suposto incidente de agress\u00e3o dom\u00e9stica no fim de semana. <\/p>\n<p>O policial Richard Whelan, 27, est\u00e1 enfrentando uma acusa\u00e7\u00e3o de agress\u00e3o dom\u00e9stica e agress\u00e3o f\u00edsica ap\u00f3s as autoridades alegarem que ele agarrou sua namorada de 26 anos pela garganta e a sacudiu em sua casa em Mansfield por volta da meia-noite de s\u00e1bado. Ele se declarou inocente durante sua acusa\u00e7\u00e3o na segunda-feira e foi liberado mediante fian\u00e7a.<\/p>\n<p>Os policiais responderam ao bairro Draper Avenue de Whelan por volta das 12h05 de s\u00e1bado para uma perturba\u00e7\u00e3o relatada, de acordo com um relat\u00f3rio policial registrado no Tribunal Distrital de Attleboro. Whelan e sua namorada compareceram a um show de Dierks Bentley com outro casal no in\u00edcio da noite, e a pol\u00edcia disse que uma discuss\u00e3o verbal sobre sa\u00fade mental irrompeu quando o grupo deixou o local do show.<\/p>\n<p>Whelan supostamente ficou bravo e disse que sua namorada e outra mulher presente &#8220;n\u00e3o entendiam problemas de sa\u00fade mental de uma perspectiva policial&#8221;, de acordo com o relat\u00f3rio. Ele ent\u00e3o chamou sua namorada de &#8220;uma desgra\u00e7a para toda essa comunidade&#8221;, disse a pol\u00edcia.<\/p>\n<p>Quando o grupo retornou \u00e0 casa de Whelan, Whelan supostamente deu um soco na parede ao entrar. A outra mulher que compareceu ao show seguiu Whelan e sua namorada para dentro da casa para pegar alguns pertences enquanto seu pr\u00f3prio namorado esperava do lado de fora. De acordo com o relat\u00f3rio policial, ela disse aos policiais que ouviu uma como\u00e7\u00e3o e viu Whelan parado na cozinha com as m\u00e3os em volta da garganta da namorada, sacudindo-a para frente e para tr\u00e1s.<\/p>\n<p>Whelan supostamente saiu depois de dizer \u00e0 namorada que a odiava, de acordo com o relat\u00f3rio. A mulher que testemunhou o suposto incidente contou ao namorado o que viu, o que o levou a ligar para o 911.<\/p>\n<p>O h\u00e1lito de Whelan cheirava a \u00e1lcool enquanto ele falava com a pol\u00edcia, de acordo com o relat\u00f3rio. Sua namorada supostamente disse aos policiais &#8220;que nada aconteceu e que Richard n\u00e3o fez nada de errado&#8221;. Ela n\u00e3o tinha marcas vis\u00edveis no pesco\u00e7o, embora os policiais tenham notado sangue aparente em sua gola, o que a pol\u00edcia disse que poderia ser consistente com um ferimento nos n\u00f3s dos dedos de Whelan, de acordo com o relat\u00f3rio. <\/p>\n<p>Whelan notificou seu supervisor sobre sua pris\u00e3o, e a Pol\u00edcia Estadual coordenou com a pol\u00edcia de Mansfield para recuperar o equipamento, a arma de fogo e a viatura do policial, de acordo com o relat\u00f3rio. Um porta-voz da Pol\u00edcia Estadual confirmou que Whelan foi dispensado do servi\u00e7o e agora \u00e9 alvo de uma investiga\u00e7\u00e3o interna aberta. <\/p>\n<p>\u201cRichard Whelan \u00e9 presumido inocente, mant\u00e9m sua inoc\u00eancia e estamos confiantes de que, quando a poeira baixar, ele ser\u00e1 inocentado dessas acusa\u00e7\u00f5es\u201d, disse seu advogado de defesa Benjamin P. Urbelis em um comunicado na ter\u00e7a-feira.<\/p>\n<div class=\"m-block m-generic-cta\t m-generic-cta--post-content\t m-generic-cta--dark\t m-generic-cta--homepage\t m-generic-cta--email-signup\t\t m-generic-cta-block-style--default \tt-amp__generic-cta\"><\/p>\n<div class=\"m-generic-cta__wrap\">\n<div class=\"m-generic-cta__content\">\n<h3 class=\"m-generic-cta__title\">Inscri\u00e7\u00e3o no boletim informativo<\/h3>\n<p class=\"m-generic-cta__subtitle\">Fique por dentro das \u00faltimas not\u00edcias do Boston.com<\/p>\n<\/p><\/div>\n<\/p><\/div>\n<\/div><\/div>\n<p><script>\n\t\tvar consent=\"grant\";\n\t\t\/* The above code is parsing the JSON data from the local storage and storing it in a variable. *\/\n\t\t\t\t\tconst onetrustStorageConsent = JSON.parse(localStorage.getItem( 'consent_one_trust_bdc' ) );\n\t\t\tif ( ( onetrustStorageConsent !== null ) ) {\n\t\t\t\t\/* Checking to see if the user has consented to the use of cookies.\n\t\t\t\t* If they have not, it is deleting the cookie.\n\t\t\t\t* This will comment for now, until further notice.\n\t\t\t\t*\/\n\t\t\t\t\/\/if ( onetrustStorageConsent.C0002 === false ) {\n\t\t\t\t\/\/\tdocument.cookie=\"_fbp=;expires=Thu, 01 Jan 2010 00:00:00 UTC; path=\/; domain=.boston.com\";\n\t\t\t\t\/\/}\n\t\t\t\t\/* Checking if the user has given consent for the cookie C0002.\n\t\t\t\t* If the user has given consent, the variable consent will be set to 'grant'.\n\t\t\t\t* If the user has not given consent,the variable consent will be set to 'revoke'.\n\t\t\t\t* Documentation https:\/\/developers.facebook.com\/docs\/meta-pixel\/implementation\/gdpr\n\t\t\t\t*\/\n\t\t\t\tif ( onetrustStorageConsent.C0002 !== true ) {\n\t\t\t\t\tconsent=\"revoke\";\n\t\t\t\t}\n\t\t\t}\n\t\t\t\t!function(f,b,e,v,n,t,s)\n\t\t{if(f.fbq)return;n=f.fbq=function(){n.callMethod?\n\t\tn.callMethod.apply(n,arguments):n.queue.push(arguments)};\n\t\tif(!f._fbq)f._fbq=n;n.push=n;n.loaded=!0;n.version='2.0';\n\t\tn.queue=[];t=b.createElement(e);t.async=!0;\n\t\tt.src=v;s=b.getElementsByTagName(e)[0];\n\t\ts.parentNode.insertBefore(t,s)}(window, document,'script',\n\t\t'https:\/\/connect.facebook.net\/en_US\/fbevents.js');\n\t\tfbq('consent', consent);\n\t\tfbq('init', '989222871864976');\n\t\tfbq('track', 'PageView');\n\t<\/script><script type=\"module\">\n\t\tvar consent=\"grant\";\n\t\t\/* The above code is parsing the JSON data from the local storage and storing it in a variable. *\/\n\t\t\tconst onetrustStorageConsent = JSON.parse(localStorage.getItem( 'consent_one_trust_bdc' ) );\n\t\t\t\/* Checking to see if the user has consented to the use of cookies.\n\t\t\t* If they have not, it is deleting the cookie.\n\t\t\t* This will comment for now, until further notice.\n\t\t\t*\/\n\t\t\t\/\/if ( onetrustStorageConsent.C0002 === false ) {\n\t\t\t\/\/\tdocument.cookie=\"_fbp=;expires=Thu, 01 Jan 2010 00:00:00 UTC; path=\/; domain=.boston.com\";\n\t\t\t\/\/}\n\t\t\t\/* Checking if the user has given consent for the cookie C0002.\n\t\t\t* If the user has given consent, the variable consent will be set to 'grant'.\n\t\t\t* If the user has not given consent,the variable consent will be set to 'revoke'.\n\t\t\t* Documentation https:\/\/developers.facebook.com\/docs\/meta-pixel\/implementation\/gdpr\n\t\t\t*\/\n\t\t\tif ( ( onetrustStorageConsent !== null ) && (onetrustStorageConsent.C0002 !== true ) ) {\n\t\t\t\tconsent=\"revoke\";\n\t\t\t}\n\t\t\t\t!function(f,b,e,v,n,t,s){if(f.fbq)return;n=f.fbq=function()\n\t\t{n.callMethod? n.callMethod.apply(n,arguments):n.queue.push(arguments)}\n\t\t;if(!f._fbq)f._fbq=n;\n\t\tn.push=n;n.loaded=!0;n.version='2.0';n.queue=[];t=b.createElement(e);t.async=!0;\n\t\tt.src=v;s=b.getElementsByTagName(e)[0];s.parentNode.insertBefore(t,s)}(window,\n\t\tdocument,'script','https:\/\/connect.facebook.net\/en_US\/fbevents.js');\n\t\tfbq('consent', consent);\n\t\tfbq('init', '813236348753005');\n\t\tfbq('track', \"PageView\");\n\t<\/script><br \/>\n<br \/><br \/>\n<br \/><a href=\"https:\/\/www.boston.com\/news\/crime\/2024\/08\/13\/massachusetts-state-police-trooper-arrested-mansfield-relieved-of-duty\/\">Source link <\/a><\/p>","protected":false},"excerpt":{"rendered":"<p>Crime O policial Richard Whelan est\u00e1 enfrentando uma acusa\u00e7\u00e3o de agress\u00e3o dom\u00e9stica e viol\u00eancia f\u00edsica ap\u00f3s um suposto incidente ocorrido na madrugada de s\u00e1bado. UM Pol\u00edcia Estadual de Massachusetts policial&hellip;<\/p>","protected":false},"author":1,"featured_media":23627,"comment_status":"closed","ping_status":"open","sticky":false,"template":"","format":"standard","meta":{"content-type":"","footnotes":""},"categories":[1],"tags":[],"class_list":["post-23626","post","type-post","status-publish","format-standard","has-post-thumbnail","hentry","category-uncategorized"],"_links":{"self":[{"href":"https:\/\/tvbrazilusa.com\/pt\/wp-json\/wp\/v2\/posts\/23626","targetHints":{"allow":["GET"]}}],"collection":[{"href":"https:\/\/tvbrazilusa.com\/pt\/wp-json\/wp\/v2\/posts"}],"about":[{"href":"https:\/\/tvbrazilusa.com\/pt\/wp-json\/wp\/v2\/types\/post"}],"author":[{"embeddable":true,"href":"https:\/\/tvbrazilusa.com\/pt\/wp-json\/wp\/v2\/users\/1"}],"replies":[{"embeddable":true,"href":"https:\/\/tvbrazilusa.com\/pt\/wp-json\/wp\/v2\/comments?post=23626"}],"version-history":[{"count":1,"href":"https:\/\/tvbrazilusa.com\/pt\/wp-json\/wp\/v2\/posts\/23626\/revisions"}],"predecessor-version":[{"id":23628,"href":"https:\/\/tvbrazilusa.com\/pt\/wp-json\/wp\/v2\/posts\/23626\/revisions\/23628"}],"wp:featuredmedia":[{"embeddable":true,"href":"https:\/\/tvbrazilusa.com\/pt\/wp-json\/wp\/v2\/media\/23627"}],"wp:attachment":[{"href":"https:\/\/tvbrazilusa.com\/pt\/wp-json\/wp\/v2\/media?parent=23626"}],"wp:term":[{"taxonomy":"category","embeddable":true,"href":"https:\/\/tvbrazilusa.com\/pt\/wp-json\/wp\/v2\/categories?post=23626"},{"taxonomy":"post_tag","embeddable":true,"href":"https:\/\/tvbrazilusa.com\/pt\/wp-json\/wp\/v2\/tags?post=23626"}],"curies":[{"name":"wp","href":"https:\/\/api.w.org\/{rel}","templated":true}]}}