{"id":23657,"date":"2024-08-13T15:27:58","date_gmt":"2024-08-13T15:27:58","guid":{"rendered":"https:\/\/tvbrazilusa.com\/2024\/08\/13\/um-ex-chefe-de-policia-do-kansas-que-liderou-uma-operacao-em-um-jornal-e-acusado-de-obstrucao-da-justica\/"},"modified":"2024-08-13T16:05:46","modified_gmt":"2024-08-13T16:05:46","slug":"um-ex-chefe-de-policia-do-kansas-que-liderou-uma-operacao-em-um-jornal-e-acusado-de-obstrucao-da-justica","status":"publish","type":"post","link":"https:\/\/tvbrazilusa.com\/pt\/2024\/08\/13\/um-ex-chefe-de-policia-do-kansas-que-liderou-uma-operacao-em-um-jornal-e-acusado-de-obstrucao-da-justica\/","title":{"rendered":"Um ex-chefe de pol\u00edcia do Kansas que liderou uma opera\u00e7\u00e3o em um jornal \u00e9 acusado de obstru\u00e7\u00e3o da justi\u00e7a"},"content":{"rendered":"<script async src=\"https:\/\/pagead2.googlesyndication.com\/pagead\/js\/adsbygoogle.js?client=ca-pub-8864793242727901\"\r\n     crossorigin=\"anonymous\"><\/script>\n<div id=\"\">\n<p class=\"dist__Box-sc-1fnzlkn-0 dist__TextBase-sc-1fnzlkn-3 CGHCP htMUPQ article-text\"><strong>TOPEKA, Canad\u00e1.<\/strong> \u2013 Um ex-chefe de pol\u00edcia do centro do Kansas que liderou uma <a href=\"https:\/\/apnews.com\/article\/marion-kansas-newspaper-raid-aca057365ea3925328a69acd615c9893\">ataque no ano passado a um jornal semanal<\/a> foi acusado de obstru\u00e7\u00e3o da justi\u00e7a e de persuadir uma poss\u00edvel testemunha para uma investiga\u00e7\u00e3o sobre sua conduta de ocultar informa\u00e7\u00f5es das autoridades. <\/p>\n<p class=\"dist__Box-sc-1fnzlkn-0 dist__TextBase-sc-1fnzlkn-3 CGHCP htMUPQ article-text\">A \u00fanica acusa\u00e7\u00e3o contra o ex-chefe de pol\u00edcia de Marion, Gideon Cody, alega que ele intencionalmente ou conscientemente influenciou a testemunha a reter informa\u00e7\u00f5es no dia da invas\u00e3o do Marion County Record e da casa de seu editor ou em algum momento nos seis dias seguintes. A acusa\u00e7\u00e3o foi registrada na segunda-feira no tribunal distrital estadual no Condado de Marion e n\u00e3o \u00e9 mais espec\u00edfica sobre a suposta conduta de Cody.<\/p>\n<p class=\"dist__Box-sc-1fnzlkn-0 dist__TextBase-sc-1fnzlkn-3 CGHCP htMUPQ article-text\">No entanto, <a href=\"https:\/\/apnews.com\/article\/kansas-newspaper-raid-criminal-charge-289ad3ae0204fe2278c4057bcf6364c7\">um relat\u00f3rio de dois promotores especiais<\/a> na semana passada, mencionei mensagens de texto entre Cody e o dono da empresa ap\u00f3s a invas\u00e3o. O dono da empresa disse que <a href=\"https:\/\/apnews.com\/article\/kansas-newspaper-raid-police-chief-resigns-e4ddf5a06defbb702bc23650827e53fd\">Cody pediu para ela apagar mensagens de texto<\/a> entre eles, temendo que as pessoas pudessem ter uma ideia errada sobre seu relacionamento, que ela disse ser profissional e plat\u00f4nico. <\/p>\n<p class=\"dist__Box-sc-1fnzlkn-0 dist__TextBase-sc-1fnzlkn-3 CGHCP htMUPQ article-text\">Cody justificou a batida dizendo que tinha evid\u00eancias de que o jornal, o editor Eric Meyer e uma de suas rep\u00f3rteres, Phyllis Zorn, cometeram roubo de identidade ou outros crimes de computador ao verificar a autenticidade de uma c\u00f3pia do registro de motorista estadual do propriet\u00e1rio do neg\u00f3cio fornecida ao jornal por um conhecido. O propriet\u00e1rio do neg\u00f3cio estava buscando a aprova\u00e7\u00e3o do Conselho Municipal de Marion para uma licen\u00e7a para bebidas alco\u00f3licas e o registro mostrou que ela potencialmente dirigiu sem uma licen\u00e7a v\u00e1lida por anos. No entanto, mais tarde, sua licen\u00e7a foi restabelecida.<\/p>\n<p class=\"dist__Box-sc-1fnzlkn-0 dist__TextBase-sc-1fnzlkn-3 CGHCP htMUPQ article-text\">O relat\u00f3rio dos promotores concluiu que nenhum crime foi cometido por Meyer, Zorn ou o jornal e que Cody chegou a uma conclus\u00e3o err\u00f4nea sobre a conduta deles por causa de uma investiga\u00e7\u00e3o ruim. A acusa\u00e7\u00e3o foi apresentada por um dos promotores especiais, Barry Wilkerson, o principal promotor do Condado de Riley, no nordeste do Kansas.<\/p>\n<p class=\"dist__Box-sc-1fnzlkn-0 dist__TextBase-sc-1fnzlkn-3 CGHCP htMUPQ article-text\">A Associated Press deixou uma mensagem pedindo coment\u00e1rios sobre um poss\u00edvel n\u00famero de celular para Cody, e n\u00e3o foi retornada imediatamente na ter\u00e7a-feira. Os advogados que representam Cody em um processo federal sobre a batida n\u00e3o o est\u00e3o representando no caso criminal e n\u00e3o sabiam imediatamente quem o estava representando. <\/p>\n<p class=\"dist__Box-sc-1fnzlkn-0 dist__TextBase-sc-1fnzlkn-3 CGHCP htMUPQ article-text\"><a href=\"https:\/\/apnews.com\/article\/kansas-newspaper-mother-raid-video-4427af3241da82767deb76028836cffd\">Imagens da c\u00e2mera corporal da pol\u00edcia<\/a> da batida policial de agosto de 2023 na casa do editor mostra sua m\u00e3e de 98 anos, Joan Meyer, visivelmente chateada e dizendo aos policiais: &#8220;Saiam da minha casa!&#8221; Ela era copropriet\u00e1ria do jornal, morava com o filho e morreu de ataque card\u00edaco na tarde seguinte.<\/p>\n<p class=\"dist__Box-sc-1fnzlkn-0 dist__TextBase-sc-1fnzlkn-3 CGHCP htMUPQ article-text\">Os promotores disseram que n\u00e3o podiam acusar Cody ou outros policiais envolvidos na batida policial por sua morte porque n\u00e3o havia evid\u00eancias de que eles acreditassem que a batida policial representava um risco \u00e0 vida dela. Eric Meyer culpou o estresse da batida policial por sua morte. <\/p>\n<\/div>\n<p>Copyright 2024 The Associated Press. Todos os direitos reservados. Este material n\u00e3o pode ser publicado, transmitido, reescrito ou redistribu\u00eddo sem permiss\u00e3o.<\/p>\n<p><br \/>\n<br \/><a href=\"https:\/\/www.clickorlando.com\/news\/2024\/08\/13\/an-ex-kansas-police-chief-who-led-a-raid-on-a-newspaper-is-charged-with-obstruction-of-justice\/\">Source link <\/a><\/p>","protected":false},"excerpt":{"rendered":"<p>TOPEKA, Canad\u00e1. \u2013 Um ex-chefe de pol\u00edcia do centro do Kansas que liderou uma ataque no ano passado a um jornal semanal foi acusado de obstru\u00e7\u00e3o da justi\u00e7a e de&hellip;<\/p>","protected":false},"author":1,"featured_media":23658,"comment_status":"closed","ping_status":"open","sticky":false,"template":"","format":"standard","meta":{"content-type":"","footnotes":""},"categories":[1],"tags":[1411],"class_list":["post-23657","post","type-post","status-publish","format-standard","has-post-thumbnail","hentry","category-uncategorized","tag-noticias-dos-eua"],"_links":{"self":[{"href":"https:\/\/tvbrazilusa.com\/pt\/wp-json\/wp\/v2\/posts\/23657","targetHints":{"allow":["GET"]}}],"collection":[{"href":"https:\/\/tvbrazilusa.com\/pt\/wp-json\/wp\/v2\/posts"}],"about":[{"href":"https:\/\/tvbrazilusa.com\/pt\/wp-json\/wp\/v2\/types\/post"}],"author":[{"embeddable":true,"href":"https:\/\/tvbrazilusa.com\/pt\/wp-json\/wp\/v2\/users\/1"}],"replies":[{"embeddable":true,"href":"https:\/\/tvbrazilusa.com\/pt\/wp-json\/wp\/v2\/comments?post=23657"}],"version-history":[{"count":1,"href":"https:\/\/tvbrazilusa.com\/pt\/wp-json\/wp\/v2\/posts\/23657\/revisions"}],"predecessor-version":[{"id":23659,"href":"https:\/\/tvbrazilusa.com\/pt\/wp-json\/wp\/v2\/posts\/23657\/revisions\/23659"}],"wp:featuredmedia":[{"embeddable":true,"href":"https:\/\/tvbrazilusa.com\/pt\/wp-json\/wp\/v2\/media\/23658"}],"wp:attachment":[{"href":"https:\/\/tvbrazilusa.com\/pt\/wp-json\/wp\/v2\/media?parent=23657"}],"wp:term":[{"taxonomy":"category","embeddable":true,"href":"https:\/\/tvbrazilusa.com\/pt\/wp-json\/wp\/v2\/categories?post=23657"},{"taxonomy":"post_tag","embeddable":true,"href":"https:\/\/tvbrazilusa.com\/pt\/wp-json\/wp\/v2\/tags?post=23657"}],"curies":[{"name":"wp","href":"https:\/\/api.w.org\/{rel}","templated":true}]}}