{"id":23683,"date":"2024-08-13T16:34:37","date_gmt":"2024-08-13T16:34:37","guid":{"rendered":"https:\/\/tvbrazilusa.com\/2024\/08\/13\/policial-de-ohio-que-atirou-fatalmente-em-takiya-young-uma-jovem-gravida-de-21-anos-e-acusado-de-assassinato-wsvn-7news-noticias-de-miami-clima-esportes-fort-lauderdale\/"},"modified":"2024-08-13T16:35:35","modified_gmt":"2024-08-13T16:35:35","slug":"policial-de-ohio-que-atirou-fatalmente-em-takiya-young-uma-jovem-gravida-de-21-anos-e-acusado-de-assassinato-wsvn-7news-noticias-de-miami-clima-esportes-fort-lauderdale","status":"publish","type":"post","link":"https:\/\/tvbrazilusa.com\/pt\/2024\/08\/13\/policial-de-ohio-que-atirou-fatalmente-em-takiya-young-uma-jovem-gravida-de-21-anos-e-acusado-de-assassinato-wsvn-7news-noticias-de-miami-clima-esportes-fort-lauderdale\/","title":{"rendered":"Policial de Ohio que atirou fatalmente em Ta&#39;Kiya Young, uma jovem gr\u00e1vida de 21 anos, \u00e9 acusado de assassinato &#8211; WSVN 7News | Not\u00edcias de Miami, Clima, Esportes | Fort Lauderdale"},"content":{"rendered":"<p> <script async src=\"https:\/\/pagead2.googlesyndication.com\/pagead\/js\/adsbygoogle.js?client=ca-pub-8864793242727901\"\r\n     crossorigin=\"anonymous\"><\/script><br \/>\n<\/p>\n<div itemprop=\"articleBody\">\n<p>(CNN) \u2014 Um policial de um sub\u00farbio de Columbus, Ohio, foi indiciado por um grande j\u00fari por acusa\u00e7\u00f5es de homic\u00eddio na ter\u00e7a-feira pelo assassinato de uma mulher gr\u00e1vida suspeita de furto em uma loja no ano passado, de acordo com o gabinete do promotor do Condado de Montgomery.<\/p>\n<p>Ta&#39;Kiya Young, 21, foi mortalmente baleada dentro de seu ve\u00edculo por um policial no estacionamento de um supermercado Kroger em Blendon Township em 24 de agosto de 2023. Seu filho ainda n\u00e3o nascido n\u00e3o sobreviveu.<\/p>\n<p>O policial de Blendon Township, Connor Grubb, enfrenta quatro acusa\u00e7\u00f5es de assassinato, quatro acusa\u00e7\u00f5es de agress\u00e3o criminosa e duas acusa\u00e7\u00f5es de homic\u00eddio culposo como resultado de uma acusa\u00e7\u00e3o do grande j\u00fari, de acordo com uma declara\u00e7\u00e3o do gabinete do promotor p\u00fablico Mat Heck Jr.<\/p>\n<p>\u201cEmbora seja preocupante que um policial que jurou defender a lei tenha sido indiciado por homic\u00eddio, ningu\u00e9m est\u00e1 acima da lei\u201d, disse o promotor.<\/p>\n<p>Imagens de c\u00e2meras corporais redigidas e v\u00eddeos de vigil\u00e2ncia do tiroteio divulgados nas semanas seguintes mostraram que dois policiais a confrontaram em seu ve\u00edculo sobre acusa\u00e7\u00f5es de furto em loja. Quando o carro come\u00e7ou a se mover na dire\u00e7\u00e3o de um policial, que estava em p\u00e9 na frente do ve\u00edculo, ele disparou um \u00fanico tiro no para-brisa dela, matando-a, mostra o v\u00eddeo.<\/p>\n<p>O advogado da fam\u00edlia Young, Sean Walton, elogiou a acusa\u00e7\u00e3o em uma declara\u00e7\u00e3o e disse que 1\u00ba de agosto seria o anivers\u00e1rio de 22 anos de Young.<\/p>\n<p>\u201cHoje marca uma vit\u00f3ria solene na busca por justi\u00e7a para Ta&#39;Kiya Young e sua filha ainda n\u00e3o nascida, cujas vidas foram tragicamente e injustamente tiradas pelas m\u00e3os do policial de Blendon Township, Connor Grubb\u201d, disse Walton em um comunicado.<\/p>\n<p>\u201cAs a\u00e7\u00f5es que levaram \u00e0 morte de Ta&#39;Kiya \u2014 a agress\u00e3o desnecess\u00e1ria, os comandos assustadores que equivaliam a &#39;obede\u00e7a ou morra&#39; \u2014 estavam l\u00e1 para todos n\u00f3s testemunharmos com uma clareza terr\u00edvel. A vida de Ta&#39;Kiya e a de sua filha foram extintas em um ato de brutalidade, tornando-se mais um s\u00edmbolo da necessidade urgente de reforma na conduta e responsabiliza\u00e7\u00e3o da pol\u00edcia.\u201d<\/p>\n<p>Logo ap\u00f3s o tiroteio, a pol\u00edcia descreveu os dois policiais como v\u00edtimas de agress\u00e3o e, portanto, ocultou suas identidades e desfocou seus rostos no v\u00eddeo. Em um v\u00eddeo postado no Facebook na ter\u00e7a-feira, o chefe de pol\u00edcia de Blendon Township, John Belford, disse que o departamento agora \u00e9 obrigado por lei a tomar medidas disciplinares contra Grubb.<\/p>\n<p>\u201cQuero ser bem claro: n\u00e3o estamos fazendo nenhum julgamento sobre se o Oficial Grubb agiu corretamente. N\u00e3o vimos as evid\u00eancias\u201d, ele disse. \u201cNo entanto, como as pessoas que foram indiciadas podem n\u00e3o possuir legalmente uma arma de fogo, a acusa\u00e7\u00e3o contra ele n\u00e3o nos deixa outra escolha a n\u00e3o ser iniciar legalmente o processo disciplinar.\u201d<\/p>\n<p>Brian Steel, vice-presidente executivo da Fraternal Order of Police Capital City Lodge #9, o sindicato policial local, disse em um comunicado na ter\u00e7a-feira que estava &#8220;profundamente decepcionado&#8221; com a decis\u00e3o de indiciar Grubb.<\/p>\n<p>\u201cComo todos os policiais, o policial Grubb teve que tomar uma decis\u00e3o em uma fra\u00e7\u00e3o de segundo, uma realidade muito familiar para aqueles que servem para proteger nossas comunidades\u201d, disse Steel. \u201cEssas decis\u00f5es s\u00e3o tomadas sob extrema press\u00e3o e, muitas vezes, em situa\u00e7\u00f5es de risco de vida, com o objetivo principal de proteger a vida do p\u00fablico em geral e a deles pr\u00f3prios.\u201d<\/p>\n<p>A acusa\u00e7\u00e3o de Grubb foi marcada para quarta-feira \u00e0s 13h.<\/p>\n<p><strong>V\u00eddeo mostra como ocorreu o tiroteio<br \/><\/strong>O tiroteio policial ocorreu na noite de quinta-feira no estacionamento do lado de fora do Kroger.<\/p>\n<p>Imagens de vigil\u00e2ncia de dentro da loja mostram Young andando pela loja e colocando v\u00e1rias garrafas de bebida em sua bolsa. Ela ficou na fila do caixa antes que ela e outras duas mulheres sa\u00edssem, mostra o v\u00eddeo.<\/p>\n<p>Os alarmes dispararam quando as mulheres sa\u00edram da loja e foram at\u00e9 um ve\u00edculo, disse a pol\u00edcia. Um funcion\u00e1rio do mercado notificou os policiais que uma mulher que havia roubado garrafas de \u00e1lcool estava em um carro estacionado do lado de fora da loja, disse a pol\u00edcia.<\/p>\n<p>O v\u00eddeo da c\u00e2mera corporal da pol\u00edcia mostra um policial se aproximando da janela do motorista de Young e repetidamente dizendo a ela para sair do carro. Um segundo policial, que tamb\u00e9m estava usando uma c\u00e2mera corporal, ent\u00e3o entrou na frente do ve\u00edculo.<\/p>\n<p>\u201cEles disseram que voc\u00ea roubou alguma coisa\u2026 saia do carro\u201d, disse o policial na janela.<\/p>\n<p>&#8220;Eu n\u00e3o roubei nada&#8221;, respondeu Young, e os dois discutiram com a janela entreaberta.<\/p>\n<p>\u201cSaia da p**ra do carro\u201d, disse o policial parado na frente do carro. Ele sacou sua arma e apoiou sua m\u00e3o esquerda no cap\u00f4 do carro, mostra o v\u00eddeo.<\/p>\n<p>Em um momento, Young disse: &#8220;Voc\u00ea vai atirar em mim?&#8221;<\/p>\n<p>Young pode ent\u00e3o ser vista girando o volante do carro enquanto o policial ao lado de sua janela continua a insistir para que ela saia do ve\u00edculo.<\/p>\n<p>\u201cSaia da porra do carro\u201d, repetiu o policial na frente do carro.<\/p>\n<p>O ve\u00edculo come\u00e7ou a se mover lentamente para frente, mostra o v\u00eddeo. Ap\u00f3s alguns segundos, o policial em p\u00e9 na frente do ve\u00edculo atirou uma vez atrav\u00e9s do para-brisa.<\/p>\n<p>Ap\u00f3s o tiro, os policiais correram ao lado do carro gritando para o motorista parar, e o carro rolou para uma cal\u00e7ada entre duas colunas de tijolos e para dentro de um pr\u00e9dio. Os policiais pediram refor\u00e7os e quebraram a janela para alcan\u00e7ar o motorista, que parecia estar ca\u00eddo para um lado.<\/p>\n<p>Uma aut\u00f3psia determinou que ela morreu de um tiro no cora\u00e7\u00e3o. Seu feto foi estimado em 25 a 28 semanas de gesta\u00e7\u00e3o, de acordo com o Franklin County Coroner&#39;s Office.<\/p>\n<p><em>The-CNN-Wire\u2122 &#038; \u00a9 2024 Cable News Network, Inc., uma empresa Time Warner. Todos os direitos reservados.<\/em><\/p>\n<div class=\"wp-block-newsletter\">\n\t<strong class=\"wp-block-newsletter__title\">Inscreva-se em nossa Newsletter para receber as \u00faltimas not\u00edcias diretamente na sua caixa de entrada<\/strong><\/p>\n<\/div><\/div>\n<p><br \/>\n<br \/><a href=\"https:\/\/wsvn.com\/news\/us-world\/ohio-officer-who-fatally-shot-pregnant-21-year-old-takiya-young-charged-with-murder\/\">Source link <\/a><\/p>","protected":false},"excerpt":{"rendered":"<p>(CNN) \u2014 Um policial de um sub\u00farbio de Columbus, Ohio, foi indiciado por um grande j\u00fari por acusa\u00e7\u00f5es de homic\u00eddio na ter\u00e7a-feira pelo assassinato de uma mulher gr\u00e1vida suspeita de&hellip;<\/p>","protected":false},"author":1,"featured_media":23684,"comment_status":"closed","ping_status":"open","sticky":false,"template":"","format":"standard","meta":{"content-type":"","footnotes":""},"categories":[1],"tags":[],"class_list":["post-23683","post","type-post","status-publish","format-standard","has-post-thumbnail","hentry","category-uncategorized"],"_links":{"self":[{"href":"https:\/\/tvbrazilusa.com\/pt\/wp-json\/wp\/v2\/posts\/23683","targetHints":{"allow":["GET"]}}],"collection":[{"href":"https:\/\/tvbrazilusa.com\/pt\/wp-json\/wp\/v2\/posts"}],"about":[{"href":"https:\/\/tvbrazilusa.com\/pt\/wp-json\/wp\/v2\/types\/post"}],"author":[{"embeddable":true,"href":"https:\/\/tvbrazilusa.com\/pt\/wp-json\/wp\/v2\/users\/1"}],"replies":[{"embeddable":true,"href":"https:\/\/tvbrazilusa.com\/pt\/wp-json\/wp\/v2\/comments?post=23683"}],"version-history":[{"count":1,"href":"https:\/\/tvbrazilusa.com\/pt\/wp-json\/wp\/v2\/posts\/23683\/revisions"}],"predecessor-version":[{"id":23685,"href":"https:\/\/tvbrazilusa.com\/pt\/wp-json\/wp\/v2\/posts\/23683\/revisions\/23685"}],"wp:featuredmedia":[{"embeddable":true,"href":"https:\/\/tvbrazilusa.com\/pt\/wp-json\/wp\/v2\/media\/23684"}],"wp:attachment":[{"href":"https:\/\/tvbrazilusa.com\/pt\/wp-json\/wp\/v2\/media?parent=23683"}],"wp:term":[{"taxonomy":"category","embeddable":true,"href":"https:\/\/tvbrazilusa.com\/pt\/wp-json\/wp\/v2\/categories?post=23683"},{"taxonomy":"post_tag","embeddable":true,"href":"https:\/\/tvbrazilusa.com\/pt\/wp-json\/wp\/v2\/tags?post=23683"}],"curies":[{"name":"wp","href":"https:\/\/api.w.org\/{rel}","templated":true}]}}