{"id":23704,"date":"2024-08-13T16:41:08","date_gmt":"2024-08-13T16:41:08","guid":{"rendered":"https:\/\/tvbrazilusa.com\/2024\/08\/13\/crianca-de-5-anos-testa-positivo-para-cocaina-e-mae-e-investigada\/"},"modified":"2024-08-13T16:58:17","modified_gmt":"2024-08-13T16:58:17","slug":"crianca-de-5-anos-testa-positivo-para-cocaina-e-mae-e-investigada","status":"publish","type":"post","link":"https:\/\/tvbrazilusa.com\/pt\/2024\/08\/13\/crianca-de-5-anos-testa-positivo-para-cocaina-e-mae-e-investigada\/","title":{"rendered":"Crian\u00e7a de 5 anos testa positivo para coca\u00edna e m\u00e3e \u00e9 investigada"},"content":{"rendered":"<p> <script async src=\"https:\/\/pagead2.googlesyndication.com\/pagead\/js\/adsbygoogle.js?client=ca-pub-8864793242727901\"\r\n     crossorigin=\"anonymous\"><\/script><br \/>\n<\/p>\n<div>\n<p>Uma m\u00e3e est\u00e1 sendo investigada em Conc\u00f3rdia ap\u00f3s seu filho de 5 anos ter testado positivo para uma subst\u00e2ncia il\u00edcita. O exame toxicol\u00f3gico realizado confirmou a presen\u00e7a da subst\u00e2ncia, conforme informou a Pol\u00edcia Militar. O Caso aconteceu nesta ter\u00e7a-feira (13).<\/p>\n<p>A mulher, cujo nome n\u00e3o foi divulgado, foi levada para a delegacia, onde prestou depoimento e foi liberada em seguida. Al\u00e9m do filho de 5 anos, a suspeita tamb\u00e9m tem um beb\u00ea de 5 meses. Ambos foram entregues ao Conselho Tutelar at\u00e9 a conclus\u00e3o da investiga\u00e7\u00e3o.<\/p>\n<h2 class=\"wp-block-heading\">Detalhes da Investiga\u00e7\u00e3o em Conc\u00f3rdia<\/h2>\n<figure class=\"wp-block-image size-full\"><picture decoding=\"async\" class=\"wp-image-173153\"><source type=\"image\/webp\" srcset=\"https:\/\/terrabrasilnoticias.com\/wp-content\/uploads\/2024\/08\/image-396.png.webp 600w, https:\/\/terrabrasilnoticias.com\/wp-content\/uploads\/2024\/08\/image-396-300x221.png.webp 300w\" sizes=\"(max-width: 600px) 100vw, 600px\"\/><\/picture><figcaption class=\"wp-element-caption\">M\u00e3e \u00e9 suspeita de dar coca\u00edna para filho de 5 anos em SC \u2014 Foto: Pol\u00edcia Civil\/Divulga\u00e7\u00e3o<\/figcaption><\/figure>\n<p>Segundo a delegada regional Ediana Person, a m\u00e3e n\u00e3o foi presa em flagrante devido \u00e0 exist\u00eancia de d\u00favidas quanto \u00e0 autoria do crime. A delegada informou que outros exames ser\u00e3o realizados para esclarecer a situa\u00e7\u00e3o.<\/p>\n<p>O Conselho Tutelar e a Pol\u00edcia Civil foram acionados durante a madrugada, ap\u00f3s den\u00fancias de que a mulher estaria administrando subst\u00e2ncias il\u00edcitas aos filhos. A suspeita negou veementemente as acusa\u00e7\u00f5es.<\/p>\n<p>Ao receber uma den\u00fancia, o Conselho Tutelar trabalha em conjunto com a Pol\u00edcia Civil para investigar a situa\u00e7\u00e3o. No caso espec\u00edfico, a den\u00fancia levou os envolvidos at\u00e9 o Hospital S\u00e3o Francisco, onde a crian\u00e7a passou por exames toxicol\u00f3gicos que atestaram positivo para uma subst\u00e2ncia il\u00edcita.<\/p>\n<p>Essas den\u00fancias s\u00e3o essenciais para proteger menores de idade de poss\u00edveis abusos ou neglig\u00eancias. O Conselho Tutelar tem o poder de tomar medidas imediatas para garantir a seguran\u00e7a das crian\u00e7as envolvidas.<\/p>\n<h2 class=\"wp-block-heading\">Consequ\u00eancias Legais do Crime<\/h2>\n<p>De acordo com a Pol\u00edcia Militar, a mulher pode enfrentar acusa\u00e7\u00f5es por fornecer ou entregar a menor bebidas alco\u00f3licas ou outros produtos que podem causar depend\u00eancia f\u00edsica ou ps\u00edquica. Este crime est\u00e1 previsto no Estatuto da Crian\u00e7a e do Adolescente (ECA) e pode resultar em penas de deten\u00e7\u00e3o de dois a quatro anos, al\u00e9m de multas.<\/p>\n<h3 class=\"wp-block-heading\">Estatuto da Crian\u00e7a e do Adolescente<\/h3>\n<p>O ECA \u00e9 um conjunto de leis que visa proteger os direitos das crian\u00e7as e adolescentes no Brasil. Entre as diversas medidas, o Estatuto estabelece penalidades para quem comete crimes contra menores, incluindo a administra\u00e7\u00e3o de subst\u00e2ncias nocivas.<\/p>\n<ul class=\"wp-block-list\">\n<li><strong>Deten\u00e7\u00e3o:<\/strong> Pena de dois a quatro anos.<\/li>\n<li><strong>Multa:<\/strong> Valor financeiro a ser decidido pelo juiz respons\u00e1vel pelo caso.<\/li>\n<\/ul>\n<p>Esses exames s\u00e3o altamente precisos e podem detectar uma ampla gama de subst\u00e2ncias, ajudando a esclarecer situa\u00e7\u00f5es como a ocorrida em Conc\u00f3rdia.<\/p>\n<\/p><\/div>\n<p><br \/>\n<br \/><a href=\"https:\/\/terrabrasilnoticias.com\/2024\/08\/crianca-de-5-anos-testa-positivo-para-cocaina-e-mae-e-investigada\/\">Source link <\/a><\/p>","protected":false},"excerpt":{"rendered":"<p>Uma m\u00e3e est\u00e1 sendo investigada em Conc\u00f3rdia ap\u00f3s seu filho de 5 anos ter testado positivo para uma subst\u00e2ncia il\u00edcita. O exame toxicol\u00f3gico realizado confirmou a presen\u00e7a da subst\u00e2ncia, conforme&hellip;<\/p>","protected":false},"author":1,"featured_media":23705,"comment_status":"closed","ping_status":"open","sticky":false,"template":"","format":"standard","meta":{"content-type":"","footnotes":""},"categories":[16],"tags":[],"class_list":["post-23704","post","type-post","status-publish","format-standard","has-post-thumbnail","hentry","category-noticias"],"_links":{"self":[{"href":"https:\/\/tvbrazilusa.com\/pt\/wp-json\/wp\/v2\/posts\/23704","targetHints":{"allow":["GET"]}}],"collection":[{"href":"https:\/\/tvbrazilusa.com\/pt\/wp-json\/wp\/v2\/posts"}],"about":[{"href":"https:\/\/tvbrazilusa.com\/pt\/wp-json\/wp\/v2\/types\/post"}],"author":[{"embeddable":true,"href":"https:\/\/tvbrazilusa.com\/pt\/wp-json\/wp\/v2\/users\/1"}],"replies":[{"embeddable":true,"href":"https:\/\/tvbrazilusa.com\/pt\/wp-json\/wp\/v2\/comments?post=23704"}],"version-history":[{"count":1,"href":"https:\/\/tvbrazilusa.com\/pt\/wp-json\/wp\/v2\/posts\/23704\/revisions"}],"predecessor-version":[{"id":23706,"href":"https:\/\/tvbrazilusa.com\/pt\/wp-json\/wp\/v2\/posts\/23704\/revisions\/23706"}],"wp:featuredmedia":[{"embeddable":true,"href":"https:\/\/tvbrazilusa.com\/pt\/wp-json\/wp\/v2\/media\/23705"}],"wp:attachment":[{"href":"https:\/\/tvbrazilusa.com\/pt\/wp-json\/wp\/v2\/media?parent=23704"}],"wp:term":[{"taxonomy":"category","embeddable":true,"href":"https:\/\/tvbrazilusa.com\/pt\/wp-json\/wp\/v2\/categories?post=23704"},{"taxonomy":"post_tag","embeddable":true,"href":"https:\/\/tvbrazilusa.com\/pt\/wp-json\/wp\/v2\/tags?post=23704"}],"curies":[{"name":"wp","href":"https:\/\/api.w.org\/{rel}","templated":true}]}}