{"id":23847,"date":"2024-08-13T19:54:12","date_gmt":"2024-08-13T19:54:12","guid":{"rendered":"https:\/\/tvbrazilusa.com\/2024\/08\/13\/2-moradores-do-sul-da-florida-entre-os-3-mortos-em-colisao-de-trem-e-van-na-virginia-wsvn-7news-noticias-de-miami-clima-esportes-fort-lauderdale\/"},"modified":"2024-08-13T20:02:22","modified_gmt":"2024-08-13T20:02:22","slug":"2-moradores-do-sul-da-florida-entre-os-3-mortos-em-colisao-de-trem-e-van-na-virginia-wsvn-7news-noticias-de-miami-clima-esportes-fort-lauderdale","status":"publish","type":"post","link":"https:\/\/tvbrazilusa.com\/pt\/2024\/08\/13\/2-moradores-do-sul-da-florida-entre-os-3-mortos-em-colisao-de-trem-e-van-na-virginia-wsvn-7news-noticias-de-miami-clima-esportes-fort-lauderdale\/","title":{"rendered":"2 moradores do sul da Fl\u00f3rida entre os 3 mortos em colis\u00e3o de trem e van na Virg\u00ednia &#8211; WSVN 7News | Not\u00edcias de Miami, Clima, Esportes | Fort Lauderdale"},"content":{"rendered":"<p> <script async src=\"https:\/\/pagead2.googlesyndication.com\/pagead\/js\/adsbygoogle.js?client=ca-pub-8864793242727901\"\r\n     crossorigin=\"anonymous\"><\/script><br \/>\n<\/p>\n<div itemprop=\"articleBody\">\n<p>STUARTS DRAFT, Virg\u00ednia (AP) \u2014 Tr\u00eas pessoas morreram e uma quarta ficou gravemente ferida quando um trem atingiu uma van, de acordo com a Pol\u00edcia Estadual da Virg\u00ednia.<\/p>\n<p>Uma van Ford Transit viajava em uma estrada particular em Stuarts Draft, no Condado de Augusta, por volta das 20h de segunda-feira, quando cruzou os trilhos e foi atingida por um trem que seguia para o norte, fazendo com que a van capotasse, disse a pol\u00edcia em um comunicado \u00e0 imprensa.<\/p>\n<p>Dois homens e uma mulher foram ejetados da van e morreram no local, disse a pol\u00edcia. Eles foram identificados como Abner Comete, 48, de Boynton Beach, Fl\u00f3rida; Jacner Comete, 44, de Lauderhill, Fl\u00f3rida; e Wilda Comete, 38, de Lithia Springs, Ge\u00f3rgia. Acredita-se que Abner Comete seja o motorista da van, disse a pol\u00edcia.<\/p>\n<p>Outra mulher, passageira do banco da frente, foi levada ao hospital com ferimentos considerados graves, mas sem risco de vida, disse a pol\u00edcia.<\/p>\n<p>O sargento CJ Aikens da Pol\u00edcia Estadual da Virg\u00ednia disse que a van estava saindo de um local de projeto solar quando um trem da Norfolk Southern indo para o norte em dire\u00e7\u00e3o a Waynesboro, vindo de Stuarts Draft, atingiu o lado do motorista, informou o The News Virginian. Uma investiga\u00e7\u00e3o preliminar n\u00e3o indicou que a van quebrou no momento do acidente, disse Aikens.<\/p>\n<p><em>Copyright 2024 The Associated Press. Todos os direitos reservados. Este material n\u00e3o pode ser publicado, transmitido, reescrito ou redistribu\u00eddo.<\/em><\/p>\n<div class=\"wp-block-newsletter\">\n\t<strong class=\"wp-block-newsletter__title\">Inscreva-se em nossa Newsletter para receber as \u00faltimas not\u00edcias diretamente na sua caixa de entrada<\/strong><\/p>\n<\/div><\/div>\n<p><br \/>\n<br \/><a href=\"https:\/\/wsvn.com\/news\/us-world\/2-south-florida-residents-among-3-killed-in-virginia-train-van-collision\/\">Source link <\/a><\/p>","protected":false},"excerpt":{"rendered":"<p>STUARTS DRAFT, Virg\u00ednia (AP) \u2014 Tr\u00eas pessoas morreram e uma quarta ficou gravemente ferida quando um trem atingiu uma van, de acordo com a Pol\u00edcia Estadual da Virg\u00ednia. Uma van&hellip;<\/p>","protected":false},"author":1,"featured_media":7627,"comment_status":"closed","ping_status":"open","sticky":false,"template":"","format":"standard","meta":{"content-type":"","footnotes":""},"categories":[1],"tags":[],"class_list":["post-23847","post","type-post","status-publish","format-standard","has-post-thumbnail","hentry","category-uncategorized"],"_links":{"self":[{"href":"https:\/\/tvbrazilusa.com\/pt\/wp-json\/wp\/v2\/posts\/23847","targetHints":{"allow":["GET"]}}],"collection":[{"href":"https:\/\/tvbrazilusa.com\/pt\/wp-json\/wp\/v2\/posts"}],"about":[{"href":"https:\/\/tvbrazilusa.com\/pt\/wp-json\/wp\/v2\/types\/post"}],"author":[{"embeddable":true,"href":"https:\/\/tvbrazilusa.com\/pt\/wp-json\/wp\/v2\/users\/1"}],"replies":[{"embeddable":true,"href":"https:\/\/tvbrazilusa.com\/pt\/wp-json\/wp\/v2\/comments?post=23847"}],"version-history":[{"count":1,"href":"https:\/\/tvbrazilusa.com\/pt\/wp-json\/wp\/v2\/posts\/23847\/revisions"}],"predecessor-version":[{"id":23848,"href":"https:\/\/tvbrazilusa.com\/pt\/wp-json\/wp\/v2\/posts\/23847\/revisions\/23848"}],"wp:featuredmedia":[{"embeddable":true,"href":"https:\/\/tvbrazilusa.com\/pt\/wp-json\/wp\/v2\/media\/7627"}],"wp:attachment":[{"href":"https:\/\/tvbrazilusa.com\/pt\/wp-json\/wp\/v2\/media?parent=23847"}],"wp:term":[{"taxonomy":"category","embeddable":true,"href":"https:\/\/tvbrazilusa.com\/pt\/wp-json\/wp\/v2\/categories?post=23847"},{"taxonomy":"post_tag","embeddable":true,"href":"https:\/\/tvbrazilusa.com\/pt\/wp-json\/wp\/v2\/tags?post=23847"}],"curies":[{"name":"wp","href":"https:\/\/api.w.org\/{rel}","templated":true}]}}