{"id":23857,"date":"2024-08-13T20:06:29","date_gmt":"2024-08-13T20:06:29","guid":{"rendered":"https:\/\/tvbrazilusa.com\/2024\/08\/13\/grave-investigacoes-revelam-vinculo-do-pcc-com-corinthians-entenda\/"},"modified":"2024-08-13T20:12:00","modified_gmt":"2024-08-13T20:12:00","slug":"grave-investigacoes-revelam-vinculo-do-pcc-com-corinthians-entenda","status":"publish","type":"post","link":"https:\/\/tvbrazilusa.com\/pt\/2024\/08\/13\/grave-investigacoes-revelam-vinculo-do-pcc-com-corinthians-entenda\/","title":{"rendered":"GRAVE: Investiga\u00e7\u00f5es revelam v\u00ednculo do PCC com Corinthians; entenda"},"content":{"rendered":"<p> <script async src=\"https:\/\/pagead2.googlesyndication.com\/pagead\/js\/adsbygoogle.js?client=ca-pub-8864793242727901\"\r\n     crossorigin=\"anonymous\"><\/script><br \/>\n<\/p>\n<div>\n<p><em>foto: reprodu\u00e7\u00e3o <\/em><\/p>\n<p>A Pol\u00edcia Civil e o Minist\u00e9rio P\u00fablico est\u00e3o conduzindo uma investiga\u00e7\u00e3o sobre poss\u00edveis v\u00ednculos entre o Primeiro Comando da Capital (PCC), a maior fac\u00e7\u00e3o criminosa de S\u00e3o Paulo, e o Corinthians, um dos principais clubes de futebol do pa\u00eds. A informa\u00e7\u00e3o foi divulgada pelo blog de Jorge Nicola, do portal R7, e est\u00e1 centrada em indiv\u00edduos pr\u00f3ximos ao presidente do clube, Augusto Melo.<\/p>\n<p>A investiga\u00e7\u00e3o ganhou notoriedade ap\u00f3s declara\u00e7\u00f5es feitas por Rub\u00e3o, ex-diretor de Futebol do Corinthians, em 9 de agosto. Sem apresentar provas concretas, Rub\u00e3o alegou que o crime organizado estaria se infiltrando no clube e fez a declara\u00e7\u00e3o ap\u00f3s depor \u00e0 Pol\u00edcia sobre o caso Vai de Bet.<\/p>\n<h2 class=\"wp-block-heading\">Declara\u00e7\u00f5es de Rub\u00e3o Levantam Suspeitas no Corinthians<\/h2>\n<p>A situa\u00e7\u00e3o levou a patrocinadora Vai de Bet a rescindir seu contrato com o Corinthians em 7 de junho, alegando danos \u00e0 imagem devido \u00e0s suspeitas. O contrato, assinado em janeiro, previa um investimento total de R$ 370 milh\u00f5es at\u00e9 o final de 2026.<\/p>\n<p>Rub\u00e3o afirmou: \u201cMinha grande preocupa\u00e7\u00e3o \u00e9 o crime organizado se instalando no Corinthians. O Corinthians \u00e9 um clube familiar e precisamos tomar cuidado com isso. A institui\u00e7\u00e3o est\u00e1 acima de tudo, acima de qualquer vaidade. E se o Conselho Deliberativo n\u00e3o tirar o Augusto, a Justi\u00e7a tira.\u201d<\/p>\n<h2 class=\"wp-block-heading\">Por que o contrato com a Vai de Bet foi encerrado?<\/h2>\n<p>A VaideBet decidiu romper o contrato alegando o uso de uma empresa laranja na intermedia\u00e7\u00e3o do acordo, o que gerou mais controv\u00e9rsia e questionamentos. Em resposta, o Corinthians emitiu uma nota afirmando que \u201crecebeu com estranheza as declara\u00e7\u00f5es p\u00fablicas do conselheiro Rubens Gomes, que at\u00e9 recentemente ocupava a posi\u00e7\u00e3o de Diretor de Futebol\u201d.<\/p>\n<h2 class=\"wp-block-heading\">Impacto das Investiga\u00e7\u00f5es Para o Futuro do Corinthians<\/h2>\n<p>O clube anunciou que investigar\u00e1 se Rub\u00e3o apresentou evid\u00eancias concretas das acusa\u00e7\u00f5es \u00e0s autoridades competentes e tomar\u00e1 as provid\u00eancias legais e administrativas cab\u00edveis. A situa\u00e7\u00e3o tem gerado um clima tenso dentro do clube, com torcedores e conselheiros preocupados com o futuro da institui\u00e7\u00e3o.<\/p>\n<p>Al\u00e9m disso, o Conselho Deliberativo do clube se reunir\u00e1 nesta segunda-feira para discutir um poss\u00edvel pedido de impeachment de Augusto Melo. Essa reuni\u00e3o pode ser um divisor de \u00e1guas para definir os rumos do Corinthians diante dessas acusa\u00e7\u00f5es.<\/p>\n<h2 class=\"wp-block-heading\">O que esperar das pr\u00f3ximas etapas da investiga\u00e7\u00e3o?<\/h2>\n<ul class=\"wp-block-list\">\n<li>Esclarecimento das acusa\u00e7\u00f5es feitas por Rub\u00e3o e poss\u00edveis provas concretas.<\/li>\n<li>Verifica\u00e7\u00e3o dos v\u00ednculos entre pessoas pr\u00f3ximas ao presidente Augusto Melo e o PCC.<\/li>\n<li>Poss\u00edveis medidas legais e administrativas que o Corinthians pode tomar.<\/li>\n<li>Decis\u00e3o do Conselho Deliberativo sobre o futuro de Augusto Melo.<\/li>\n<\/ul>\n<p>\u00a0<\/p>\n<p>O desenrolar dessas investiga\u00e7\u00f5es pode trazer \u00e0 tona novos desdobramentos, e a torcida aguarda por respostas claras e assertivas. Enquanto isso, a imagem do Corinthians, um dos clubes mais tradicionais do Brasil, segue em cheque.<\/p>\n<p>Ao longo das pr\u00f3ximas semanas, deve-se ficar atento aos comunicados oficiais tanto da Pol\u00edcia Civil quanto do Minist\u00e9rio P\u00fablico e do pr\u00f3prio clube. Manter-se informado \u00e9 crucial, j\u00e1 que o desfecho dessa hist\u00f3ria pode impactar n\u00e3o apenas o presente, mas tamb\u00e9m o futuro do futebol brasileiro.<\/p>\n<p>Com a gravidade das acusa\u00e7\u00f5es, \u00e9 essencial que todos os envolvidos cooperem para que a verdade venha \u00e0 tona o mais r\u00e1pido poss\u00edvel, garantindo a integridade do Corinthians e a seguran\u00e7a no mundo do futebol.<\/p>\n<\/p><\/div>\n<p><br \/>\n<br \/><a href=\"https:\/\/terrabrasilnoticias.com\/2024\/08\/grave-investigacoes-revelam-vinculo-do-pcc-com-corinthians-entenda\/\">Source link <\/a><\/p>","protected":false},"excerpt":{"rendered":"<p>foto: reprodu\u00e7\u00e3o A Pol\u00edcia Civil e o Minist\u00e9rio P\u00fablico est\u00e3o conduzindo uma investiga\u00e7\u00e3o sobre poss\u00edveis v\u00ednculos entre o Primeiro Comando da Capital (PCC), a maior fac\u00e7\u00e3o criminosa de S\u00e3o Paulo,&hellip;<\/p>","protected":false},"author":1,"featured_media":23858,"comment_status":"closed","ping_status":"open","sticky":false,"template":"","format":"standard","meta":{"content-type":"","footnotes":""},"categories":[16],"tags":[],"class_list":["post-23857","post","type-post","status-publish","format-standard","has-post-thumbnail","hentry","category-noticias"],"_links":{"self":[{"href":"https:\/\/tvbrazilusa.com\/pt\/wp-json\/wp\/v2\/posts\/23857","targetHints":{"allow":["GET"]}}],"collection":[{"href":"https:\/\/tvbrazilusa.com\/pt\/wp-json\/wp\/v2\/posts"}],"about":[{"href":"https:\/\/tvbrazilusa.com\/pt\/wp-json\/wp\/v2\/types\/post"}],"author":[{"embeddable":true,"href":"https:\/\/tvbrazilusa.com\/pt\/wp-json\/wp\/v2\/users\/1"}],"replies":[{"embeddable":true,"href":"https:\/\/tvbrazilusa.com\/pt\/wp-json\/wp\/v2\/comments?post=23857"}],"version-history":[{"count":1,"href":"https:\/\/tvbrazilusa.com\/pt\/wp-json\/wp\/v2\/posts\/23857\/revisions"}],"predecessor-version":[{"id":23859,"href":"https:\/\/tvbrazilusa.com\/pt\/wp-json\/wp\/v2\/posts\/23857\/revisions\/23859"}],"wp:featuredmedia":[{"embeddable":true,"href":"https:\/\/tvbrazilusa.com\/pt\/wp-json\/wp\/v2\/media\/23858"}],"wp:attachment":[{"href":"https:\/\/tvbrazilusa.com\/pt\/wp-json\/wp\/v2\/media?parent=23857"}],"wp:term":[{"taxonomy":"category","embeddable":true,"href":"https:\/\/tvbrazilusa.com\/pt\/wp-json\/wp\/v2\/categories?post=23857"},{"taxonomy":"post_tag","embeddable":true,"href":"https:\/\/tvbrazilusa.com\/pt\/wp-json\/wp\/v2\/tags?post=23857"}],"curies":[{"name":"wp","href":"https:\/\/api.w.org\/{rel}","templated":true}]}}