{"id":23896,"date":"2024-08-13T20:25:22","date_gmt":"2024-08-13T20:25:22","guid":{"rendered":"https:\/\/tvbrazilusa.com\/2024\/08\/13\/autoridades-de-quincy-dispersam-acampamento-de-tendas-de-migrantes-em-terrenos-de-igreja\/"},"modified":"2024-08-13T20:50:20","modified_gmt":"2024-08-13T20:50:20","slug":"autoridades-de-quincy-dispersam-acampamento-de-tendas-de-migrantes-em-terrenos-de-igreja","status":"publish","type":"post","link":"https:\/\/tvbrazilusa.com\/pt\/2024\/08\/13\/autoridades-de-quincy-dispersam-acampamento-de-tendas-de-migrantes-em-terrenos-de-igreja\/","title":{"rendered":"Autoridades de Quincy dispersam acampamento de tendas de migrantes em terrenos de igreja"},"content":{"rendered":"<p> <script async src=\"https:\/\/pagead2.googlesyndication.com\/pagead\/js\/adsbygoogle.js?client=ca-pub-8864793242727901\"\r\n     crossorigin=\"anonymous\"><\/script><br \/>\n<\/p>\n<div id=\"\">\n<header class=\"m-article-header m-article-header--standard\">\n\t\t\t\t\t\t\t\t\t\t\t\t<span id=\"article-header-primary-term\"><br \/>\n\t\t\t\t\t\t\t\t<a class=\"a-term a-term--primary\" href=\"https:\/\/www.boston.com\/tag\/local-news\/\"><\/p>\n<p>\t\t\t\t\t\t\t\tNot\u00edcias locais\t\t\t\t\t\t\t\t<\/a><br \/>\n\t\t\t\t\t\t\t<\/span><\/p>\n<h2 class=\"m-article-header__sub-headline\">Uma igreja de Quincy permitiu que algumas fam\u00edlias migrantes que lutavam para encontrar camas quentes montassem barracas em seu terreno. Mas autoridades da cidade receberam reclama\u00e7\u00f5es e fecharam o acampamento.<\/h2>\n<figure class=\"a-photo m-article-header__photo\"><figcaption class=\"a-photo__caption\">\n<p>\tUma fam\u00edlia de migrantes haitianos na Esta\u00e7\u00e3o Wollaston, em Quincy. <em> Kayla Bartkowski\/The Boston Globe<\/em>\t<\/figcaption><\/figure>\n<\/header>\n<p>\u00c0 medida que os defensores continuam a <a href=\"https:\/\/www.boston.com\/news\/local-news\/2024\/08\/13\/as-new-shelter-stay-limits-take-effect-advocates-keep-up-pressure-on-healey\/?p1=hp_featurestack\">protestar contra novos limites de perman\u00eancia em abrigos<\/a> impostas pela administra\u00e7\u00e3o Healey, fam\u00edlias de migrantes rec\u00e9m-chegadas est\u00e3o lutando para encontrar lugares para dormir em Massachusetts. <\/p>\n<p>Depois que uma igreja de Quincy recentemente permitiu que algumas fam\u00edlias montassem barracas em sua propriedade, autoridades locais dispersaram o pequeno acampamento. <\/p>\n<p>Depois que as tendas foram montadas no terreno da igreja, o Departamento de Sa\u00fade da cidade e seu Departamento de Servi\u00e7os de Inspe\u00e7\u00e3o receberam \u201creclama\u00e7\u00f5es da vizinhan\u00e7a\u201d sobre a situa\u00e7\u00e3o, de acordo com Chris Walker, chefe de gabinete do prefeito Thomas Koch. <\/p>\n<p>As reclama\u00e7\u00f5es envolveram relatos de \u201catividades anti-higi\u00eanicas e potencialmente inseguras no terreno de uma igreja na Granite Street\u201d, disse Walker em uma declara\u00e7\u00e3o ao Boston.com na ter\u00e7a-feira. <\/p>\n<p>A igreja n\u00e3o fica longe da esta\u00e7\u00e3o Wollaston Red Line. Nas \u00faltimas semanas, grupos de migrantes predominantemente haitianos t\u00eam acampado l\u00e1, <a href=\"https:\/\/www.wbur.org\/news\/2024\/08\/09\/massachusetts-haitians-shelter-limits-advocates\">WBUR <\/a>relatado. <\/p>\n<p>Em resposta a um grande aumento no n\u00famero de migrantes que chegam a Massachusetts, o estado criou \u201c<a href=\"https:\/\/www.mass.gov\/news\/healey-driscoll-administration-announces-second-family-welcome-center-to-further-expand-services-for-families-experiencing-homelessness\">centros de acolhimento familiar<\/a>\u201d para ajudar a conectar fam\u00edlias desabrigadas com servi\u00e7os essenciais. Um existe atualmente no Eastern Nazarene College de Quincy. No entanto, esses centros de boas-vindas n\u00e3o s\u00e3o abrigos \u2014 eles n\u00e3o ficam abertos \u00e0 noite e as fam\u00edlias n\u00e3o podem dormir neles. Ent\u00e3o, a esta\u00e7\u00e3o Wollaston, a apenas 15 minutos de caminhada do campus Eastern Nazarene, se tornou um ponto de encontro para aqueles que dependem do centro de boas-vindas sem ter onde passar a noite. <\/p>\n<p>Na quarta-feira passada, volunt\u00e1rios colaboraram com a igreja e os migrantes para garantir espa\u00e7os de acampamento em um jardim privativo e bem cuidado, segundo a WBUR. <\/p>\n<p>Mas dois dias depois, as fam\u00edlias estavam presas procurando outro lugar para dormir. <\/p>\n<p>\u201cMembros do Departamento de Servi\u00e7os de Inspe\u00e7\u00e3o, Corpo de Bombeiros e Departamento Jur\u00eddico explicaram aos oficiais da Igreja as quest\u00f5es de seguran\u00e7a de vida, sa\u00fade e c\u00f3digo de constru\u00e7\u00e3o relativas a uma tenda montada que era vis\u00edvel no terreno da igreja\u201d, disse Walker em sua declara\u00e7\u00e3o. \u201cA igreja concordou em remover as tendas. Nenhuma cita\u00e7\u00e3o foi emitida.\u201d<\/p>\n<p>O pastor da igreja de Quincy teria trabalhado com os volunt\u00e1rios para ajudar a acomodar as fam\u00edlias migrantes. Em resposta aos pedidos de coment\u00e1rios na ter\u00e7a-feira, o pastor direcionou todas as perguntas para a Boston Immigration Justice Accompaniment Network (<a href=\"https:\/\/www.beyondbondboston.org\/?fbclid=IwY2xjawEoj3JleHRuA2FlbQIxMAABHQ4FqaZgqI070Pq6ZrkdyFbdImMaThfE4xh-_LCMg89_6RLuFrMw28V84Q_aem_zRcRr4yGf8Vw-ZlCir3bEg\">BIJ\u00c3O<\/a>). O grupo, que fornece uma variedade de servi\u00e7os aos migrantes, n\u00e3o respondeu a um pedido de coment\u00e1rio na ter\u00e7a-feira. <\/p>\n<p>Nos \u00faltimos anos, o aumento da imigra\u00e7\u00e3o e os altos custos de moradia se combinaram para mergulhar Massachusetts em uma crise prolongada de abrigo. O sistema de abrigo de emerg\u00eancia do estado est\u00e1 no limite de sua capacidade desde o outono passado, o que levou \u00e0 cria\u00e7\u00e3o de v\u00e1rios locais de abrigo de transbordamento em todo o estado. Mas o espa\u00e7o ainda \u00e9 limitado, assim como <a href=\"https:\/\/www.boston.com\/news\/local-news\/2024\/07\/31\/states-emergency-shelter-system-predicted-cost-more-than-1-billion-next-year\/\">os fundos necess\u00e1rios<\/a> para manter o sistema funcionando. <\/p>\n<p>A governadora Maura Healey anunciou recentemente<a href=\"https:\/\/www.boston.com\/news\/local-news\/2024\/07\/23\/healey-announces-major-shelter-system-changes-caps-stays-at-overflow-sites-to-5-days\/\"> novas regras de prioriza\u00e7\u00e3o<\/a> para os abrigos que se concentram em fam\u00edlias de Massachusetts, e disse que as fam\u00edlias que n\u00e3o s\u00e3o priorizadas s\u00f3 podem permanecer nos locais de transbordamento por cinco dias, a menos que recebam uma <a href=\"https:\/\/www.boston.com\/news\/politics\/2024\/07\/31\/after-5-day-limit-some-families-at-mass-state-shelters-could-get-month-long-extension\/\">extens\u00e3o<\/a>. Defensores protestaram contra as novas pol\u00edticas; outra vig\u00edlia est\u00e1 marcada para quarta-feira em frente \u00e0 State House. <\/p>\n<p>As fam\u00edlias que ficaram brevemente na igreja de Quincy agora est\u00e3o hospedadas em quartos de hotel pagos por moradores que querem ajudar, disse a defensora Judy Wolberg \u00e0 WBUR.<\/p>\n<p>\u201cTivemos que agir muito r\u00e1pido para desmontar todas aquelas tendas\u201d, disse Wolberg \u00e0 esta\u00e7\u00e3o. \u201cFoi um grande choque.\u201d<\/p>\n<div class=\"m-block m-generic-cta\t m-generic-cta--post-content\t m-generic-cta--dark\t m-generic-cta--homepage\t m-generic-cta--email-signup\t\t m-generic-cta-block-style--default \tt-amp__generic-cta\"><\/p>\n<div class=\"m-generic-cta__wrap\">\n<div class=\"m-generic-cta__content\">\n<h3 class=\"m-generic-cta__title\">Boston.com Hoje<\/h3>\n<p class=\"m-generic-cta__subtitle\">Inscreva-se para receber as \u00faltimas manchetes na sua caixa de entrada todas as manh\u00e3s.<\/p>\n<\/p><\/div>\n<\/p><\/div>\n<\/div><\/div>\n<p><script>\n\t\tvar consent=\"grant\";\n\t\t\/* The above code is parsing the JSON data from the local storage and storing it in a variable. *\/\n\t\t\t\t\tconst onetrustStorageConsent = JSON.parse(localStorage.getItem( 'consent_one_trust_bdc' ) );\n\t\t\tif ( ( onetrustStorageConsent !== null ) ) {\n\t\t\t\t\/* Checking to see if the user has consented to the use of cookies.\n\t\t\t\t* If they have not, it is deleting the cookie.\n\t\t\t\t* This will comment for now, until further notice.\n\t\t\t\t*\/\n\t\t\t\t\/\/if ( onetrustStorageConsent.C0002 === false ) {\n\t\t\t\t\/\/\tdocument.cookie=\"_fbp=;expires=Thu, 01 Jan 2010 00:00:00 UTC; path=\/; domain=.boston.com\";\n\t\t\t\t\/\/}\n\t\t\t\t\/* Checking if the user has given consent for the cookie C0002.\n\t\t\t\t* If the user has given consent, the variable consent will be set to 'grant'.\n\t\t\t\t* If the user has not given consent,the variable consent will be set to 'revoke'.\n\t\t\t\t* Documentation https:\/\/developers.facebook.com\/docs\/meta-pixel\/implementation\/gdpr\n\t\t\t\t*\/\n\t\t\t\tif ( onetrustStorageConsent.C0002 !== true ) {\n\t\t\t\t\tconsent=\"revoke\";\n\t\t\t\t}\n\t\t\t}\n\t\t\t\t!function(f,b,e,v,n,t,s)\n\t\t{if(f.fbq)return;n=f.fbq=function(){n.callMethod?\n\t\tn.callMethod.apply(n,arguments):n.queue.push(arguments)};\n\t\tif(!f._fbq)f._fbq=n;n.push=n;n.loaded=!0;n.version='2.0';\n\t\tn.queue=[];t=b.createElement(e);t.async=!0;\n\t\tt.src=v;s=b.getElementsByTagName(e)[0];\n\t\ts.parentNode.insertBefore(t,s)}(window, document,'script',\n\t\t'https:\/\/connect.facebook.net\/en_US\/fbevents.js');\n\t\tfbq('consent', consent);\n\t\tfbq('init', '989222871864976');\n\t\tfbq('track', 'PageView');\n\t<\/script><script type=\"module\">\n\t\tvar consent=\"grant\";\n\t\t\/* The above code is parsing the JSON data from the local storage and storing it in a variable. *\/\n\t\t\tconst onetrustStorageConsent = JSON.parse(localStorage.getItem( 'consent_one_trust_bdc' ) );\n\t\t\t\/* Checking to see if the user has consented to the use of cookies.\n\t\t\t* If they have not, it is deleting the cookie.\n\t\t\t* This will comment for now, until further notice.\n\t\t\t*\/\n\t\t\t\/\/if ( onetrustStorageConsent.C0002 === false ) {\n\t\t\t\/\/\tdocument.cookie=\"_fbp=;expires=Thu, 01 Jan 2010 00:00:00 UTC; path=\/; domain=.boston.com\";\n\t\t\t\/\/}\n\t\t\t\/* Checking if the user has given consent for the cookie C0002.\n\t\t\t* If the user has given consent, the variable consent will be set to 'grant'.\n\t\t\t* If the user has not given consent,the variable consent will be set to 'revoke'.\n\t\t\t* Documentation https:\/\/developers.facebook.com\/docs\/meta-pixel\/implementation\/gdpr\n\t\t\t*\/\n\t\t\tif ( ( onetrustStorageConsent !== null ) && (onetrustStorageConsent.C0002 !== true ) ) {\n\t\t\t\tconsent=\"revoke\";\n\t\t\t}\n\t\t\t\t!function(f,b,e,v,n,t,s){if(f.fbq)return;n=f.fbq=function()\n\t\t{n.callMethod? n.callMethod.apply(n,arguments):n.queue.push(arguments)}\n\t\t;if(!f._fbq)f._fbq=n;\n\t\tn.push=n;n.loaded=!0;n.version='2.0';n.queue=[];t=b.createElement(e);t.async=!0;\n\t\tt.src=v;s=b.getElementsByTagName(e)[0];s.parentNode.insertBefore(t,s)}(window,\n\t\tdocument,'script','https:\/\/connect.facebook.net\/en_US\/fbevents.js');\n\t\tfbq('consent', consent);\n\t\tfbq('init', '813236348753005');\n\t\tfbq('track', \"PageView\");\n\t<\/script><br \/>\n<br \/><br \/>\n<br \/><a href=\"https:\/\/www.boston.com\/news\/local-news\/2024\/08\/13\/quincy-officials-disperse-migrant-tent-encampment-on-church-grounds\/\">Source link <\/a><\/p>","protected":false},"excerpt":{"rendered":"<p>Not\u00edcias locais Uma igreja de Quincy permitiu que algumas fam\u00edlias migrantes que lutavam para encontrar camas quentes montassem barracas em seu terreno. Mas autoridades da cidade receberam reclama\u00e7\u00f5es e fecharam&hellip;<\/p>","protected":false},"author":1,"featured_media":23897,"comment_status":"closed","ping_status":"open","sticky":false,"template":"","format":"standard","meta":{"content-type":"","footnotes":""},"categories":[1],"tags":[],"class_list":["post-23896","post","type-post","status-publish","format-standard","has-post-thumbnail","hentry","category-uncategorized"],"_links":{"self":[{"href":"https:\/\/tvbrazilusa.com\/pt\/wp-json\/wp\/v2\/posts\/23896","targetHints":{"allow":["GET"]}}],"collection":[{"href":"https:\/\/tvbrazilusa.com\/pt\/wp-json\/wp\/v2\/posts"}],"about":[{"href":"https:\/\/tvbrazilusa.com\/pt\/wp-json\/wp\/v2\/types\/post"}],"author":[{"embeddable":true,"href":"https:\/\/tvbrazilusa.com\/pt\/wp-json\/wp\/v2\/users\/1"}],"replies":[{"embeddable":true,"href":"https:\/\/tvbrazilusa.com\/pt\/wp-json\/wp\/v2\/comments?post=23896"}],"version-history":[{"count":1,"href":"https:\/\/tvbrazilusa.com\/pt\/wp-json\/wp\/v2\/posts\/23896\/revisions"}],"predecessor-version":[{"id":23898,"href":"https:\/\/tvbrazilusa.com\/pt\/wp-json\/wp\/v2\/posts\/23896\/revisions\/23898"}],"wp:featuredmedia":[{"embeddable":true,"href":"https:\/\/tvbrazilusa.com\/pt\/wp-json\/wp\/v2\/media\/23897"}],"wp:attachment":[{"href":"https:\/\/tvbrazilusa.com\/pt\/wp-json\/wp\/v2\/media?parent=23896"}],"wp:term":[{"taxonomy":"category","embeddable":true,"href":"https:\/\/tvbrazilusa.com\/pt\/wp-json\/wp\/v2\/categories?post=23896"},{"taxonomy":"post_tag","embeddable":true,"href":"https:\/\/tvbrazilusa.com\/pt\/wp-json\/wp\/v2\/tags?post=23896"}],"curies":[{"name":"wp","href":"https:\/\/api.w.org\/{rel}","templated":true}]}}