{"id":23919,"date":"2024-08-13T21:15:25","date_gmt":"2024-08-13T21:15:25","guid":{"rendered":"https:\/\/tvbrazilusa.com\/2024\/08\/13\/os-gastos-em-pequenas-empresas-aumentaram-em-julho-a-medida-que-os-consumidores-gastam-mais-em-mercadorias-em-geral\/"},"modified":"2024-08-13T21:25:59","modified_gmt":"2024-08-13T21:25:59","slug":"os-gastos-em-pequenas-empresas-aumentaram-em-julho-a-medida-que-os-consumidores-gastam-mais-em-mercadorias-em-geral","status":"publish","type":"post","link":"https:\/\/tvbrazilusa.com\/pt\/2024\/08\/13\/os-gastos-em-pequenas-empresas-aumentaram-em-julho-a-medida-que-os-consumidores-gastam-mais-em-mercadorias-em-geral\/","title":{"rendered":"Os gastos em pequenas empresas aumentaram em julho, \u00e0 medida que os consumidores gastam mais em mercadorias em geral"},"content":{"rendered":"<script async src=\"https:\/\/pagead2.googlesyndication.com\/pagead\/js\/adsbygoogle.js?client=ca-pub-8864793242727901\"\r\n     crossorigin=\"anonymous\"><\/script>\n<div id=\"\">\n<p class=\"dist__Box-sc-1fnzlkn-0 dist__TextBase-sc-1fnzlkn-3 CGHCP htMUPQ article-text\"><strong>NOVA IORQUE<\/strong> \u2013 Os consumidores gastaram mais em pequenas empresas em julho, uma recupera\u00e7\u00e3o impulsionada pelas fortes vendas de mercadorias em geral e produtos de sa\u00fade e cuidados pessoais.<\/p>\n<p class=\"dist__Box-sc-1fnzlkn-0 dist__TextBase-sc-1fnzlkn-3 CGHCP htMUPQ article-text\">O Fiserv Small Business Index subiu 1 ponto para 141 ap\u00f3s um decl\u00ednio de 4 pontos em junho. O n\u00famero \u00e9 derivado de dados de transa\u00e7\u00f5es de ponto de venda, incluindo transa\u00e7\u00f5es de cart\u00e3o, dinheiro e cheque na loja e online em cerca de 2 milh\u00f5es de pequenas empresas dos EUA.<\/p>\n<p class=\"dist__Box-sc-1fnzlkn-0 dist__TextBase-sc-1fnzlkn-3 CGHCP htMUPQ article-text\">\u201cAp\u00f3s decl\u00ednios modestos em junho, os gastos do consumidor se recuperaram bem em julho, ajudando muitas pequenas empresas a come\u00e7ar o segundo semestre do ano com for\u00e7a\u201d, disse Jennifer LaClair, chefe de solu\u00e7\u00f5es para comerciantes da Fiserv. <\/p>\n<p class=\"dist__Box-sc-1fnzlkn-0 dist__TextBase-sc-1fnzlkn-3 CGHCP htMUPQ article-text\">Em compara\u00e7\u00e3o com julho do ano passado, as vendas aumentaram 3,5% e o n\u00famero de transa\u00e7\u00f5es aumentou 3,3%.<\/p>\n<p class=\"dist__Box-sc-1fnzlkn-0 dist__TextBase-sc-1fnzlkn-3 CGHCP htMUPQ article-text\">\u201cOs padr\u00f5es de gastos do consumidor continuam mudando, principalmente com os gastos no varejo experimentando uma recupera\u00e7\u00e3o decisiva em compara\u00e7\u00e3o a junho\u201d, disse Prasanna Dhore, diretora de dados da Fiserv. \u201cO com\u00e9rcio especializado e os servi\u00e7os profissionais tamb\u00e9m tiveram um desempenho muito bom devido \u00e0 demanda sazonal e \u00e0 estabiliza\u00e7\u00e3o das taxas de infla\u00e7\u00e3o.\u201d<\/p>\n<p class=\"dist__Box-sc-1fnzlkn-0 dist__TextBase-sc-1fnzlkn-3 CGHCP htMUPQ article-text\">Os gastos no varejo aumentaram 4,6% e as transa\u00e7\u00f5es no varejo saltaram 5,8%. Produtos em geral foram a categoria mais forte, com alta de 10,9%. Produtos de sa\u00fade e cuidados pessoais aumentaram 8,6%, equipamentos de constru\u00e7\u00e3o e materiais de jardim aumentaram 6,2%, vendas de alimentos e bebidas aumentaram 4,9% e m\u00f3veis, eletr\u00f4nicos e eletrodom\u00e9sticos aumentaram 4,7%.<\/p>\n<p class=\"dist__Box-sc-1fnzlkn-0 dist__TextBase-sc-1fnzlkn-3 CGHCP htMUPQ article-text\">Um ponto fraco foram as vendas em restaurantes, que ca\u00edram 1,6% apesar de verem um crescimento modesto no tr\u00e1fego de pedestres, com alta de 0,7%. Os consumidores que jantam fora tamb\u00e9m viram uma redu\u00e7\u00e3o significativa no tamanho m\u00e9dio do cheque, queda de 2,4% em compara\u00e7\u00e3o a julho de 2023, embora n\u00e3o tenha ficado claro se a redu\u00e7\u00e3o veio de pre\u00e7os mais baixos ou de clientes pedindo menos.<\/p>\n<\/div>\n<p>Copyright 2024 The Associated Press. Todos os direitos reservados. Este material n\u00e3o pode ser publicado, transmitido, reescrito ou redistribu\u00eddo sem permiss\u00e3o.<\/p>\n<p><br \/>\n<br \/><a href=\"https:\/\/www.clickorlando.com\/business\/2024\/08\/13\/spending-at-small-businesses-rose-in-july-as-consumers-spend-more-on-general-merchandise\/\">Source link <\/a><\/p>","protected":false},"excerpt":{"rendered":"<p>NOVA IORQUE \u2013 Os consumidores gastaram mais em pequenas empresas em julho, uma recupera\u00e7\u00e3o impulsionada pelas fortes vendas de mercadorias em geral e produtos de sa\u00fade e cuidados pessoais. O&hellip;<\/p>","protected":false},"author":1,"featured_media":23920,"comment_status":"closed","ping_status":"open","sticky":false,"template":"","format":"standard","meta":{"content-type":"","footnotes":""},"categories":[1],"tags":[1223],"class_list":["post-23919","post","type-post","status-publish","format-standard","has-post-thumbnail","hentry","category-uncategorized","tag-negocios"],"_links":{"self":[{"href":"https:\/\/tvbrazilusa.com\/pt\/wp-json\/wp\/v2\/posts\/23919","targetHints":{"allow":["GET"]}}],"collection":[{"href":"https:\/\/tvbrazilusa.com\/pt\/wp-json\/wp\/v2\/posts"}],"about":[{"href":"https:\/\/tvbrazilusa.com\/pt\/wp-json\/wp\/v2\/types\/post"}],"author":[{"embeddable":true,"href":"https:\/\/tvbrazilusa.com\/pt\/wp-json\/wp\/v2\/users\/1"}],"replies":[{"embeddable":true,"href":"https:\/\/tvbrazilusa.com\/pt\/wp-json\/wp\/v2\/comments?post=23919"}],"version-history":[{"count":1,"href":"https:\/\/tvbrazilusa.com\/pt\/wp-json\/wp\/v2\/posts\/23919\/revisions"}],"predecessor-version":[{"id":23921,"href":"https:\/\/tvbrazilusa.com\/pt\/wp-json\/wp\/v2\/posts\/23919\/revisions\/23921"}],"wp:featuredmedia":[{"embeddable":true,"href":"https:\/\/tvbrazilusa.com\/pt\/wp-json\/wp\/v2\/media\/23920"}],"wp:attachment":[{"href":"https:\/\/tvbrazilusa.com\/pt\/wp-json\/wp\/v2\/media?parent=23919"}],"wp:term":[{"taxonomy":"category","embeddable":true,"href":"https:\/\/tvbrazilusa.com\/pt\/wp-json\/wp\/v2\/categories?post=23919"},{"taxonomy":"post_tag","embeddable":true,"href":"https:\/\/tvbrazilusa.com\/pt\/wp-json\/wp\/v2\/tags?post=23919"}],"curies":[{"name":"wp","href":"https:\/\/api.w.org\/{rel}","templated":true}]}}