{"id":23928,"date":"2024-08-13T21:39:51","date_gmt":"2024-08-13T21:39:51","guid":{"rendered":"https:\/\/tvbrazilusa.com\/2024\/08\/13\/cenas-fortes-mulher-e-morta-a-facadas-dentro-de-centro-de-saude-veja-video\/"},"modified":"2024-08-13T21:40:52","modified_gmt":"2024-08-13T21:40:52","slug":"cenas-fortes-mulher-e-morta-a-facadas-dentro-de-centro-de-saude-veja-video","status":"publish","type":"post","link":"https:\/\/tvbrazilusa.com\/pt\/2024\/08\/13\/cenas-fortes-mulher-e-morta-a-facadas-dentro-de-centro-de-saude-veja-video\/","title":{"rendered":"CENAS FORTES: Mulher \u00e9 morta a facadas dentro de centro de sa\u00fade; VEJA V\u00cdDEO"},"content":{"rendered":"<p> <script async src=\"https:\/\/pagead2.googlesyndication.com\/pagead\/js\/adsbygoogle.js?client=ca-pub-8864793242727901\"\r\n     crossorigin=\"anonymous\"><\/script><br \/>\n<\/p>\n<div>\n<p><em>Foto: Flavio Tavares\/O Tempo<\/em><\/p>\n<p>Noite tr\u00e1gica em Nova Serrana. Uma mulher de 48 anos foi brutalmente assassinada dentro de uma unidade de sa\u00fade no bairro Concesso Elias na \u00faltima segunda-feira, 12 de agosto de 2024. O crime chocou a comunidade local e levantou quest\u00f5es sobre seguran\u00e7a e viol\u00eancia na regi\u00e3o.<\/p>\n<p>A v\u00edtima entrou desesperada na unidade para se refugiar de sua perseguidora, mas, infelizmente, os esfor\u00e7os dos profissionais do Programa de Sa\u00fade da Fam\u00edlia (PSF) para socorr\u00ea-la foram em v\u00e3o. Ela n\u00e3o resistiu aos ferimentos e faleceu no local, deixando a comunidade e os funcion\u00e1rios da UBS em estado de choque.<\/p>\n<blockquote class=\"twitter-tweet\" data-media-max-width=\"560\">\n<p lang=\"pt\" dir=\"ltr\">Uma mulher de 48 anos foi assassinada a golpes de fac\u00e3o na noite de segunda-feira (12) dentro de uma unidade de sa\u00fade no bairro Concesso Elias, em Nova Serrana, na regi\u00e3o Centro-Oeste do Estado. Profissionais do Programa de Sa\u00fade da Fam\u00edlia (PSF) tentaram socorr\u00ea-la, mas ela n\u00e3o\u2026 <a href=\"https:\/\/t.co\/KYaV5lE9g1\">pic.twitter.com\/KYaV5lE9g1<\/a><\/p>\n<p>\u2014 O Tempo (@otempo) <a href=\"https:\/\/twitter.com\/otempo\/status\/1823424658814681337?ref_src=twsrc%5Etfw\">August 13, 2024<\/a><\/p><\/blockquote>\n<h2 class=\"wp-block-heading\">Assassinato em Nova Serrana: Detalhes e Motiva\u00e7\u00f5es<\/h2>\n<p>Ap\u00f3s o ataque, a Pol\u00edcia Militar foi rapidamente acionada e iniciou uma busca pelo bairro Concesso Elias. A suspeita do crime, uma mulher de 45 anos, foi encontrada escondida em um matagal pr\u00f3ximo. Ela confessou o homic\u00eddio, alegando que agiu por ci\u00fames, acreditando que seu marido estava se relacionando amorosamente com a v\u00edtima.<\/p>\n<p>De acordo com os militares, a autora do crime j\u00e1 possu\u00eda um hist\u00f3rico criminal, incluindo passagens por agress\u00e3o, tentativa de homic\u00eddio e les\u00e3o corporal. Ela foi conduzida \u00e0 delegacia e autuada por homic\u00eddio, enquanto a comunidade tenta compreender a trag\u00e9dia que abalou a todos.<\/p>\n<h2 class=\"wp-block-heading\">Por que a Viol\u00eancia em Nova Serrana est\u00e1 Aumentando?<\/h2>\n<p>A crescente viol\u00eancia em Nova Serrana tem sido uma preocupa\u00e7\u00e3o constante para os moradores. Trag\u00e9dias como essa levantam questionamentos sobre os fatores que contribuem para o aumento dos \u00edndices de criminalidade na regi\u00e3o:<\/p>\n<ul class=\"wp-block-list\">\n<li><strong>Conflitos Pessoais:<\/strong> Muitas vezes, diferen\u00e7as pessoais e sentimentos exacerbados, como o ci\u00fame, resultam em atos de viol\u00eancia extrema.\u00a0<\/li>\n<li><strong>Hist\u00f3rico Criminal:<\/strong> A reincid\u00eancia criminal \u00e9 um fator significativo. A mulher de 45 anos j\u00e1 possu\u00eda um hist\u00f3rico de viol\u00eancia, o que pode indicar falhas no sistema de reabilita\u00e7\u00e3o.<\/li>\n<li><strong>Seguran\u00e7a P\u00fablica:<\/strong> A falta de seguran\u00e7a adequada em \u00e1reas residenciais e pontos de sa\u00fade p\u00fablica pode contribuir para a vulnerabilidade das pessoas a situa\u00e7\u00f5es violentas.<\/li>\n<\/ul>\n<p>\u00a0<\/p>\n<h2 class=\"wp-block-heading\">Quais Medidas Podem Ser Implementadas para Aumentar a Seguran\u00e7a?<\/h2>\n<p>Diante de tais eventos, \u00e9 essencial discutir e implementar medidas que possam aumentar a seguran\u00e7a na comunidade. Algumas sugest\u00f5es incluem:<\/p>\n<ol class=\"wp-block-list\">\n<li><strong>Monitoramento e Vigil\u00e2ncia:<\/strong> Investir em c\u00e2meras de seguran\u00e7a e aumentar a presen\u00e7a policial em \u00e1reas cr\u00edticas pode atuar como um fator dissuasivo.<\/li>\n<li><strong>Programas de Preven\u00e7\u00e3o:<\/strong> Programas comunit\u00e1rios voltados \u00e0 resolu\u00e7\u00e3o pac\u00edfica de conflitos e ao apoio psicol\u00f3gico podem ajudar a tratar a raiz dos comportamentos violentos.<\/li>\n<li><strong>Fortalecimento das Pol\u00edticas de Reabilita\u00e7\u00e3o:<\/strong> Melhorar os programas de reabilita\u00e7\u00e3o para criminosos reincidentes pode reduzir a probabilidade de novas ocorr\u00eancias de viol\u00eancia.<\/li>\n<\/ol>\n<p>\u00a0<\/p>\n<p>A trag\u00e9dia em Nova Serrana serve como um lembrete doloroso da necessidade de uma a\u00e7\u00e3o coletiva contra a viol\u00eancia. A comunidade, juntamente com as autoridades, deve se unir para criar um ambiente mais seguro e acolhedor para todos.<\/p>\n<\/p><\/div>\n<p><script async src=\"\/\/platform.twitter.com\/widgets.js\" charset=\"utf-8\"><\/script><br \/>\n<br \/><br \/>\n<br \/><a href=\"https:\/\/terrabrasilnoticias.com\/2024\/08\/cenas-fortes-mulher-e-morta-a-facadas-dentro-de-centro-de-saude-veja-video\/\">Source link <\/a><\/p>","protected":false},"excerpt":{"rendered":"<p>Foto: Flavio Tavares\/O Tempo Noite tr\u00e1gica em Nova Serrana. Uma mulher de 48 anos foi brutalmente assassinada dentro de uma unidade de sa\u00fade no bairro Concesso Elias na \u00faltima segunda-feira,&hellip;<\/p>","protected":false},"author":1,"featured_media":23929,"comment_status":"closed","ping_status":"open","sticky":false,"template":"","format":"standard","meta":{"content-type":"","footnotes":""},"categories":[16],"tags":[],"class_list":["post-23928","post","type-post","status-publish","format-standard","has-post-thumbnail","hentry","category-noticias"],"_links":{"self":[{"href":"https:\/\/tvbrazilusa.com\/pt\/wp-json\/wp\/v2\/posts\/23928","targetHints":{"allow":["GET"]}}],"collection":[{"href":"https:\/\/tvbrazilusa.com\/pt\/wp-json\/wp\/v2\/posts"}],"about":[{"href":"https:\/\/tvbrazilusa.com\/pt\/wp-json\/wp\/v2\/types\/post"}],"author":[{"embeddable":true,"href":"https:\/\/tvbrazilusa.com\/pt\/wp-json\/wp\/v2\/users\/1"}],"replies":[{"embeddable":true,"href":"https:\/\/tvbrazilusa.com\/pt\/wp-json\/wp\/v2\/comments?post=23928"}],"version-history":[{"count":1,"href":"https:\/\/tvbrazilusa.com\/pt\/wp-json\/wp\/v2\/posts\/23928\/revisions"}],"predecessor-version":[{"id":23930,"href":"https:\/\/tvbrazilusa.com\/pt\/wp-json\/wp\/v2\/posts\/23928\/revisions\/23930"}],"wp:featuredmedia":[{"embeddable":true,"href":"https:\/\/tvbrazilusa.com\/pt\/wp-json\/wp\/v2\/media\/23929"}],"wp:attachment":[{"href":"https:\/\/tvbrazilusa.com\/pt\/wp-json\/wp\/v2\/media?parent=23928"}],"wp:term":[{"taxonomy":"category","embeddable":true,"href":"https:\/\/tvbrazilusa.com\/pt\/wp-json\/wp\/v2\/categories?post=23928"},{"taxonomy":"post_tag","embeddable":true,"href":"https:\/\/tvbrazilusa.com\/pt\/wp-json\/wp\/v2\/tags?post=23928"}],"curies":[{"name":"wp","href":"https:\/\/api.w.org\/{rel}","templated":true}]}}