{"id":23940,"date":"2024-08-13T21:30:00","date_gmt":"2024-08-13T21:30:00","guid":{"rendered":"https:\/\/tvbrazilusa.com\/2024\/08\/13\/jovem-e-acusado-de-oui-em-acidente-na-ponte-sagamore-que-matou-um-e-hospitalizou-dois\/"},"modified":"2024-08-13T21:46:55","modified_gmt":"2024-08-13T21:46:55","slug":"jovem-e-acusado-de-oui-em-acidente-na-ponte-sagamore-que-matou-um-e-hospitalizou-dois","status":"publish","type":"post","link":"https:\/\/tvbrazilusa.com\/pt\/2024\/08\/13\/jovem-e-acusado-de-oui-em-acidente-na-ponte-sagamore-que-matou-um-e-hospitalizou-dois\/","title":{"rendered":"Jovem \u00e9 acusado de OUI em acidente na ponte Sagamore que matou um e hospitalizou dois"},"content":{"rendered":"<p> <script async src=\"https:\/\/pagead2.googlesyndication.com\/pagead\/js\/adsbygoogle.js?client=ca-pub-8864793242727901\"\r\n     crossorigin=\"anonymous\"><\/script><br \/>\n<\/p>\n<div id=\"\">\n<header class=\"m-article-header m-article-header--standard\">\n\t\t\t\t\t\t\t\t\t\t\t\t<span id=\"article-header-primary-term\"><br \/>\n\t\t\t\t\t\t\t\t<a class=\"a-term a-term--primary\" href=\"https:\/\/www.boston.com\/tag\/crime\/\"><\/p>\n<p>\t\t\t\t\t\t\t\tCrime\t\t\t\t\t\t\t\t<\/a><br \/>\n\t\t\t\t\t\t\t<\/span><\/p>\n<h2 class=\"m-article-header__sub-headline\">Paul Myers, 19, supostamente causou um acidente envolvendo tr\u00eas carros na Ponte Sagamore na sexta-feira.<\/h2>\n<figure class=\"a-photo m-article-header__photo\"><figcaption class=\"a-photo__caption\">\n<p>\tSagamore-16\/07\/2024 O tr\u00e1fego flui sobre a Ponte Sagamore que atravessa o Canal Cape Cod. .John Tlumacki\/Globe Staff (metro)<em> <\/em>\t<\/figcaption><\/figure>\n<\/header>\n<p>Um homem de Plymouth est\u00e1 enfrentando acusa\u00e7\u00f5es ap\u00f3s supostamente causar um acidente fatal na Ponte Sagamore enquanto dirigia sob a influ\u00eancia de maconha.<\/p>\n<p>Paul Myers, 19, supostamente estava usando maconha quando causou o acidente, segundo um relat\u00f3rio policial. Ele enfrenta quatro acusa\u00e7\u00f5es, uma das quais \u00e9 homic\u00eddio culposo por ve\u00edculo motorizado sob influ\u00eancia de \u00e1lcool.<\/p>\n<p>Uma pessoa morreu e outras duas ficaram feridas no acidente. O relat\u00f3rio policial identificou Martha Shledon, de 79 anos, de Plymouth, como a v\u00edtima falecida. Myers n\u00e3o relatou nenhum ferimento, mostram documentos do Tribunal Distrital de Falmouth. <\/p>\n<p>O policial estadual de Massachusetts Frederick Bohnenberger respondeu \u00e0 Ponte Sagamore \u00e0s 6:58 na sexta-feira, ele atestou em documentos judiciais. Ele encontrou dois carros &#8220;fortemente&#8221; danificados bloqueando grande parte da rodovia em dire\u00e7\u00e3o ao leste. <\/p>\n<p>O relat\u00f3rio de Bohnenberger disse que ele ent\u00e3o localizou um dos motoristas envolvidos e um passageiro. O motorista estava &#8220;consciente e alerta&#8221;, mas o passageiro foi declarado morto no local, ele disse. O motorista do outro carro foi levado ao hospital com ferimentos leves, disse Bohnenberger.<\/p>\n<p>Enquanto procurava por testemunhas, dizem os documentos do tribunal, Bohnenberger encontrou Myers na cal\u00e7ada da ponte. Bohnenberger perguntou ao homem se ele testemunhou o acidente.<\/p>\n<p>\u201cEu causei isso\u201d, disse Myers, de acordo com um relat\u00f3rio do policial. O relat\u00f3rio de Bohnenberger diz que ele \u201cp\u00f4de sentir imediatamente um forte cheiro de maconha queimada\u201d vindo do Nissan de Myers. Ele tamb\u00e9m diz que viu \u201cv\u00e1rios cigarros de maconha queimados\u201d no ch\u00e3o do banco do motorista.<\/p>\n<p>Bohnenberger relatou que Myers tinha um \u201ccomportamento let\u00e1rgico\u201d. Os promotores alegam que Myers fumou maconha depois de sair do trabalho \u00e0s 17h30, uma hora e meia antes do acidente.<\/p>\n<p>\u201cEnquanto falava com Myers, eu podia sentir um forte odor de maconha queimada saindo dele\u201d, disse o relat\u00f3rio de Bohnenberger. \u201cCom base nisso e em minhas observa\u00e7\u00f5es de Myers, incluindo o odor de maconha queimada, presen\u00e7a de maconha no ve\u00edculo, comportamento let\u00e1rgico e declara\u00e7\u00f5es sobre sua opera\u00e7\u00e3o err\u00e1tica, juntamente com sua admiss\u00e3o de usar maconha, foi determinado que Myers estava prejudicado por drogas.\u201d<\/p>\n<p>Bohnenberger relata que ent\u00e3o prendeu Myers por dirigir sob influ\u00eancia de \u00e1lcool. <\/p>\n<p>A fian\u00e7a de Myers foi definida como uma fian\u00e7a de $100.000 ou $10.000 em dinheiro, mostram documentos judiciais. Eles tamb\u00e9m estipulam que ele deve entregar seu passaporte jamaicano, permanecer livre de drogas, residir com sua irm\u00e3 em Plymouth e n\u00e3o dirigir. <\/p>\n<p>Os registros mostram que Myers n\u00e3o conseguiu pagar fian\u00e7a e foi internado na Barnstable County Correctional Facility. Sua pr\u00f3xima audi\u00eancia est\u00e1 marcada para 27 de setembro. <\/p>\n<p>Um advogado de Myers se recusou a comentar o caso.<\/p>\n<div class=\"m-block m-generic-cta\t m-generic-cta--post-content\t m-generic-cta--dark\t m-generic-cta--homepage\t m-generic-cta--email-signup\t\t m-generic-cta-block-style--default \tt-amp__generic-cta\"><\/p>\n<div class=\"m-generic-cta__wrap\">\n<div class=\"m-generic-cta__content\">\n<h3 class=\"m-generic-cta__title\">Boston.com Hoje<\/h3>\n<p class=\"m-generic-cta__subtitle\">Inscreva-se para receber as \u00faltimas manchetes na sua caixa de entrada todas as manh\u00e3s.<\/p>\n<\/p><\/div>\n<\/p><\/div>\n<\/div><\/div>\n<p><script>\n\t\tvar consent=\"grant\";\n\t\t\/* The above code is parsing the JSON data from the local storage and storing it in a variable. *\/\n\t\t\t\t\tconst onetrustStorageConsent = JSON.parse(localStorage.getItem( 'consent_one_trust_bdc' ) );\n\t\t\tif ( ( onetrustStorageConsent !== null ) ) {\n\t\t\t\t\/* Checking to see if the user has consented to the use of cookies.\n\t\t\t\t* If they have not, it is deleting the cookie.\n\t\t\t\t* This will comment for now, until further notice.\n\t\t\t\t*\/\n\t\t\t\t\/\/if ( onetrustStorageConsent.C0002 === false ) {\n\t\t\t\t\/\/\tdocument.cookie=\"_fbp=;expires=Thu, 01 Jan 2010 00:00:00 UTC; path=\/; domain=.boston.com\";\n\t\t\t\t\/\/}\n\t\t\t\t\/* Checking if the user has given consent for the cookie C0002.\n\t\t\t\t* If the user has given consent, the variable consent will be set to 'grant'.\n\t\t\t\t* If the user has not given consent,the variable consent will be set to 'revoke'.\n\t\t\t\t* Documentation https:\/\/developers.facebook.com\/docs\/meta-pixel\/implementation\/gdpr\n\t\t\t\t*\/\n\t\t\t\tif ( onetrustStorageConsent.C0002 !== true ) {\n\t\t\t\t\tconsent=\"revoke\";\n\t\t\t\t}\n\t\t\t}\n\t\t\t\t!function(f,b,e,v,n,t,s)\n\t\t{if(f.fbq)return;n=f.fbq=function(){n.callMethod?\n\t\tn.callMethod.apply(n,arguments):n.queue.push(arguments)};\n\t\tif(!f._fbq)f._fbq=n;n.push=n;n.loaded=!0;n.version='2.0';\n\t\tn.queue=[];t=b.createElement(e);t.async=!0;\n\t\tt.src=v;s=b.getElementsByTagName(e)[0];\n\t\ts.parentNode.insertBefore(t,s)}(window, document,'script',\n\t\t'https:\/\/connect.facebook.net\/en_US\/fbevents.js');\n\t\tfbq('consent', consent);\n\t\tfbq('init', '989222871864976');\n\t\tfbq('track', 'PageView');\n\t<\/script><script type=\"module\">\n\t\tvar consent=\"grant\";\n\t\t\/* The above code is parsing the JSON data from the local storage and storing it in a variable. *\/\n\t\t\tconst onetrustStorageConsent = JSON.parse(localStorage.getItem( 'consent_one_trust_bdc' ) );\n\t\t\t\/* Checking to see if the user has consented to the use of cookies.\n\t\t\t* If they have not, it is deleting the cookie.\n\t\t\t* This will comment for now, until further notice.\n\t\t\t*\/\n\t\t\t\/\/if ( onetrustStorageConsent.C0002 === false ) {\n\t\t\t\/\/\tdocument.cookie=\"_fbp=;expires=Thu, 01 Jan 2010 00:00:00 UTC; path=\/; domain=.boston.com\";\n\t\t\t\/\/}\n\t\t\t\/* Checking if the user has given consent for the cookie C0002.\n\t\t\t* If the user has given consent, the variable consent will be set to 'grant'.\n\t\t\t* If the user has not given consent,the variable consent will be set to 'revoke'.\n\t\t\t* Documentation https:\/\/developers.facebook.com\/docs\/meta-pixel\/implementation\/gdpr\n\t\t\t*\/\n\t\t\tif ( ( onetrustStorageConsent !== null ) && (onetrustStorageConsent.C0002 !== true ) ) {\n\t\t\t\tconsent=\"revoke\";\n\t\t\t}\n\t\t\t\t!function(f,b,e,v,n,t,s){if(f.fbq)return;n=f.fbq=function()\n\t\t{n.callMethod? n.callMethod.apply(n,arguments):n.queue.push(arguments)}\n\t\t;if(!f._fbq)f._fbq=n;\n\t\tn.push=n;n.loaded=!0;n.version='2.0';n.queue=[];t=b.createElement(e);t.async=!0;\n\t\tt.src=v;s=b.getElementsByTagName(e)[0];s.parentNode.insertBefore(t,s)}(window,\n\t\tdocument,'script','https:\/\/connect.facebook.net\/en_US\/fbevents.js');\n\t\tfbq('consent', consent);\n\t\tfbq('init', '813236348753005');\n\t\tfbq('track', \"PageView\");\n\t<\/script><br \/>\n<br \/><br \/>\n<br \/><a href=\"https:\/\/www.boston.com\/news\/crime\/2024\/08\/13\/young-man-charged-with-oui-in-sagamore-bridge-crash-that-killed-one-hospitalized-two\/\">Source link <\/a><\/p>","protected":false},"excerpt":{"rendered":"<p>Crime Paul Myers, 19, supostamente causou um acidente envolvendo tr\u00eas carros na Ponte Sagamore na sexta-feira. Sagamore-16\/07\/2024 O tr\u00e1fego flui sobre a Ponte Sagamore que atravessa o Canal Cape Cod.&hellip;<\/p>","protected":false},"author":1,"featured_media":23941,"comment_status":"closed","ping_status":"open","sticky":false,"template":"","format":"standard","meta":{"content-type":"","footnotes":""},"categories":[1],"tags":[],"class_list":["post-23940","post","type-post","status-publish","format-standard","has-post-thumbnail","hentry","category-uncategorized"],"_links":{"self":[{"href":"https:\/\/tvbrazilusa.com\/pt\/wp-json\/wp\/v2\/posts\/23940","targetHints":{"allow":["GET"]}}],"collection":[{"href":"https:\/\/tvbrazilusa.com\/pt\/wp-json\/wp\/v2\/posts"}],"about":[{"href":"https:\/\/tvbrazilusa.com\/pt\/wp-json\/wp\/v2\/types\/post"}],"author":[{"embeddable":true,"href":"https:\/\/tvbrazilusa.com\/pt\/wp-json\/wp\/v2\/users\/1"}],"replies":[{"embeddable":true,"href":"https:\/\/tvbrazilusa.com\/pt\/wp-json\/wp\/v2\/comments?post=23940"}],"version-history":[{"count":1,"href":"https:\/\/tvbrazilusa.com\/pt\/wp-json\/wp\/v2\/posts\/23940\/revisions"}],"predecessor-version":[{"id":23942,"href":"https:\/\/tvbrazilusa.com\/pt\/wp-json\/wp\/v2\/posts\/23940\/revisions\/23942"}],"wp:featuredmedia":[{"embeddable":true,"href":"https:\/\/tvbrazilusa.com\/pt\/wp-json\/wp\/v2\/media\/23941"}],"wp:attachment":[{"href":"https:\/\/tvbrazilusa.com\/pt\/wp-json\/wp\/v2\/media?parent=23940"}],"wp:term":[{"taxonomy":"category","embeddable":true,"href":"https:\/\/tvbrazilusa.com\/pt\/wp-json\/wp\/v2\/categories?post=23940"},{"taxonomy":"post_tag","embeddable":true,"href":"https:\/\/tvbrazilusa.com\/pt\/wp-json\/wp\/v2\/tags?post=23940"}],"curies":[{"name":"wp","href":"https:\/\/api.w.org\/{rel}","templated":true}]}}