{"id":23964,"date":"2024-08-13T22:00:45","date_gmt":"2024-08-13T22:00:45","guid":{"rendered":"https:\/\/tvbrazilusa.com\/2024\/08\/13\/school-of-rock-traz-show-para-local-da-florida-central\/"},"modified":"2024-08-13T22:24:54","modified_gmt":"2024-08-13T22:24:54","slug":"school-of-rock-traz-show-para-local-da-florida-central","status":"publish","type":"post","link":"https:\/\/tvbrazilusa.com\/pt\/2024\/08\/13\/school-of-rock-traz-show-para-local-da-florida-central\/","title":{"rendered":"School of Rock traz show para local da Fl\u00f3rida Central"},"content":{"rendered":"<p> <script async src=\"https:\/\/pagead2.googlesyndication.com\/pagead\/js\/adsbygoogle.js?client=ca-pub-8864793242727901\"\r\n     crossorigin=\"anonymous\"><\/script><br \/>\n<\/p>\n<div id=\"\">\n<p class=\"dist__Box-sc-1fnzlkn-0 dist__TextBase-sc-1fnzlkn-3 CGHCP htMUPQ article-text\"><strong>CONDADO DE ORANGE, Fl\u00f3rida.<\/strong> \u2013 <a href=\"https:\/\/www.schoolofrock.com\/\" target=\"_blank\" rel=\"noopener\">Escola de Rock <\/a>n\u00e3o \u00e9 apenas um filme, \u00e9 um programa real com mais de 335 escolas em todo o pa\u00eds. Na verdade, esse programa come\u00e7ou antes do filme.<\/p>\n<p class=\"dist__Box-sc-1fnzlkn-0 dist__TextBase-sc-1fnzlkn-3 CGHCP htMUPQ article-text\">H\u00e1 dois locais aqui na Fl\u00f3rida Central, incluindo Orlando e Oviedo. Mais dois locais em Winter Park e Clermont est\u00e3o atualmente em constru\u00e7\u00e3o.<\/p>\n<p class=\"dist__Box-sc-1fnzlkn-0 dist__TextBase-sc-1fnzlkn-3 CGHCP htMUPQ article-text\">A School of Rock \u00e9 uma escola de m\u00fasica para todos os n\u00edveis de habilidade, com aulas para crian\u00e7as a partir de 4 anos de idade.<\/p>\n<p class=\"dist__Box-sc-1fnzlkn-0 dist__TextBase-sc-1fnzlkn-3 CGHCP htMUPQ article-text\">Os alunos n\u00e3o apenas t\u00eam aulas, mas tamb\u00e9m ganham experi\u00eancia no mundo real ao longo do ano e t\u00eam a oportunidade de se apresentar em locais reais.<\/p>\n<p class=\"dist__Box-sc-1fnzlkn-0 dist__TextBase-sc-1fnzlkn-3 CGHCP htMUPQ article-text\">Amanh\u00e3, h\u00e1 uma chance de apoiar alguns estudantes locais. Eles tocar\u00e3o ao lado dos estudantes Allstar, que est\u00e3o atualmente em turn\u00ea pelo pa\u00eds como o ato principal.<\/p>\n<p class=\"dist__Box-sc-1fnzlkn-0 dist__TextBase-sc-1fnzlkn-3 CGHCP htMUPQ article-text\">Tanto Ivy quanto Brody far\u00e3o parte da banda da casa. Eles est\u00e3o com a banda da casa h\u00e1 4 anos.<\/p>\n<p class=\"dist__Box-sc-1fnzlkn-0 dist__TextBase-sc-1fnzlkn-3 CGHCP htMUPQ article-text\">Ivy \u00e9 uma veterana de 17 anos. Ela \u00e9 vocalista e \u00e0s vezes toca baixo. Ela falou sobre como tem sido come\u00e7ar a se apresentar.<\/p>\n<p class=\"dist__Box-sc-1fnzlkn-0 dist__TextBase-sc-1fnzlkn-3 CGHCP htMUPQ article-text\">\u201cCantar \u00e9 estressante no come\u00e7o porque voc\u00ea \u00e9 o vocalista e tem que interagir mais, ent\u00e3o isso costumava me assustar muito e ent\u00e3o eu entrei na minha pr\u00f3pria banda e sa\u00ed mais da minha concha, ent\u00e3o \u00e9 muito divertido. Eu gosto de ser uma pessoa diferente no palco\u201d, disse Ivy.<\/p>\n<p class=\"dist__Box-sc-1fnzlkn-0 dist__TextBase-sc-1fnzlkn-3 CGHCP htMUPQ article-text\">Brody \u00e9 um baterista calouro de 14 anos em ascens\u00e3o. Ele come\u00e7ou na School of Rock quando tinha apenas 5 anos.<\/p>\n<p class=\"dist__Box-sc-1fnzlkn-0 dist__TextBase-sc-1fnzlkn-3 CGHCP htMUPQ article-text\">\u201cPara a bateria, tamb\u00e9m \u00e9 preciso muito, porque voc\u00ea \u00e9 como a espinha dorsal da banda, ent\u00e3o voc\u00ea tem que manter o ritmo, voc\u00ea tem que saber como encaixar, e todo mundo te segue, ent\u00e3o \u00e9 s\u00f3 praticar bastante e ter certeza de que voc\u00ea est\u00e1 no ponto, para que todos os outros estejam no ponto\u201d, disse Brody.<\/p>\n<p class=\"dist__Box-sc-1fnzlkn-0 dist__TextBase-sc-1fnzlkn-3 CGHCP htMUPQ article-text\">Ivy e Brody se apresentar\u00e3o amanh\u00e3 \u00e0 noite em <a href=\"https:\/\/www.conduitfl.com\/\" target=\"_blank\" rel=\"noopener\">Condu\u00edte<\/a> na Avenida Aloma, no Condado de Orange. <a href=\"https:\/\/www.schoolofrock.com\/locations\/orlando\/events\/school-of-rock-allstars-tour-conduit-july-24-2024\" target=\"_blank\" rel=\"noopener\">Clique aqui para informa\u00e7\u00f5es sobre ingressos<\/a>.<\/p>\n<hr class=\"dist__Box-sc-1fnzlkn-0 dist__BaseDivider-sc-1fnzlkn-8 NJMqq\"\/>\n<div class=\"dist__Box-sc-1fnzlkn-0 dist__StackBase-sc-1fnzlkn-7 cREaVc dgEFEb customEmbed newsletter-signup\">\n<figure class=\"dist__Box-sc-1fnzlkn-0 dist__StackBase-sc-1fnzlkn-7 dHfTZi cblvkA\"><!--$--><!--\/$--><\/figure>\n<p class=\"dist__Box-sc-1fnzlkn-0 dist__TextBase-sc-1fnzlkn-3 hYKTaq\">O Setting the Stage mant\u00e9m voc\u00ea atualizado sobre o cen\u00e1rio art\u00edstico da Fl\u00f3rida Central.<\/p>\n<\/div>\n<\/div>\n<p>Copyright 2024 por WKMG ClickOrlando &#8211; Todos os direitos reservados.<\/p>\n<p><br \/>\n<br \/><a href=\"https:\/\/www.clickorlando.com\/news\/local\/2024\/07\/23\/school-of-rock-bringing-show-to-central-florida-venue\/\">Source link <\/a><\/p>","protected":false},"excerpt":{"rendered":"<p>CONDADO DE ORANGE, Fl\u00f3rida. \u2013 Escola de Rock n\u00e3o \u00e9 apenas um filme, \u00e9 um programa real com mais de 335 escolas em todo o pa\u00eds. Na verdade, esse programa&hellip;<\/p>","protected":false},"author":1,"featured_media":23965,"comment_status":"closed","ping_status":"open","sticky":false,"template":"","format":"standard","meta":{"content-type":"","footnotes":""},"categories":[1],"tags":[2067,574,2717,2066],"class_list":["post-23964","post","type-post","status-publish","format-standard","has-post-thumbnail","hentry","category-uncategorized","tag-acontecimentos-na-florida-central","tag-eventos","tag-florida-central","tag-preparando-o-cenario"],"_links":{"self":[{"href":"https:\/\/tvbrazilusa.com\/pt\/wp-json\/wp\/v2\/posts\/23964","targetHints":{"allow":["GET"]}}],"collection":[{"href":"https:\/\/tvbrazilusa.com\/pt\/wp-json\/wp\/v2\/posts"}],"about":[{"href":"https:\/\/tvbrazilusa.com\/pt\/wp-json\/wp\/v2\/types\/post"}],"author":[{"embeddable":true,"href":"https:\/\/tvbrazilusa.com\/pt\/wp-json\/wp\/v2\/users\/1"}],"replies":[{"embeddable":true,"href":"https:\/\/tvbrazilusa.com\/pt\/wp-json\/wp\/v2\/comments?post=23964"}],"version-history":[{"count":1,"href":"https:\/\/tvbrazilusa.com\/pt\/wp-json\/wp\/v2\/posts\/23964\/revisions"}],"predecessor-version":[{"id":23966,"href":"https:\/\/tvbrazilusa.com\/pt\/wp-json\/wp\/v2\/posts\/23964\/revisions\/23966"}],"wp:featuredmedia":[{"embeddable":true,"href":"https:\/\/tvbrazilusa.com\/pt\/wp-json\/wp\/v2\/media\/23965"}],"wp:attachment":[{"href":"https:\/\/tvbrazilusa.com\/pt\/wp-json\/wp\/v2\/media?parent=23964"}],"wp:term":[{"taxonomy":"category","embeddable":true,"href":"https:\/\/tvbrazilusa.com\/pt\/wp-json\/wp\/v2\/categories?post=23964"},{"taxonomy":"post_tag","embeddable":true,"href":"https:\/\/tvbrazilusa.com\/pt\/wp-json\/wp\/v2\/tags?post=23964"}],"curies":[{"name":"wp","href":"https:\/\/api.w.org\/{rel}","templated":true}]}}