{"id":23973,"date":"2024-08-13T22:53:10","date_gmt":"2024-08-13T22:53:10","guid":{"rendered":"https:\/\/tvbrazilusa.com\/2024\/08\/13\/edmundo-gonzalez-garante-que-assumira-a-presidencia-da-venezuela-em-janeiro\/"},"modified":"2024-08-13T22:56:49","modified_gmt":"2024-08-13T22:56:49","slug":"edmundo-gonzalez-garante-que-assumira-a-presidencia-da-venezuela-em-janeiro","status":"publish","type":"post","link":"https:\/\/tvbrazilusa.com\/pt\/2024\/08\/13\/edmundo-gonzalez-garante-que-assumira-a-presidencia-da-venezuela-em-janeiro\/","title":{"rendered":"Edmundo Gonz\u00e1lez garante que assumir\u00e1 a presid\u00eancia da Venezuela em janeiro"},"content":{"rendered":"<p> <script async src=\"https:\/\/pagead2.googlesyndication.com\/pagead\/js\/adsbygoogle.js?client=ca-pub-8864793242727901\"\r\n     crossorigin=\"anonymous\"><\/script><br \/>\n<\/p>\n<div>\n<p><em>\u00a0Foto: Federico PARRA \/ AFP<\/em><\/p>\n<p>A l\u00edder da oposi\u00e7\u00e3o venezuelana, Mar\u00eda Corina Machado, declarou com firmeza que Edmundo Gonz\u00e1lez assumir\u00e1 a presid\u00eancia da Venezuela no dia <strong>10 de janeiro<\/strong>. A afirma\u00e7\u00e3o foi feita durante uma entrevista transmitida por uma emissora local nesta segunda-feira, dia <strong>12<\/strong>. Essa declara\u00e7\u00e3o surge em meio a press\u00f5es para desafiar o resultado das elei\u00e7\u00f5es presidenciais que reelegeram Nicol\u00e1s Maduro no dia <strong>28 de julho<\/strong>.<\/p>\n<p>Segundo o Conselho Nacional Eleitoral, Nicol\u00e1s Maduro venceu o pleito com <strong>52%<\/strong> dos votos, mas as atas que comprovam os resultados n\u00e3o foram divulgadas. O \u00f3rg\u00e3o eleitoral alegou que o sistema foi alvo de um ataque hacker, justificando a aus\u00eancia das atas.<\/p>\n<h2 class=\"wp-block-heading\">Desafios para Edmundo Gonz\u00e1lez na Presid\u00eancia<\/h2>\n<p>Enquanto a oposi\u00e7\u00e3o alega que Edmundo Gonz\u00e1lez conquistou <strong>67%<\/strong> dos votos e apresenta um site com c\u00f3pias de mais de <strong>80%<\/strong> das atas digitalizadas como prova, o resultado \u00e9 questionado internacionalmente. Pa\u00edses como os Estados Unidos, a Uni\u00e3o Europeia, e v\u00e1rias na\u00e7\u00f5es latino-americanas, incluindo o Brasil, a Col\u00f4mbia e o M\u00e9xico, t\u00eam pressionado por um acordo entre as partes envolvidas.<\/p>\n<h2 class=\"wp-block-heading\">Quem \u00e9 Edmundo Gonz\u00e1lez?<\/h2>\n<p>Edmundo Gonz\u00e1lez \u00e9 um pol\u00edtico venezuelano com uma longa trajet\u00f3ria de oposi\u00e7\u00e3o ao governo. Sua carreira \u00e9 marcada pela defesa da democracia e pelos constantes enfrentamentos com o governo vigente. Caso assuma a presid\u00eancia em janeiro, enfrentar\u00e1 o desafio de estabilizar um pa\u00eds marcado por crises econ\u00f4micas e pol\u00edticas intensas.<\/p>\n<h2 class=\"wp-block-heading\">O que Esperar do Novo Governo?<\/h2>\n<p>Se Gonz\u00e1lez de fato assumir a presid\u00eancia, ser\u00e1 interessante observar quais medidas ele implementar\u00e1 para reverter a atual situa\u00e7\u00e3o do pa\u00eds. Entre as expectativas para o novo governo, podemos destacar:<\/p>\n<ul class=\"wp-block-list\">\n<li>Reconstru\u00e7\u00e3o da economia<\/li>\n<li>Reforma do sistema eleitoral<\/li>\n<li>Retorno da confian\u00e7a internacional<\/li>\n<li>Combate \u00e0 corrup\u00e7\u00e3o<\/li>\n<\/ul>\n<p>\u00a0<\/p>\n<p>Al\u00e9m disso, Gonz\u00e1lez ter\u00e1 que lidar com a tens\u00e3o interna e a oposi\u00e7\u00e3o de apoiadores de Maduro, que representam uma parte significativa da popula\u00e7\u00e3o. A uni\u00e3o nacional ser\u00e1 um dos maiores desafios para o novo governo.<\/p>\n<h2 class=\"wp-block-heading\">Como a Comunidade Internacional Reagir\u00e1?<\/h2>\n<p>A comunidade internacional est\u00e1 dividida em rela\u00e7\u00e3o \u00e0 situa\u00e7\u00e3o venezuelana. Por um lado, h\u00e1 pa\u00edses que apoiam a oposi\u00e7\u00e3o e querem ver mudan\u00e7as na lideran\u00e7a do pa\u00eds. Por outro, existem aqueles que seguem mantendo rela\u00e7\u00f5es diplom\u00e1ticas com o governo de Maduro.<\/p>\n<p>Os desdobramentos futuros depender\u00e3o das a\u00e7\u00f5es tomadas por Gonz\u00e1lez tanto internamente quanto em suas rela\u00e7\u00f5es exteriores. A expectativa \u00e9 que ele trabalhe em prol de um governo democr\u00e1tico e est\u00e1vel, conquistando a confian\u00e7a tanto do povo venezuelano quanto da comunidade global.<\/p>\n<p>Essa transi\u00e7\u00e3o de poder, se confirmada, representa um momento crucial na hist\u00f3ria da Venezuela. O mundo estar\u00e1 atento para ver os pr\u00f3ximos passos de Edmundo Gonz\u00e1lez e como ele ir\u00e1 navegar por esses tempos turbulentos.<\/p>\n<\/p><\/div>\n<p><br \/>\n<br \/><a href=\"https:\/\/terrabrasilnoticias.com\/2024\/08\/edmundo-gonzalez-garante-que-assumira-a-presidencia-da-venezuela-em-janeiro\/\">Source link <\/a><\/p>","protected":false},"excerpt":{"rendered":"<p>\u00a0Foto: Federico PARRA \/ AFP A l\u00edder da oposi\u00e7\u00e3o venezuelana, Mar\u00eda Corina Machado, declarou com firmeza que Edmundo Gonz\u00e1lez assumir\u00e1 a presid\u00eancia da Venezuela no dia 10 de janeiro. A&hellip;<\/p>","protected":false},"author":1,"featured_media":23974,"comment_status":"closed","ping_status":"open","sticky":false,"template":"","format":"standard","meta":{"content-type":"","footnotes":""},"categories":[16],"tags":[],"class_list":["post-23973","post","type-post","status-publish","format-standard","has-post-thumbnail","hentry","category-noticias"],"_links":{"self":[{"href":"https:\/\/tvbrazilusa.com\/pt\/wp-json\/wp\/v2\/posts\/23973","targetHints":{"allow":["GET"]}}],"collection":[{"href":"https:\/\/tvbrazilusa.com\/pt\/wp-json\/wp\/v2\/posts"}],"about":[{"href":"https:\/\/tvbrazilusa.com\/pt\/wp-json\/wp\/v2\/types\/post"}],"author":[{"embeddable":true,"href":"https:\/\/tvbrazilusa.com\/pt\/wp-json\/wp\/v2\/users\/1"}],"replies":[{"embeddable":true,"href":"https:\/\/tvbrazilusa.com\/pt\/wp-json\/wp\/v2\/comments?post=23973"}],"version-history":[{"count":1,"href":"https:\/\/tvbrazilusa.com\/pt\/wp-json\/wp\/v2\/posts\/23973\/revisions"}],"predecessor-version":[{"id":23975,"href":"https:\/\/tvbrazilusa.com\/pt\/wp-json\/wp\/v2\/posts\/23973\/revisions\/23975"}],"wp:featuredmedia":[{"embeddable":true,"href":"https:\/\/tvbrazilusa.com\/pt\/wp-json\/wp\/v2\/media\/23974"}],"wp:attachment":[{"href":"https:\/\/tvbrazilusa.com\/pt\/wp-json\/wp\/v2\/media?parent=23973"}],"wp:term":[{"taxonomy":"category","embeddable":true,"href":"https:\/\/tvbrazilusa.com\/pt\/wp-json\/wp\/v2\/categories?post=23973"},{"taxonomy":"post_tag","embeddable":true,"href":"https:\/\/tvbrazilusa.com\/pt\/wp-json\/wp\/v2\/tags?post=23973"}],"curies":[{"name":"wp","href":"https:\/\/api.w.org\/{rel}","templated":true}]}}