{"id":24036,"date":"2024-08-14T00:37:38","date_gmt":"2024-08-14T00:37:38","guid":{"rendered":"https:\/\/tvbrazilusa.com\/2024\/08\/14\/o-deputado-de-maryland-steny-hoyer-ex-lider-democrata-da-camara-esta-se-recuperando-de-um-leve-derrame\/"},"modified":"2024-08-14T00:53:06","modified_gmt":"2024-08-14T00:53:06","slug":"o-deputado-de-maryland-steny-hoyer-ex-lider-democrata-da-camara-esta-se-recuperando-de-um-leve-derrame","status":"publish","type":"post","link":"https:\/\/tvbrazilusa.com\/pt\/2024\/08\/14\/o-deputado-de-maryland-steny-hoyer-ex-lider-democrata-da-camara-esta-se-recuperando-de-um-leve-derrame\/","title":{"rendered":"O deputado de Maryland Steny Hoyer, ex-l\u00edder democrata da C\u00e2mara, est\u00e1 se recuperando de um leve derrame"},"content":{"rendered":"<script async src=\"https:\/\/pagead2.googlesyndication.com\/pagead\/js\/adsbygoogle.js?client=ca-pub-8864793242727901\"\r\n     crossorigin=\"anonymous\"><\/script>\n<div id=\"\">\n<p class=\"dist__Box-sc-1fnzlkn-0 dist__TextBase-sc-1fnzlkn-3 CGHCP htMUPQ article-text\"><strong>WASHINGTON<\/strong> \u2013 O deputado de Maryland, Steny Hoyer, ex-l\u00edder democrata na C\u00e2mara, est\u00e1 se recuperando ap\u00f3s sofrer um leve derrame no domingo, disse seu gabinete.<\/p>\n<p class=\"dist__Box-sc-1fnzlkn-0 dist__TextBase-sc-1fnzlkn-3 CGHCP htMUPQ article-text\">A porta-voz de Hoyer, Margaret Mulkerrin, disse em uma declara\u00e7\u00e3o que Hoyer, que tem 85 anos, sofreu um &#8220;derrame isqu\u00eamico leve&#8221; na noite de domingo e procurou ajuda m\u00e9dica. Hoyer respondeu bem ao tratamento e n\u00e3o teve nenhum sintoma duradouro do derrame, de acordo com Mulkerrin. Ele est\u00e1 planejando voltar \u00e0 sua rotina normal na pr\u00f3xima semana.<\/p>\n<p class=\"dist__Box-sc-1fnzlkn-0 dist__TextBase-sc-1fnzlkn-3 CGHCP htMUPQ article-text\">Hoyer, que representa um distrito de Maryland desde 1981, ocupou o segundo lugar na lideran\u00e7a democrata da C\u00e2mara por mais de uma d\u00e9cada antes de renunciar em 2022 para dar lugar a uma nova gera\u00e7\u00e3o de l\u00edderes.<\/p>\n<\/div>\n<p>Copyright 2024 The Associated Press. Todos os direitos reservados. Este material n\u00e3o pode ser publicado, transmitido, reescrito ou redistribu\u00eddo sem permiss\u00e3o.<\/p>\n<p><br \/>\n<br \/><a href=\"https:\/\/www.clickorlando.com\/news\/politics\/2024\/08\/13\/maryland-rep-steny-hoyer-former-house-democratic-leader-is-recovering-from-mild-stroke\/\">Source link <\/a><\/p>","protected":false},"excerpt":{"rendered":"<p>WASHINGTON \u2013 O deputado de Maryland, Steny Hoyer, ex-l\u00edder democrata na C\u00e2mara, est\u00e1 se recuperando ap\u00f3s sofrer um leve derrame no domingo, disse seu gabinete. A porta-voz de Hoyer, Margaret&hellip;<\/p>","protected":false},"author":1,"featured_media":24037,"comment_status":"closed","ping_status":"open","sticky":false,"template":"","format":"standard","meta":{"content-type":"","footnotes":""},"categories":[1],"tags":[1407,93,11397],"class_list":["post-24036","post","type-post","status-publish","format-standard","has-post-thumbnail","hentry","category-uncategorized","tag-noticias-de-washington","tag-politica","tag-steny-hoyer"],"_links":{"self":[{"href":"https:\/\/tvbrazilusa.com\/pt\/wp-json\/wp\/v2\/posts\/24036","targetHints":{"allow":["GET"]}}],"collection":[{"href":"https:\/\/tvbrazilusa.com\/pt\/wp-json\/wp\/v2\/posts"}],"about":[{"href":"https:\/\/tvbrazilusa.com\/pt\/wp-json\/wp\/v2\/types\/post"}],"author":[{"embeddable":true,"href":"https:\/\/tvbrazilusa.com\/pt\/wp-json\/wp\/v2\/users\/1"}],"replies":[{"embeddable":true,"href":"https:\/\/tvbrazilusa.com\/pt\/wp-json\/wp\/v2\/comments?post=24036"}],"version-history":[{"count":1,"href":"https:\/\/tvbrazilusa.com\/pt\/wp-json\/wp\/v2\/posts\/24036\/revisions"}],"predecessor-version":[{"id":24038,"href":"https:\/\/tvbrazilusa.com\/pt\/wp-json\/wp\/v2\/posts\/24036\/revisions\/24038"}],"wp:featuredmedia":[{"embeddable":true,"href":"https:\/\/tvbrazilusa.com\/pt\/wp-json\/wp\/v2\/media\/24037"}],"wp:attachment":[{"href":"https:\/\/tvbrazilusa.com\/pt\/wp-json\/wp\/v2\/media?parent=24036"}],"wp:term":[{"taxonomy":"category","embeddable":true,"href":"https:\/\/tvbrazilusa.com\/pt\/wp-json\/wp\/v2\/categories?post=24036"},{"taxonomy":"post_tag","embeddable":true,"href":"https:\/\/tvbrazilusa.com\/pt\/wp-json\/wp\/v2\/tags?post=24036"}],"curies":[{"name":"wp","href":"https:\/\/api.w.org\/{rel}","templated":true}]}}