{"id":24045,"date":"2024-08-13T23:49:16","date_gmt":"2024-08-13T23:49:16","guid":{"rendered":"https:\/\/tvbrazilusa.com\/2024\/08\/13\/uol-maierovitch-moraes-fez-tipo-de-abin-paralela-para-investigar-bolsonaristas-paulo-figueiredo\/"},"modified":"2024-08-14T01:22:01","modified_gmt":"2024-08-14T01:22:01","slug":"uol-maierovitch-moraes-fez-tipo-de-abin-paralela-para-investigar-bolsonaristas-paulo-figueiredo","status":"publish","type":"post","link":"https:\/\/tvbrazilusa.com\/pt\/2024\/08\/13\/uol-maierovitch-moraes-fez-tipo-de-abin-paralela-para-investigar-bolsonaristas-paulo-figueiredo\/","title":{"rendered":"UOL: Maierovitch: Moraes fez tipo de Abin paralela para investigar bolsonaristas &#8211; Paulo Figueiredo"},"content":{"rendered":"<p> <script async src=\"https:\/\/pagead2.googlesyndication.com\/pagead\/js\/adsbygoogle.js?client=ca-pub-8864793242727901\"\r\n     crossorigin=\"anonymous\"><\/script><br \/>\n<\/p>\n<div id=\"wtr-content\" data-bg=\"#FFFFFF\" data-fg=\"#006d91\" data-width=\"25\" data-mute=\"1\" data-fgopacity=\"1.00\" data-mutedopacity=\"0.5\" data-placement=\"bottom\" data-placement-offset=\"0\" data-content-offset=\"262\" data-placement-touch=\"bottom\" data-placement-offset-touch=\"0\" data-transparent=\"\" data-shadow=\"0\" data-touch=\"1\" data-non-touch=\"1\" data-comments=\"0\" data-commentsbg=\"transparent\" data-location=\"page\" data-mutedfg=\"#006d91\" data-endfg=\"#006d91\" data-rtl=\"\">\n<pre class=\"wp-block-preformatted has-small-font-size\">foto - divulga\u00e7\u00e3o\/STF<\/pre>\n<p><strong>Leia na \u00edntegra:<\/strong><\/p>\n<p>O ministro do\u00a0STF\u00a0Alexandre de Moraes criou um tipo de \u201cAbin paralela\u201d quando usou a estrutura do TSE (Tribunal Superior Eleitoral) para investigar bolsonaristas, afirmou o colunista\u00a0W\u00e1lter Maierovicth\u00a0no\u00a0<strong>UOL News<\/strong>\u00a0desta ter\u00e7a (13).<\/p>\n<p>Reportagem da Folha de S. Paulo denuncia que Moraes usou o TSE fora do rito. De acordo com a publica\u00e7\u00e3o, seu gabinete no STF ordenou por mensagens e de forma n\u00e3o oficial a produ\u00e7\u00e3o de relat\u00f3rios pela Justi\u00e7a Eleitoral para embasar decis\u00f5es do pr\u00f3prio ministro contra bolsonaristas no inqu\u00e9rito das fake News no STF durante e ap\u00f3s as elei\u00e7\u00f5es de 2022.<\/p>\n<p><em>\u201cVamos separar as coisas e n\u00e3o vamos levar o dardo t\u00e3o adiante em misturar coisas que poder\u00e3o favorecer a golpistas. O primeiro ponto que me parece fundamental s\u00e3o esses abusos praticados pelo Alexandre de Moraes. (\u2026) N\u00e3o se pode usar estruturas de tribunais para finalidades diversas, diferentes para as quais elas foram criadas. Quando se tem not\u00edcia de crime, qual \u00e9 o \u00f3rg\u00e3o auxiliar do poder Judici\u00e1rio? \u00c9 a pol\u00edcia Judici\u00e1ria e, ao lado dessa pol\u00edcia Judici\u00e1ria, n\u00f3s temos, como corregedor dela, o Minist\u00e9rio P\u00fablico. O que o Moraes fez? Fez um tipo de \u2018Abin paralela\u2019. Isso \u00e9 grave. \u00c0 luz da mat\u00e9ria, para qu\u00ea ele fez isso? Para obter informa\u00e7\u00f5es para produzir relat\u00f3rios que pudessem ser usados. Usados para qu\u00ea? Usados para os que ele considera inimigos da Justi\u00e7a, aqueles que tramam contra a Justi\u00e7a.\u201d<\/em><\/p>\n<p><em>\u201cO Moraes n\u00e3o \u00e9 delegado de pol\u00edcia, um ministro do Supremo n\u00e3o tem poder para fazer investiga\u00e7\u00f5es. As investiga\u00e7\u00f5es ele acompanha, porque manda fazer a pol\u00edcia e manda acompanhar o Minist\u00e9rio P\u00fablico. Ent\u00e3o, ele passou do limite. Entra no campo do abuso de poder. Estrutura sendo usada para fins n\u00e3o previsto em lei. Tem a\u00ed uma ilegalidade.\u201d<\/em> \u2013 <strong>W\u00e1lter Maierovicth, colunista do UOL<\/strong><\/p>\n<p>Maierovicth afirma que essa ilegalidade nada tem ver com a lisura do processo eleitoral em 2022.<\/p>\n<p><em>\u201cVamos centrar isso no Moraes, n\u00e3o vamos estender isso pra legalidade de elei\u00e7\u00f5es, n\u00e3o. O que ele fez e se foi abusivo, evidentemente, tem consequ\u00eancias. Uma das consequ\u00eancias [poder\u00e1] ser um impeachment, abuso de poder, abuso de autoridade. Mas, n\u00e3o vamos misturar as coisas com elei\u00e7\u00f5es. As elei\u00e7\u00f5es foram regulares, se ganhou legitimamente. N\u00e3o vamos fazer esse tipo de jogo para gerar um novo golpismo ou tentar mostrar o Moraes como um Moro. As situa\u00e7\u00f5es s\u00e3o diferentes.\u201d<\/em><\/p>\n<p><em>\u201cNum inqu\u00e9rito policial \u2014 e isso \u00e9 um inqu\u00e9rito que ele fez, \u00e9 uma apura\u00e7\u00e3o que ele fez \u2014 n\u00e3o existe nulidade, porque n\u00e3o tem processo. Ele n\u00e3o fez um processo. O que existe \u00e9 uma falha, uma falta funcional dele, grave. Mas, n\u00e3o vamos misturar as coisas. Alexandre de Moraes, que ainda n\u00e3o vestiu a toga de juiz imparcial, de juiz togado, mas que continua com a beca do Minist\u00e9rio P\u00fablico, essa atua\u00e7\u00e3o dele, ao estilo Torquemada, de buscar aqui, de investigar ali, isso n\u00e3o existe num magistrado. Esse \u00e9 o ponto, mais uma vez, n\u00e3o vamos misturar o resultado eleitoral.\u201d<\/em> \u2013 <strong>W\u00e1lter Maierovicth, colunista do UOL<\/strong><\/p>\n<p>Ele ressalta que Alexandre de Moraes pode sofrer impeachment, mas isso n\u00e3o desmonta o\u00a0resultado das elei\u00e7\u00f5es.<\/p>\n<p><em>\u201cQuando atua abusivamente deve responder pelo abuso. Quando a gente fala do Moro, tinha um processo, ele n\u00e3o era imparcial. Com rela\u00e7\u00e3o ao que o Moraes fez agora, ele criou, como o Bolsonaro tamb\u00e9m tentou fazer, uma \u2018Abin paralela\u2019, um \u00f3rg\u00e3o de investiga\u00e7\u00e3o, um \u00f3rg\u00e3o fora de fun\u00e7\u00e3o, um \u2018\u00f3rg\u00e3o de espionagem\u2019, de informa\u00e7\u00f5es. Isso no mundo do direito \u00e9 grav\u00edssimo. Ele vai responder pelo excesso que ele fez.\u201d<\/em><\/p>\n<p><em>\u201cE como responde um ministro do Supremo Tribunal Federal ? Infelizmente, s\u00f3 pelo impeachment. O Conselho Nacional de Justi\u00e7a n\u00e3o tem nenhum poder sobre o Supremo, at\u00e9 porque, pela Constitui\u00e7\u00e3o, est\u00e1 abaixo do Supremo, n\u00e3o tem poder correcional. Isto \u00e9 uma falha grav\u00edssima, se isso tudo for verdade, se se usou uma estrutura de um poder Judici\u00e1rio, a estrutura de um tribunal para fins de verifica\u00e7\u00f5es, de produ\u00e7\u00f5es de dossi\u00eas, a gerar pedidos de inqu\u00e9ritos, a gerar determina\u00e7\u00f5es.\u201d <\/em>\u2013 <strong>W\u00e1lter Maierovicth, colunista do UOL<\/strong><\/p>\n<p><strong><a href=\"https:\/\/noticias.uol.com.br\/politica\/ultimas-noticias\/2024\/08\/13\/maierovitch-moraes-fez-tipo-de-abin-paralela-para-investigar-bolsonaristas.htm\">Source link<\/a><\/strong><\/p>\n<\/div>\n<p><br \/>\n<br \/><a href=\"https:\/\/paulofigueiredoshow.com\/uol-maierovitch-moraes-fez-tipo-de-abin-paralela-para-investigar-bolsonaristas\/\">Source link <\/a><\/p>","protected":false},"excerpt":{"rendered":"<p>foto &#8211; divulga\u00e7\u00e3o\/STF Leia na \u00edntegra: O ministro do\u00a0STF\u00a0Alexandre de Moraes criou um tipo de \u201cAbin paralela\u201d quando usou a estrutura do TSE (Tribunal Superior Eleitoral) para investigar bolsonaristas, afirmou&hellip;<\/p>","protected":false},"author":1,"featured_media":24046,"comment_status":"closed","ping_status":"open","sticky":false,"template":"","format":"standard","meta":{"content-type":"","footnotes":""},"categories":[16],"tags":[2200,11398,2511,136,6310,11399,5095,2203,425,9187,871,1593,1772],"class_list":["post-24045","post","type-post","status-publish","format-standard","has-post-thumbnail","hentry","category-noticias","tag-2200","tag-abin-paralela","tag-aliados","tag-bolsonaro","tag-colunista","tag-escandalos","tag-folha","tag-inqueritos","tag-moraes","tag-oficial","tag-stf","tag-tse","tag-uol"],"_links":{"self":[{"href":"https:\/\/tvbrazilusa.com\/pt\/wp-json\/wp\/v2\/posts\/24045","targetHints":{"allow":["GET"]}}],"collection":[{"href":"https:\/\/tvbrazilusa.com\/pt\/wp-json\/wp\/v2\/posts"}],"about":[{"href":"https:\/\/tvbrazilusa.com\/pt\/wp-json\/wp\/v2\/types\/post"}],"author":[{"embeddable":true,"href":"https:\/\/tvbrazilusa.com\/pt\/wp-json\/wp\/v2\/users\/1"}],"replies":[{"embeddable":true,"href":"https:\/\/tvbrazilusa.com\/pt\/wp-json\/wp\/v2\/comments?post=24045"}],"version-history":[{"count":1,"href":"https:\/\/tvbrazilusa.com\/pt\/wp-json\/wp\/v2\/posts\/24045\/revisions"}],"predecessor-version":[{"id":24047,"href":"https:\/\/tvbrazilusa.com\/pt\/wp-json\/wp\/v2\/posts\/24045\/revisions\/24047"}],"wp:featuredmedia":[{"embeddable":true,"href":"https:\/\/tvbrazilusa.com\/pt\/wp-json\/wp\/v2\/media\/24046"}],"wp:attachment":[{"href":"https:\/\/tvbrazilusa.com\/pt\/wp-json\/wp\/v2\/media?parent=24045"}],"wp:term":[{"taxonomy":"category","embeddable":true,"href":"https:\/\/tvbrazilusa.com\/pt\/wp-json\/wp\/v2\/categories?post=24045"},{"taxonomy":"post_tag","embeddable":true,"href":"https:\/\/tvbrazilusa.com\/pt\/wp-json\/wp\/v2\/tags?post=24045"}],"curies":[{"name":"wp","href":"https:\/\/api.w.org\/{rel}","templated":true}]}}