{"id":24075,"date":"2024-08-14T02:24:12","date_gmt":"2024-08-14T02:24:12","guid":{"rendered":"https:\/\/tvbrazilusa.com\/2024\/08\/14\/conselho-municipal-de-jacksonville-rejeita-legislacao-sobre-crimes-de-odio-jacksonville-today\/"},"modified":"2024-08-14T02:33:30","modified_gmt":"2024-08-14T02:33:30","slug":"conselho-municipal-de-jacksonville-rejeita-legislacao-sobre-crimes-de-odio-jacksonville-today","status":"publish","type":"post","link":"https:\/\/tvbrazilusa.com\/pt\/2024\/08\/14\/conselho-municipal-de-jacksonville-rejeita-legislacao-sobre-crimes-de-odio-jacksonville-today\/","title":{"rendered":"Conselho Municipal de Jacksonville rejeita legisla\u00e7\u00e3o sobre crimes de \u00f3dio &#8211; Jacksonville Today"},"content":{"rendered":"<p> <script async src=\"https:\/\/pagead2.googlesyndication.com\/pagead\/js\/adsbygoogle.js?client=ca-pub-8864793242727901\"\r\n     crossorigin=\"anonymous\"><\/script><br \/>\n<\/p>\n<div>\n<p>Um projeto de lei que endureceria as penas para crimes de \u00f3dio em Jacksonville n\u00e3o conseguiu convencer os membros do conselho na ter\u00e7a-feira \u00e0 noite.<\/p>\n<p>Com apenas sete dos 19 membros do conselho votando sim, o projeto de lei \u2014 que leva o nome de Johnnie Mae Chappel, que foi morto em um ataque racista h\u00e1 60 anos \u2014 morreu na ter\u00e7a-feira \u00e0 noite. <\/p>\n<p>Os membros do conselho que votaram contra a portaria citaram preocupa\u00e7\u00f5es sobre os direitos da Primeira Emenda porque ela inclu\u00eda penalidades para discurso de \u00f3dio. O projeto de lei n\u00e3o conseguiu obter recomenda\u00e7\u00f5es de dois comit\u00eas do conselho e passou por um empate em um terceiro na semana passada.<\/p>\n<p>Antes da vota\u00e7\u00e3o de ter\u00e7a-feira, a Northside Coalition de Jacksonville realizou um com\u00edcio nos degraus da Prefeitura pedindo a aprova\u00e7\u00e3o da <a href=\"https:\/\/jaxcityc.legistar.com\/LegislationDetail.aspx?ID=6639622&#038;GUID=4C627CFE-3510-482E-85B8-ECDD1A88B282&#038;Options=&#038;Search=\">conta<\/a>o que teria triplicado as multas e a pena de pris\u00e3o para atos criminosos comprovadamente motivados por \u00f3dio, incluindo jogar lixo, polui\u00e7\u00e3o sonora e proje\u00e7\u00e3o de luz.<\/p>\n<p>No com\u00edcio, Kelly Frazier, filha do falecido ativista dos direitos civis Ben Frazier e presidente da Northside Coalition, relembrou o dia 26 de agosto, um ano atr\u00e1s, quando um atirador na loja Dollar General matou tr\u00eas pessoas e deixou uma comunidade inteira em luto.<\/p>\n<p>\u201cNossa cidade e comunidades clamaram e pediram que nossos representantes eleitos fizessem algo\u201d, disse Frazier. \u201cFa\u00e7am algo para nos mostrar que voc\u00eas se importam quando algo t\u00e3o tr\u00e1gico quanto isso acontece em nossa vizinhan\u00e7a.\u201d<\/p>\n<p>Ela disse que o tiroteio \u2013 junto com mensagens antissemitas em pr\u00e9dios e viadutos, picha\u00e7\u00f5es de \u00f3dio em pr\u00e9dios e panfletos perturbadores em bairros \u2013 s\u00e3o lembretes \u201cde que o \u00f3dio n\u00e3o \u00e9 apenas real, mas perigoso\u201d. <\/p>\n<p>\u201cEste projeto de lei \u00e9 mais do que uma pe\u00e7a de legisla\u00e7\u00e3o. \u00c9 um farol de esperan\u00e7a, um escudo de prote\u00e7\u00e3o e um testamento aos valores da nossa comunidade. Nossa cidade viu o impacto devastador do \u00f3dio uma vez a mais.\u201d<\/p>\n<figure class=\"wp-block-image size-large\"><figcaption class=\"wp-element-caption\">O membro do conselho Jimmy Peluso discursa em um com\u00edcio da Northside Coalition antes da vota\u00e7\u00e3o de sua legisla\u00e7\u00e3o contra crimes de \u00f3dio. | Casmira Harrison, <em>Jacksonville Hoje<\/em><\/figcaption><\/figure>\n<p><a href=\"https:\/\/www.duvalelections.gov\/Portals\/Duval\/Documents\/Maps\/Maps%202024\/City%20Council%20District%208.pdf?ver=Jwrb2-cOB6vxoYYR6ZOoBw%3d%3d\">Distrito 8<\/a> o membro do conselho Jimmy Peluso, que apresentou a legisla\u00e7\u00e3o, ecoou o apelo dela no palanque do conselho. <\/p>\n<p>\u201cSe voc\u00eas v\u00e3o criticar essa legisla\u00e7\u00e3o, eu entendo\u201d, Peluso disse aos colegas. \u201cMas pe\u00e7o que abram os olhos e percebam que isso \u00e9 um s\u00edmbolo de cura para esta cidade e esta comunidade.\u201d<\/p>\n<p>O membro do conselho do Mandarin, Michael Boylan, um dos apoiadores do projeto de lei, disse que recebeu um e-mail pedindo que ele o rejeitasse.<\/p>\n<p>Ele explicou que havia apresentado emendas ao projeto de lei na comiss\u00e3o para garantir que n\u00e3o seria duplicado e que seria \u201cclaro como cristal\u201d sobre quando a lei poderia ser aplicada.<\/p>\n<p>\u201cLevo muito a s\u00e9rio a import\u00e2ncia de proteger nossa liberdade de express\u00e3o\u201d, disse Boylan. \u201cAcredito que n\u00f3s, como l\u00edderes eleitos desta comunidade, temos a responsabilidade de enfrentar discursos amea\u00e7adores \u2014 discursos amea\u00e7adores. Todos n\u00f3s temos que tolerar o discurso de \u00f3dio como um direito individual, mas n\u00e3o se ele colocar especificamente em risco outros cidad\u00e3os.\u201d<\/p>\n<p>Mas, apesar dos ajustes no projeto de lei e de dezenas de moradores que compareceram \u00e0 reuni\u00e3o do governo pedindo aos l\u00edderes da cidade que o aprovassem, ele n\u00e3o foi aprovado.<\/p>\n<figure class=\"wp-block-image size-full\"><img loading=\"lazy\" decoding=\"async\" width=\"757\" height=\"354\" src=\"https:\/\/jaxtoday.org\/wp-content\/uploads\/2024\/08\/1000001049.jpg\" alt=\"\" class=\"wp-image-74878 wpsmartcrop-image\" srcset=\"https:\/\/jaxtoday.org\/wp-content\/uploads\/2024\/08\/1000001049.jpg 757w, https:\/\/jaxtoday.org\/wp-content\/uploads\/2024\/08\/1000001049-300x140.jpg 300w, https:\/\/jaxtoday.org\/wp-content\/uploads\/2024\/08\/1000001049-513x240.jpg 513w, https:\/\/jaxtoday.org\/wp-content\/uploads\/2024\/08\/1000001049-100x47.jpg 100w\" sizes=\"auto, (max-width: 757px) 100vw, 757px\" data-smartcrop-focus=\"[50,50]\"\/><figcaption class=\"wp-element-caption\">O projeto de lei foi rejeitado por 7 votos a 12 | Conselho Municipal<\/figcaption><\/figure>\n<p>O membro do conselho geral Nick Howland, um dos 12 que votaram contra a legisla\u00e7\u00e3o, levantou-se para aplaudir os copatrocinadores do projeto de lei por promoverem uma conversa da qual ele disse ter aprendido.<\/p>\n<p>\u201cO que isso fez nos \u00faltimos meses foi fomentar uma conversa comunit\u00e1ria sobre ra\u00e7a, igualdade e justi\u00e7a. E acho que aprendemos com conversas comunit\u00e1rias como essa\u201d, disse Howland. \u201cA coisa que aprendi que foi mais convincente \u2014 e, novamente, acho que o vereador [Rahman] Johnson por trazer isso \u00e0 tona \u2014 foi a hist\u00f3ria da Johnnie Mae Chapel. Eu pesquisei a hist\u00f3ria dessa hist\u00f3ria. Fui at\u00e9 o local onde ela foi baleada.\u201d<\/p>\n<p>Ele disse que notou que havia um marcador de rodovia na nova Kings Road e um pequeno marcador que dizia: \u201cDirija com seguran\u00e7a em homenagem a Johnnie Mae Chappel.<\/p>\n<p>\u201cMas n\u00e3o h\u00e1 nada contando a hist\u00f3ria\u201d, ele disse. \u201cNada com o que possamos aprender.\u201d<\/p>\n<p>Ele disse que est\u00e1 elaborando uma legisla\u00e7\u00e3o para colocar um marco hist\u00f3rico ali que conte a hist\u00f3ria.<\/p>\n<p>\u201cAlgo com que todos n\u00f3s podemos aprender\u201d, disse ele.<\/p>\n<\/div>\n<p><br \/>\n<br \/><a href=\"https:\/\/jaxtoday.org\/2024\/08\/13\/jacksonville-city-council-rejects-hate-crime-legislation\/\">Source link <\/a><\/p>","protected":false},"excerpt":{"rendered":"<p>Um projeto de lei que endureceria as penas para crimes de \u00f3dio em Jacksonville n\u00e3o conseguiu convencer os membros do conselho na ter\u00e7a-feira \u00e0 noite. Com apenas sete dos 19&hellip;<\/p>","protected":false},"author":1,"featured_media":24076,"comment_status":"closed","ping_status":"open","sticky":false,"template":"","format":"standard","meta":{"content-type":"","footnotes":""},"categories":[1],"tags":[],"class_list":["post-24075","post","type-post","status-publish","format-standard","has-post-thumbnail","hentry","category-uncategorized"],"_links":{"self":[{"href":"https:\/\/tvbrazilusa.com\/pt\/wp-json\/wp\/v2\/posts\/24075","targetHints":{"allow":["GET"]}}],"collection":[{"href":"https:\/\/tvbrazilusa.com\/pt\/wp-json\/wp\/v2\/posts"}],"about":[{"href":"https:\/\/tvbrazilusa.com\/pt\/wp-json\/wp\/v2\/types\/post"}],"author":[{"embeddable":true,"href":"https:\/\/tvbrazilusa.com\/pt\/wp-json\/wp\/v2\/users\/1"}],"replies":[{"embeddable":true,"href":"https:\/\/tvbrazilusa.com\/pt\/wp-json\/wp\/v2\/comments?post=24075"}],"version-history":[{"count":1,"href":"https:\/\/tvbrazilusa.com\/pt\/wp-json\/wp\/v2\/posts\/24075\/revisions"}],"predecessor-version":[{"id":24077,"href":"https:\/\/tvbrazilusa.com\/pt\/wp-json\/wp\/v2\/posts\/24075\/revisions\/24077"}],"wp:featuredmedia":[{"embeddable":true,"href":"https:\/\/tvbrazilusa.com\/pt\/wp-json\/wp\/v2\/media\/24076"}],"wp:attachment":[{"href":"https:\/\/tvbrazilusa.com\/pt\/wp-json\/wp\/v2\/media?parent=24075"}],"wp:term":[{"taxonomy":"category","embeddable":true,"href":"https:\/\/tvbrazilusa.com\/pt\/wp-json\/wp\/v2\/categories?post=24075"},{"taxonomy":"post_tag","embeddable":true,"href":"https:\/\/tvbrazilusa.com\/pt\/wp-json\/wp\/v2\/tags?post=24075"}],"curies":[{"name":"wp","href":"https:\/\/api.w.org\/{rel}","templated":true}]}}