{"id":24094,"date":"2024-08-13T23:40:25","date_gmt":"2024-08-13T23:40:25","guid":{"rendered":"https:\/\/tvbrazilusa.com\/2024\/08\/13\/lider-da-oposicao-no-senado-rogerio-marinho-acaba-de-pedir-a-abertura-de-impeachment-contra-o-ministro-alexandre-de-moraes\/"},"modified":"2024-08-14T02:59:34","modified_gmt":"2024-08-14T02:59:34","slug":"lider-da-oposicao-no-senado-rogerio-marinho-acaba-de-pedir-a-abertura-de-impeachment-contra-o-ministro-alexandre-de-moraes","status":"publish","type":"post","link":"https:\/\/tvbrazilusa.com\/pt\/2024\/08\/13\/lider-da-oposicao-no-senado-rogerio-marinho-acaba-de-pedir-a-abertura-de-impeachment-contra-o-ministro-alexandre-de-moraes\/","title":{"rendered":"L\u00edder da oposi\u00e7\u00e3o no Senado, Rog\u00e9rio Marinho, acaba de pedir a abertura de impeachment contra o Ministro Alexandre de Moraes"},"content":{"rendered":"<p> <script async src=\"https:\/\/pagead2.googlesyndication.com\/pagead\/js\/adsbygoogle.js?client=ca-pub-8864793242727901\"\r\n     crossorigin=\"anonymous\"><\/script><br \/>\n<\/p>\n<div>\n<p><em>Foto: Geraldo Magela\/Ag\u00eancia Senado<\/em><\/p>\n<p>O l\u00edder da oposi\u00e7\u00e3o no Senado, Rog\u00e9rio Marinho (PL-RN), exigiu que o presidente do Senado, Rodrigo Pacheco, paute o pedido de impeachment contra Alexandre de Moraes. O ministro do Supremo Tribunal Federal (STF) tem sido acusado de perseguir apoiadores do ex-presidente Jair Bolsonaro.<\/p>\n<p>Apesar de estar de licen\u00e7a do cargo devido \u00e0s elei\u00e7\u00f5es municipais, Marinho n\u00e3o poupou cr\u00edticas e refor\u00e7ou a necessidade de a\u00e7\u00e3o imediata do Senado. \u201cUm ministro do STF n\u00e3o pode agir como se estivesse acima da Constitui\u00e7\u00e3o! Isso tem que parar! Basta!\u201d, afirmou o senador pelas redes sociais.<\/p>\n<figure class=\"wp-block-embed is-type-rich is-provider-twitter wp-block-embed-twitter\">\n<div class=\"wp-block-embed__wrapper\">\n<blockquote class=\"twitter-tweet\" data-width=\"500\" data-dnt=\"true\">\n<p lang=\"pt\" dir=\"ltr\">O rei est\u00e1 nu!! Estamos avisando desde o in\u00edcio de nosso mandato! \u00c9 imperioso o retorno \u00e0 normalidade democr\u00e1tica. O devido processo legal, o ju\u00edzo natural, o contradit\u00f3rio, a ampla defesa e a in\u00e9rcia do Judici\u00e1rio s\u00e3o pilares da Constitui\u00e7\u00e3o e da democracia. Um ministro do STF\u2026 <a href=\"https:\/\/t.co\/HQHk4mKUVn\">pic.twitter.com\/HQHk4mKUVn<\/a><\/p>\n<p>\u2014 Rog\u00e9rio Marinho\ud83c\udde7\ud83c\uddf7 (@rogeriosmarinho) <a href=\"https:\/\/twitter.com\/rogeriosmarinho\/status\/1823477276450730301?ref_src=twsrc%5Etfw\">August 13, 2024<\/a><\/p><\/blockquote>\n<\/div>\n<\/figure>\n<h2 class=\"wp-block-heading\">Pedidos de Impeachment de Alexandre de Moraes<\/h2>\n<p>Marinho tamb\u00e9m ressaltou que os abusos cometidos por Moraes v\u00eam sendo divulgados desde o in\u00edcio do seu mandato. Para ele, \u00e9 crucial um retorno \u00e0 normalidade democr\u00e1tica com o cumprimento do devido processo legal.<\/p>\n<ul class=\"wp-block-list\">\n<li>Devido processo legal<\/li>\n<li>Ju\u00edzo natural<\/li>\n<li>Contradit\u00f3rio<\/li>\n<li>Ampla defesa<\/li>\n<li>In\u00e9rcia do Judici\u00e1rio<\/li>\n<\/ul>\n<p>Esses elementos s\u00e3o pilares fundamentais da Constitui\u00e7\u00e3o e da democracia, segundo Marinho.<\/p>\n<h2 class=\"wp-block-heading\">Por que Moraes est\u00e1 Sendo Acusado?<\/h2>\n<p>De acordo com uma investiga\u00e7\u00e3o revelada pela Folha de S\u00e3o Paulo na ter\u00e7a-feira, 13 de fevereiro de 2024, mensagens vazadas mostraram que Moraes teria investigado apoiadores de Bolsonaro com base em relat\u00f3rios solicitados informalmente \u00e0 Justi\u00e7a Eleitoral. Isso aconteceu durante e ap\u00f3s as elei\u00e7\u00f5es de 2022 no inqu\u00e9rito das fake news.<\/p>\n<p>Essas a\u00e7\u00f5es, segundo Marinho, s\u00e3o claras demonstra\u00e7\u00f5es de abusos de poder que n\u00e3o podem ser ignorados. O senador enfatizou a necessidade do Senado se posicionar e exigir que Moraes cumpra a Constitui\u00e7\u00e3o.<\/p>\n<h2 class=\"wp-block-heading\">O Que Acontecer\u00e1 no Senado?<\/h2>\n<p>A cobran\u00e7a de Rog\u00e9rio Marinho coloca uma press\u00e3o significativa sobre Rodrigo Pacheco para que ele paute o processo de impeachment. Esta \u00e9 uma decis\u00e3o que pode ter efeitos profundos no cen\u00e1rio pol\u00edtico nacional.<\/p>\n<p>Outras figuras pol\u00edticas tamb\u00e9m est\u00e3o se pronunciando sobre o caso. Maur\u00edcio Zanatta, por exemplo, chamou a revela\u00e7\u00e3o sobre Moraes de \u201cbomba\u201d. J\u00e1 Bolsonaro e Valdemar Costa Neto negaram proximidade com Moraes durante uma conven\u00e7\u00e3o.<\/p>\n<h3 class=\"wp-block-heading\">Pr\u00f3ximos Passos<\/h3>\n<p>Para que o processo de impeachment avance, \u00e9 essencial que o Senado se posicione. A sociedade aguarda um desfecho que garanta o cumprimento da Constitui\u00e7\u00e3o e a preserva\u00e7\u00e3o da democracia brasileira.<\/p>\n<ol class=\"wp-block-list\">\n<li>Pressionar o presidente do Senado, Rodrigo Pacheco<\/li>\n<li>Investigar os fatos apresentados<\/li>\n<li>Garantir o devido processo legal<\/li>\n<li>Posicionar-se sobre a abertura do processo de impeachment<\/li>\n<\/ol>\n<p>A situa\u00e7\u00e3o ainda est\u00e1 em desenvolvimento, e todos os olhos est\u00e3o voltados para o Senado Federal e suas pr\u00f3ximas a\u00e7\u00f5es.<\/p>\n<\/p><\/div>\n<p><script async src=\"\/\/platform.twitter.com\/widgets.js\" charset=\"utf-8\"><\/script><br \/>\n<br \/><br \/>\n<br \/><a href=\"https:\/\/terrabrasilnoticias.com\/2024\/08\/lider-da-oposicao-no-senado-rogerio-marinho-acaba-de-pedir-a-abertura-de-impeachment-contra-o-ministro-alexandre-de-moraes\/\">Source link <\/a><\/p>","protected":false},"excerpt":{"rendered":"<p>Foto: Geraldo Magela\/Ag\u00eancia Senado O l\u00edder da oposi\u00e7\u00e3o no Senado, Rog\u00e9rio Marinho (PL-RN), exigiu que o presidente do Senado, Rodrigo Pacheco, paute o pedido de impeachment contra Alexandre de Moraes.&hellip;<\/p>","protected":false},"author":1,"featured_media":24095,"comment_status":"closed","ping_status":"open","sticky":false,"template":"","format":"standard","meta":{"content-type":"","footnotes":""},"categories":[16],"tags":[],"class_list":["post-24094","post","type-post","status-publish","format-standard","has-post-thumbnail","hentry","category-noticias"],"_links":{"self":[{"href":"https:\/\/tvbrazilusa.com\/pt\/wp-json\/wp\/v2\/posts\/24094","targetHints":{"allow":["GET"]}}],"collection":[{"href":"https:\/\/tvbrazilusa.com\/pt\/wp-json\/wp\/v2\/posts"}],"about":[{"href":"https:\/\/tvbrazilusa.com\/pt\/wp-json\/wp\/v2\/types\/post"}],"author":[{"embeddable":true,"href":"https:\/\/tvbrazilusa.com\/pt\/wp-json\/wp\/v2\/users\/1"}],"replies":[{"embeddable":true,"href":"https:\/\/tvbrazilusa.com\/pt\/wp-json\/wp\/v2\/comments?post=24094"}],"version-history":[{"count":1,"href":"https:\/\/tvbrazilusa.com\/pt\/wp-json\/wp\/v2\/posts\/24094\/revisions"}],"predecessor-version":[{"id":24096,"href":"https:\/\/tvbrazilusa.com\/pt\/wp-json\/wp\/v2\/posts\/24094\/revisions\/24096"}],"wp:featuredmedia":[{"embeddable":true,"href":"https:\/\/tvbrazilusa.com\/pt\/wp-json\/wp\/v2\/media\/24095"}],"wp:attachment":[{"href":"https:\/\/tvbrazilusa.com\/pt\/wp-json\/wp\/v2\/media?parent=24094"}],"wp:term":[{"taxonomy":"category","embeddable":true,"href":"https:\/\/tvbrazilusa.com\/pt\/wp-json\/wp\/v2\/categories?post=24094"},{"taxonomy":"post_tag","embeddable":true,"href":"https:\/\/tvbrazilusa.com\/pt\/wp-json\/wp\/v2\/tags?post=24094"}],"curies":[{"name":"wp","href":"https:\/\/api.w.org\/{rel}","templated":true}]}}