{"id":24166,"date":"2024-08-14T00:43:29","date_gmt":"2024-08-14T00:43:29","guid":{"rendered":"https:\/\/tvbrazilusa.com\/2024\/08\/14\/jerod-mayo-emitiu-um-aviso-serio-aos-jogadores-dos-patriots-sobre-brigas-em-treinos-conjuntos-com-os-eagles\/"},"modified":"2024-08-14T05:26:29","modified_gmt":"2024-08-14T05:26:29","slug":"jerod-mayo-emitiu-um-aviso-serio-aos-jogadores-dos-patriots-sobre-brigas-em-treinos-conjuntos-com-os-eagles","status":"publish","type":"post","link":"https:\/\/tvbrazilusa.com\/pt\/2024\/08\/14\/jerod-mayo-emitiu-um-aviso-serio-aos-jogadores-dos-patriots-sobre-brigas-em-treinos-conjuntos-com-os-eagles\/","title":{"rendered":"Jerod Mayo emitiu um aviso &#8220;s\u00e9rio&#8221; aos jogadores dos Patriots sobre brigas em treinos conjuntos com os Eagles"},"content":{"rendered":"<p> <script async src=\"https:\/\/pagead2.googlesyndication.com\/pagead\/js\/adsbygoogle.js?client=ca-pub-8864793242727901\"\r\n     crossorigin=\"anonymous\"><\/script><br \/>\n<\/p>\n<div id=\"\">\n<header class=\"m-article-header m-article-header--standard\">\n\t\t\t\t\t\t\t\t\t\t\t\t<span id=\"article-header-primary-term\"><br \/>\n\t\t\t\t\t\t\t\t<a class=\"a-term a-term--primary\" href=\"https:\/\/www.boston.com\/tag\/new-england-patriots\/\"><\/p>\n<p>\t\t\t\t\t\t\t\tPatriotas\t\t\t\t\t\t\t\t<\/a><br \/>\n\t\t\t\t\t\t\t<\/span><\/p>\n<h2 class=\"m-article-header__sub-headline\">&#8220;Se voc\u00ea entrar em uma briga aqui, se voc\u00ea for titular, voc\u00ea vai jogar a pr\u00e9-temporada inteira. Se voc\u00ea n\u00e3o for titular, voc\u00ea n\u00e3o vai jogar.&#8221;<\/h2>\n<figure class=\"a-photo m-article-header__photo\"><figcaption class=\"a-photo__caption\">\n<p>\tJerod Mayo.<em> Jonathan Wiggs \/Equipe Globe<\/em>\t<\/figcaption><\/figure>\n<\/header>\n<div class=\"m-block t-amp__list-container m-article-list-container  m-article-list-container--frame-border a-border-frame  a-list-header__headline--red m-article-list--alternative--default  m-article-list--floated\">\n<ul class=\"t-amp__list a-list--no-style m-article-list m-article-list--recirculation m-article-list--has-images\">\n<li class=\"m-article-list__item m-article-list__item--featured\">\n\t\t\t\t<a class=\"m-article-list__link-wrapper\" href=\"https:\/\/www.boston.com\/sports\/new-england-patriots\/2024\/08\/13\/new-england-patriots-drake-maye-robert-kraft-nfl-football\/\" data-p1=\"article_recirc_inline_feature\"><br \/>\n\t\t\t\t<img fetchpriority=\"high\" decoding=\"async\" width=\"768\" height=\"432\" src=\"https:\/\/bdc2020.o0bc.com\/wp-content\/uploads\/2024\/08\/s3___bgmp-arc_arc-feeds_generic-photos_to-arc_tlumackidrakemaye128-1-66bbebcba2bbc-768x432.jpg\" class=\"t-amp__list-image m-article-list__image m-article-list__image--full\" alt=\"O New England Patriots apresentou sua nova escolha n\u00famero 1 do draft, o qb Drake Maye para a m\u00eddia no campo do Gillette Stadium. Ele foi escoltado para o campo por Robert e Jonathan Kraft(rt) que lhe presentearam com sua camisa.\" aria-hidden=\"true\" srcset=\"https:\/\/bdc2020.o0bc.com\/wp-content\/uploads\/2024\/08\/s3___bgmp-arc_arc-feeds_generic-photos_to-arc_tlumackidrakemaye128-1-66bbebcba2bbc-768x432.jpg?width=200 200w, https:\/\/bdc2020.o0bc.com\/wp-content\/uploads\/2024\/08\/s3___bgmp-arc_arc-feeds_generic-photos_to-arc_tlumackidrakemaye128-1-66bbebcba2bbc-768x432.jpg?width=300 300w, https:\/\/bdc2020.o0bc.com\/wp-content\/uploads\/2024\/08\/s3___bgmp-arc_arc-feeds_generic-photos_to-arc_tlumackidrakemaye128-1-66bbebcba2bbc-768x432.jpg?width=400 400w, https:\/\/bdc2020.o0bc.com\/wp-content\/uploads\/2024\/08\/s3___bgmp-arc_arc-feeds_generic-photos_to-arc_tlumackidrakemaye128-1-66bbebcba2bbc-768x432.jpg?width=500 500w, https:\/\/bdc2020.o0bc.com\/wp-content\/uploads\/2024\/08\/s3___bgmp-arc_arc-feeds_generic-photos_to-arc_tlumackidrakemaye128-1-66bbebcba2bbc-768x432.jpg?width=600 600w, https:\/\/bdc2020.o0bc.com\/wp-content\/uploads\/2024\/08\/s3___bgmp-arc_arc-feeds_generic-photos_to-arc_tlumackidrakemaye128-1-66bbebcba2bbc-768x432.jpg?width=700 700w, https:\/\/bdc2020.o0bc.com\/wp-content\/uploads\/2024\/08\/s3___bgmp-arc_arc-feeds_generic-photos_to-arc_tlumackidrakemaye128-1-66bbebcba2bbc-768x432.jpg?width=800 800w, https:\/\/bdc2020.o0bc.com\/wp-content\/uploads\/2024\/08\/s3___bgmp-arc_arc-feeds_generic-photos_to-arc_tlumackidrakemaye128-1-66bbebcba2bbc-768x432.jpg?width=900 900w\" sizes=\"(max-width: 768px) 100vw, 768px\"\/>\t\t\t\t\t<\/p>\n<p><h4 class=\"m-article-list__headline t-amp__list-headline\">\n\t\t\t\t\t\t\t<span class=\"m-article-list__link a-link a-link--inline a-link--text-link a-link--text-link-dark\"><\/p>\n<p>\t\t\t\t\t\t\tRobert Kraft revela suas impress\u00f5es iniciais sobre Drake Maye\t\t\t\t\t\t\t<\/span><br \/>\n\t\t\t\t\t\t<\/h4>\n<\/p>\n<p>\t\t\t\t<\/a>\n\t\t\t<\/li>\n<li class=\"m-article-list__item\">\n\t\t\t\t\t\t<a class=\"m-article-list__link-wrapper\" href=\"https:\/\/www.boston.com\/sports\/new-england-patriots\/2024\/08\/13\/jerod-mayo-drake-maye-nfl-football-new-england-patriots-preseason-training-camp\/\" data-p1=\"article_recirc_inline_feed\"><\/p>\n<p><h4 class=\"m-article-list__headline\">\n\t\t\t\t\t\t\t\t\t<span class=\"m-article-list__link a-link a-link--inline a-link--text-link a-link--text-link-dark\"><\/p>\n<p>\t\t\t\t\t\t\t\t\tJerod Mayo usa uma palavra para descrever o desempenho de Drake Maye durante o campo de treinamento\t\t\t\t\t\t\t\t\t<\/span><br \/>\n\t\t\t\t\t\t\t\t<\/h4>\n<\/p>\n<p>\t\t\t\t\t\t<\/a>\n\t\t\t\t\t<\/li>\n<\/ul>\n<\/div>\n<p>Antes do treino conjunto de ter\u00e7a-feira com os Eagles, os Patriots <a href=\"https:\/\/www.patriots.com\/team\/coaches-roster\/jerod-mayo\">Jerod Mayo<\/a> tinha uma mensagem para seus jogadores sobre brigas durante os treinos.<\/p>\n<p>\u201cEstamos aqui como jogadores de futebol, n\u00e3o como lutadores\u201d, disse Mayo.<\/p>\n<p>Mayo disse que o<a href=\"https:\/\/www.boston.com\/sports\/new-england-patriots\/2024\/08\/13\/new-england-patriots-drake-maye-robert-kraft-nfl-football\/?p1=hp_secondary\"> Patriotas<\/a> agendou um dia de treino conjunto com os Eagles porque percebeu ao longo dos anos que o segundo dia de treinos conjuntos costuma ser um pouco mais animado que o primeiro.<\/p>\n<p>Ele tamb\u00e9m esclareceu seu plano sobre como lidar com jogadores que s\u00e3o pegos brigando. <\/p>\n<p>\u201cVoc\u00ea n\u00e3o briga em um jogo de verdade. Voc\u00ea \u00e9 multado, \u00e9 expulso. \u00c9 a mesma coisa aqui\u201d, ele disse. \u201cMinha mensagem para os jogadores, se voc\u00ea brigar aqui, se voc\u00ea for titular, voc\u00ea estar\u00e1 jogando o jogo inteiro da pr\u00e9-temporada. Se voc\u00ea n\u00e3o for titular, voc\u00ea n\u00e3o jogar\u00e1. Ent\u00e3o, essa \u00e9 a minha mentalidade com isso.\u201d<\/p>\n<p>Houve uma confus\u00e3o durante o treino de ter\u00e7a-feira durante as repeti\u00e7\u00f5es de times especiais. Joshua Uche, da Nova Inglaterra, e EJ Jenkins, da Filad\u00e9lfia, se envolveram em uma breve escaramu\u00e7a que fez com que ambos os times se aglomerassem em volta dos jogadores, mas as coisas foram interrompidas antes que algo importante acontecesse.<\/p>\n<p>  N\u00e3o houve nenhuma expuls\u00e3o, e n\u00e3o est\u00e1 exatamente claro como Mayo define uma \u201cluta\u201d.<\/p>\n<p>O safety Jabrill Peppers sorriu quando questionado sobre a regra de Mayo. <\/p>\n<p>\u201cEle \u00e9 um treinador de jogadores, ent\u00e3o ele sabe como nos atingir\u201d, disse Peppers. \u201cEu s\u00f3 acho que ele queria enfatizar a import\u00e2ncia, voc\u00ea sabe, de proteger seu companheiro de equipe, mas n\u00e3o fa\u00e7a nada que v\u00e1 lhe render uma multa, expuls\u00e1-lo do jogo ou do treino ou prejudicar o time.\u201d<\/p>\n<p>Embora Mayo possa parecer tranquilo com os jogadores \u00e0s vezes, Peppers disse que o treinador levou a mensagem a s\u00e9rio.<\/p>\n<p>\u201cEle \u00e9 definitivamente s\u00e9rio\u201d, disse Peppers. \u201cEle joga muito, mas quando \u00e9 hora de trabalhar e quando \u00e9 hora de neg\u00f3cios, \u00e9 hora de neg\u00f3cios.\u201d <\/p>\n<div class=\"m-block m-generic-cta\t m-generic-cta--post-content\t m-generic-cta--dark\t m-generic-cta--homepage\t m-generic-cta--email-signup\t\t m-generic-cta-block-style--default \tt-amp__generic-cta\"><\/p>\n<div class=\"m-generic-cta__wrap\">\n<div class=\"m-generic-cta__content\">\n<h3 class=\"m-generic-cta__title\">Inscreva-se para receber atualiza\u00e7\u00f5es dos Patriots\ud83c\udfc8<\/h3>\n<p class=\"m-generic-cta__subtitle\">Receba not\u00edcias de \u00faltima hora e an\u00e1lises na sua caixa de entrada durante a temporada de futebol.<\/p>\n<\/p><\/div>\n<\/p><\/div>\n<\/div><\/div>\n<p><script>\n\t\tvar consent=\"grant\";\n\t\t\/* The above code is parsing the JSON data from the local storage and storing it in a variable. *\/\n\t\t\t\t\tconst onetrustStorageConsent = JSON.parse(localStorage.getItem( 'consent_one_trust_bdc' ) );\n\t\t\tif ( ( onetrustStorageConsent !== null ) ) {\n\t\t\t\t\/* Checking to see if the user has consented to the use of cookies.\n\t\t\t\t* If they have not, it is deleting the cookie.\n\t\t\t\t* This will comment for now, until further notice.\n\t\t\t\t*\/\n\t\t\t\t\/\/if ( onetrustStorageConsent.C0002 === false ) {\n\t\t\t\t\/\/\tdocument.cookie=\"_fbp=;expires=Thu, 01 Jan 2010 00:00:00 UTC; path=\/; domain=.boston.com\";\n\t\t\t\t\/\/}\n\t\t\t\t\/* Checking if the user has given consent for the cookie C0002.\n\t\t\t\t* If the user has given consent, the variable consent will be set to 'grant'.\n\t\t\t\t* If the user has not given consent,the variable consent will be set to 'revoke'.\n\t\t\t\t* Documentation https:\/\/developers.facebook.com\/docs\/meta-pixel\/implementation\/gdpr\n\t\t\t\t*\/\n\t\t\t\tif ( onetrustStorageConsent.C0002 !== true ) {\n\t\t\t\t\tconsent=\"revoke\";\n\t\t\t\t}\n\t\t\t}\n\t\t\t\t!function(f,b,e,v,n,t,s)\n\t\t{if(f.fbq)return;n=f.fbq=function(){n.callMethod?\n\t\tn.callMethod.apply(n,arguments):n.queue.push(arguments)};\n\t\tif(!f._fbq)f._fbq=n;n.push=n;n.loaded=!0;n.version='2.0';\n\t\tn.queue=[];t=b.createElement(e);t.async=!0;\n\t\tt.src=v;s=b.getElementsByTagName(e)[0];\n\t\ts.parentNode.insertBefore(t,s)}(window, document,'script',\n\t\t'https:\/\/connect.facebook.net\/en_US\/fbevents.js');\n\t\tfbq('consent', consent);\n\t\tfbq('init', '989222871864976');\n\t\tfbq('track', 'PageView');\n\t<\/script><script type=\"module\">\n\t\tvar consent=\"grant\";\n\t\t\/* The above code is parsing the JSON data from the local storage and storing it in a variable. *\/\n\t\t\tconst onetrustStorageConsent = JSON.parse(localStorage.getItem( 'consent_one_trust_bdc' ) );\n\t\t\t\/* Checking to see if the user has consented to the use of cookies.\n\t\t\t* If they have not, it is deleting the cookie.\n\t\t\t* This will comment for now, until further notice.\n\t\t\t*\/\n\t\t\t\/\/if ( onetrustStorageConsent.C0002 === false ) {\n\t\t\t\/\/\tdocument.cookie=\"_fbp=;expires=Thu, 01 Jan 2010 00:00:00 UTC; path=\/; domain=.boston.com\";\n\t\t\t\/\/}\n\t\t\t\/* Checking if the user has given consent for the cookie C0002.\n\t\t\t* If the user has given consent, the variable consent will be set to 'grant'.\n\t\t\t* If the user has not given consent,the variable consent will be set to 'revoke'.\n\t\t\t* Documentation https:\/\/developers.facebook.com\/docs\/meta-pixel\/implementation\/gdpr\n\t\t\t*\/\n\t\t\tif ( ( onetrustStorageConsent !== null ) && (onetrustStorageConsent.C0002 !== true ) ) {\n\t\t\t\tconsent=\"revoke\";\n\t\t\t}\n\t\t\t\t!function(f,b,e,v,n,t,s){if(f.fbq)return;n=f.fbq=function()\n\t\t{n.callMethod? n.callMethod.apply(n,arguments):n.queue.push(arguments)}\n\t\t;if(!f._fbq)f._fbq=n;\n\t\tn.push=n;n.loaded=!0;n.version='2.0';n.queue=[];t=b.createElement(e);t.async=!0;\n\t\tt.src=v;s=b.getElementsByTagName(e)[0];s.parentNode.insertBefore(t,s)}(window,\n\t\tdocument,'script','https:\/\/connect.facebook.net\/en_US\/fbevents.js');\n\t\tfbq('consent', consent);\n\t\tfbq('init', '813236348753005');\n\t\tfbq('track', \"PageView\");\n\t<\/script><br \/>\n<br \/><br \/>\n<br \/><a href=\"https:\/\/www.boston.com\/sports\/new-england-patriots\/2024\/08\/13\/jerod-mayo-issued-serious-warning-to-patriots-players-about-fighting-in-joint-practice-with-the-eagles\/\">Source link <\/a><\/p>","protected":false},"excerpt":{"rendered":"<p>Patriotas &#8220;Se voc\u00ea entrar em uma briga aqui, se voc\u00ea for titular, voc\u00ea vai jogar a pr\u00e9-temporada inteira. Se voc\u00ea n\u00e3o for titular, voc\u00ea n\u00e3o vai jogar.&#8221; Jerod Mayo. Jonathan&hellip;<\/p>","protected":false},"author":1,"featured_media":24167,"comment_status":"closed","ping_status":"open","sticky":false,"template":"","format":"standard","meta":{"content-type":"","footnotes":""},"categories":[1],"tags":[],"class_list":["post-24166","post","type-post","status-publish","format-standard","has-post-thumbnail","hentry","category-uncategorized"],"_links":{"self":[{"href":"https:\/\/tvbrazilusa.com\/pt\/wp-json\/wp\/v2\/posts\/24166","targetHints":{"allow":["GET"]}}],"collection":[{"href":"https:\/\/tvbrazilusa.com\/pt\/wp-json\/wp\/v2\/posts"}],"about":[{"href":"https:\/\/tvbrazilusa.com\/pt\/wp-json\/wp\/v2\/types\/post"}],"author":[{"embeddable":true,"href":"https:\/\/tvbrazilusa.com\/pt\/wp-json\/wp\/v2\/users\/1"}],"replies":[{"embeddable":true,"href":"https:\/\/tvbrazilusa.com\/pt\/wp-json\/wp\/v2\/comments?post=24166"}],"version-history":[{"count":1,"href":"https:\/\/tvbrazilusa.com\/pt\/wp-json\/wp\/v2\/posts\/24166\/revisions"}],"predecessor-version":[{"id":24168,"href":"https:\/\/tvbrazilusa.com\/pt\/wp-json\/wp\/v2\/posts\/24166\/revisions\/24168"}],"wp:featuredmedia":[{"embeddable":true,"href":"https:\/\/tvbrazilusa.com\/pt\/wp-json\/wp\/v2\/media\/24167"}],"wp:attachment":[{"href":"https:\/\/tvbrazilusa.com\/pt\/wp-json\/wp\/v2\/media?parent=24166"}],"wp:term":[{"taxonomy":"category","embeddable":true,"href":"https:\/\/tvbrazilusa.com\/pt\/wp-json\/wp\/v2\/categories?post=24166"},{"taxonomy":"post_tag","embeddable":true,"href":"https:\/\/tvbrazilusa.com\/pt\/wp-json\/wp\/v2\/tags?post=24166"}],"curies":[{"name":"wp","href":"https:\/\/api.w.org\/{rel}","templated":true}]}}