{"id":24255,"date":"2024-08-14T10:14:16","date_gmt":"2024-08-14T10:14:16","guid":{"rendered":"https:\/\/tvbrazilusa.com\/2024\/08\/14\/uma-segunda-regiao-de-fronteira-russa-declara-estado-de-emergencia-enquanto-as-forcas-ucranianas-pressionam-sua-incursao\/"},"modified":"2024-08-14T10:23:07","modified_gmt":"2024-08-14T10:23:07","slug":"uma-segunda-regiao-de-fronteira-russa-declara-estado-de-emergencia-enquanto-as-forcas-ucranianas-pressionam-sua-incursao","status":"publish","type":"post","link":"https:\/\/tvbrazilusa.com\/pt\/2024\/08\/14\/uma-segunda-regiao-de-fronteira-russa-declara-estado-de-emergencia-enquanto-as-forcas-ucranianas-pressionam-sua-incursao\/","title":{"rendered":"Uma segunda regi\u00e3o de fronteira russa declara estado de emerg\u00eancia enquanto as for\u00e7as ucranianas pressionam sua incurs\u00e3o"},"content":{"rendered":"<script async src=\"https:\/\/pagead2.googlesyndication.com\/pagead\/js\/adsbygoogle.js?client=ca-pub-8864793242727901\"\r\n     crossorigin=\"anonymous\"><\/script>\n<div id=\"\">\n<p class=\"dist__Box-sc-1fnzlkn-0 dist__TextBase-sc-1fnzlkn-3 CGHCP htMUPQ article-text\"><strong>Kyiv<\/strong> \u2013 A regi\u00e3o fronteiri\u00e7a de Belgorod, na R\u00fassia, declarou estado de emerg\u00eancia na quarta-feira, sob pesados \u200b\u200bbombardeios das for\u00e7as ucranianas, que est\u00e3o realizando uma grande incurs\u00e3o transfronteiri\u00e7a na regi\u00e3o adjacente de Kursk pela segunda semana.<\/p>\n<p class=\"dist__Box-sc-1fnzlkn-0 dist__TextBase-sc-1fnzlkn-3 CGHCP htMUPQ article-text\">O governador de Belgorod, Vyacheslav Gladkov, descreveu a situa\u00e7\u00e3o como \u201cextremamente dif\u00edcil e tensa\u201d, j\u00e1 que os ataques destru\u00edram casas e causaram v\u00edtimas civis, deixando a popula\u00e7\u00e3o local nervosa.<\/p>\n<p class=\"dist__Box-sc-1fnzlkn-0 dist__TextBase-sc-1fnzlkn-3 CGHCP htMUPQ article-text\">Crian\u00e7as em particular est\u00e3o sendo movidas para um local seguro, ele disse em seu canal do Telegram, acrescentando que cerca de 5.000 crian\u00e7as est\u00e3o em acampamentos em \u00e1reas seguras. Ele disse no dia anterior que cerca de 11.000 pessoas fugiram de suas casas, com cerca de 1.000 ficando em centros de acomoda\u00e7\u00e3o tempor\u00e1ria.<\/p>\n<p class=\"dist__Box-sc-1fnzlkn-0 dist__TextBase-sc-1fnzlkn-3 CGHCP htMUPQ article-text\">A carga surpresa ucraniana em solo russo que come\u00e7ou em 6 de agosto abalou o Kremlin. A ousada opera\u00e7\u00e3o Kursk \u00e9 o maior ataque \u00e0 R\u00fassia desde a Segunda Guerra Mundial e pode envolver at\u00e9 10.000 tropas ucranianas apoiadas por blindados e artilharia, dizem analistas militares. Uma emerg\u00eancia foi declarada em Kursk no \u00faltimo s\u00e1bado.<\/p>\n<p class=\"dist__Box-sc-1fnzlkn-0 dist__TextBase-sc-1fnzlkn-3 CGHCP htMUPQ article-text\">Um porta-voz do Minist\u00e9rio das Rela\u00e7\u00f5es Exteriores da Ucr\u00e2nia disse ter\u00e7a-feira que Kiev n\u00e3o tem inten\u00e7\u00e3o de ocupar o territ\u00f3rio russo que diz estar segurando. O objetivo \u00e9 impedir que a R\u00fassia dispare m\u00edsseis na Ucr\u00e2nia a partir de Kursk, ele disse.<\/p>\n<p class=\"dist__Box-sc-1fnzlkn-0 dist__TextBase-sc-1fnzlkn-3 CGHCP htMUPQ article-text\">N\u00e3o estava claro como ou quando \u2014 ou se \u2014 a Ucr\u00e2nia tentaria se livrar do terreno que tomou. Os militares ucranianos alegam controlar 74 assentamentos, que se acredita serem vilas ou aldeias, na regi\u00e3o de Kursk. Autoridades russas dizem que mais de 100.000 pessoas foram evacuadas, a maioria de Kursk.<\/p>\n<p class=\"dist__Box-sc-1fnzlkn-0 dist__TextBase-sc-1fnzlkn-3 CGHCP htMUPQ article-text\">O canal de TV ucraniano 1+1 publicou uma reportagem em v\u00eddeo na quarta-feira que dizia ser de Sudzha, uma cidade russa a cerca de 10 quil\u00f4metros (6 milhas) da fronteira.<\/p>\n<p class=\"dist__Box-sc-1fnzlkn-0 dist__TextBase-sc-1fnzlkn-3 CGHCP htMUPQ article-text\">O relat\u00f3rio mostrou colunas militares russas queimadas em estradas da \u00e1rea, bem como soldados ucranianos entregando ajuda humanit\u00e1ria a moradores locais e retirando bandeiras russas de um pr\u00e9dio administrativo.<\/p>\n<p class=\"dist__Box-sc-1fnzlkn-0 dist__TextBase-sc-1fnzlkn-3 CGHCP htMUPQ article-text\">O problema da R\u00fassia \u00e9 se deve retirar tropas da linha de frente na regi\u00e3o de Donetsk, na Ucr\u00e2nia, onde conseguir um avan\u00e7o \u00e9 atualmente o principal objetivo de guerra do Kremlin, para defender Kursk e impedir que a incurs\u00e3o se agrave.<\/p>\n<p class=\"dist__Box-sc-1fnzlkn-0 dist__TextBase-sc-1fnzlkn-3 CGHCP htMUPQ article-text\">O presidente dos EUA, Joe Biden, disse na ter\u00e7a-feira que os desenvolvimentos na R\u00fassia est\u00e3o \u201ccriando um dilema real\u201d para o presidente russo, Vladimir Putin. Biden se recusou a comentar mais sobre a opera\u00e7\u00e3o ultrassecreta at\u00e9 que ela termine.<\/p>\n<p class=\"dist__Box-sc-1fnzlkn-0 dist__TextBase-sc-1fnzlkn-3 CGHCP htMUPQ article-text\">O Instituto para o Estudo da Guerra, um centro de estudos de Washington, disse que \u00e9 improv\u00e1vel que a incurs\u00e3o altere a din\u00e2mica da guerra.<\/p>\n<p class=\"dist__Box-sc-1fnzlkn-0 dist__TextBase-sc-1fnzlkn-3 CGHCP htMUPQ article-text\">\u201cAs autoridades russas provavelmente permanecer\u00e3o extremamente avessas a retirar unidades militares russas envolvidas em combate de (Donetsk) e provavelmente continuar\u00e3o a enviar um n\u00famero limitado de for\u00e7as irregulares para Kursk&#8230; devido a preocupa\u00e7\u00f5es sobre a redu\u00e7\u00e3o ainda maior do ritmo das opera\u00e7\u00f5es russas nessas dire\u00e7\u00f5es de maior prioridade\u201d, disse na ter\u00e7a-feira \u00e0 noite.<\/p>\n<p class=\"dist__Box-sc-1fnzlkn-0 dist__TextBase-sc-1fnzlkn-3 CGHCP htMUPQ article-text\">A opera\u00e7\u00e3o causou pelo menos constrangimento ao Kremlin, enquanto os civis russos se recuperam do ataque.<\/p>\n<p class=\"dist__Box-sc-1fnzlkn-0 dist__TextBase-sc-1fnzlkn-3 CGHCP htMUPQ article-text\">Uma mulher em Belgorod disse \u00e0 Associated Press na ter\u00e7a-feira que o bombardeio ucraniano foi mais intenso por cerca de 10 dias at\u00e9 segunda-feira, quando foi seguido por uma calmaria.<\/p>\n<p class=\"dist__Box-sc-1fnzlkn-0 dist__TextBase-sc-1fnzlkn-3 CGHCP htMUPQ article-text\">O n\u00famero de pessoas em Belgorod que apoiaram abertamente a guerra diminuiu ap\u00f3s a intensifica\u00e7\u00e3o dos ataques ucranianos, disse a mulher \u00e0 AP, falando sob condi\u00e7\u00e3o de anonimato por quest\u00f5es de seguran\u00e7a.<\/p>\n<p class=\"dist__Box-sc-1fnzlkn-0 dist__TextBase-sc-1fnzlkn-3 CGHCP htMUPQ article-text\">\u201cQuando as explos\u00f5es come\u00e7aram perto da cidade, quando as pessoas estavam morrendo e quando tudo isso come\u00e7ou a acontecer diante dos nossos olhos&#8230; e quando afetou as pessoas pessoalmente, elas pararam pelo menos de apoiar abertamente\u201d a guerra, disse a mulher.<\/p>\n<p class=\"dist__Box-sc-1fnzlkn-0 dist__TextBase-sc-1fnzlkn-3 CGHCP htMUPQ article-text\">O presidente ucraniano, Volodymyr Zelenskyy, indicou que a opera\u00e7\u00e3o em Kursk tamb\u00e9m tem como objetivo levantar o \u00e2nimo do pa\u00eds ap\u00f3s 900 dias de guerra e reunir as pessoas fazendo uma declara\u00e7\u00e3o enf\u00e1tica sobre as capacidades militares da Ucr\u00e2nia.<\/p>\n<p class=\"dist__Box-sc-1fnzlkn-0 dist__TextBase-sc-1fnzlkn-3 CGHCP htMUPQ article-text\">\u201cAgora, todos n\u00f3s na Ucr\u00e2nia devemos agir de forma t\u00e3o unida e eficiente quanto fizemos nas primeiras semanas e meses desta guerra, quando a Ucr\u00e2nia tomou a iniciativa e come\u00e7ou a transformar a situa\u00e7\u00e3o em benef\u00edcio do nosso estado\u201d, disse Zelenskyy em seu discurso noturno na ter\u00e7a-feira.<\/p>\n<p class=\"dist__Box-sc-1fnzlkn-0 dist__TextBase-sc-1fnzlkn-3 CGHCP htMUPQ article-text\">\u201cAgora fizemos exatamente a mesma coisa \u2014 provamos mais uma vez que n\u00f3s, ucranianos, somos capazes de atingir nossos objetivos em qualquer situa\u00e7\u00e3o \u2014 capazes de defender nossos interesses e nossa independ\u00eancia\u201d, disse ele.<\/p>\n<p class=\"dist__Box-sc-1fnzlkn-0 dist__TextBase-sc-1fnzlkn-3 CGHCP htMUPQ article-text\">O Minist\u00e9rio da Defesa da R\u00fassia disse na quarta-feira que destruiu 117 drones ucranianos e quatro m\u00edsseis em oito de suas regi\u00f5es durante a noite.<\/p>\n<p class=\"dist__Box-sc-1fnzlkn-0 dist__TextBase-sc-1fnzlkn-3 CGHCP htMUPQ article-text\">___<\/p>\n<p class=\"dist__Box-sc-1fnzlkn-0 dist__TextBase-sc-1fnzlkn-3 CGHCP htMUPQ article-text\">Burrows relatou de Londres. Barry Hatton em Lisboa, Portugal, contribuiu para esta reportagem.<\/p>\n<p class=\"dist__Box-sc-1fnzlkn-0 dist__TextBase-sc-1fnzlkn-3 CGHCP htMUPQ article-text\">___<\/p>\n<p class=\"dist__Box-sc-1fnzlkn-0 dist__TextBase-sc-1fnzlkn-3 CGHCP htMUPQ article-text\">Siga a cobertura da AP sobre a guerra na Ucr\u00e2nia em <a href=\"https:\/\/apnews.com\/hub\/russia-ukraine\">https:\/\/apnews.com\/hub\/russia-ukraine<\/a><\/p>\n<\/div>\n<p>Copyright 2024 The Associated Press. Todos os direitos reservados. Este material n\u00e3o pode ser publicado, transmitido, reescrito ou redistribu\u00eddo sem permiss\u00e3o.<\/p>\n<p><br \/>\n<br \/><a href=\"https:\/\/www.clickorlando.com\/news\/world\/2024\/08\/14\/a-second-russian-border-region-declares-an-emergency-as-ukrainian-forces-press-their-incursion\/\">Source link <\/a><\/p>","protected":false},"excerpt":{"rendered":"<p>Kyiv \u2013 A regi\u00e3o fronteiri\u00e7a de Belgorod, na R\u00fassia, declarou estado de emerg\u00eancia na quarta-feira, sob pesados \u200b\u200bbombardeios das for\u00e7as ucranianas, que est\u00e3o realizando uma grande incurs\u00e3o transfronteiri\u00e7a na regi\u00e3o&hellip;<\/p>","protected":false},"author":1,"featured_media":24256,"comment_status":"closed","ping_status":"open","sticky":false,"template":"","format":"standard","meta":{"content-type":"","footnotes":""},"categories":[1],"tags":[1419],"class_list":["post-24255","post","type-post","status-publish","format-standard","has-post-thumbnail","hentry","category-uncategorized","tag-noticias-do-mundo"],"_links":{"self":[{"href":"https:\/\/tvbrazilusa.com\/pt\/wp-json\/wp\/v2\/posts\/24255","targetHints":{"allow":["GET"]}}],"collection":[{"href":"https:\/\/tvbrazilusa.com\/pt\/wp-json\/wp\/v2\/posts"}],"about":[{"href":"https:\/\/tvbrazilusa.com\/pt\/wp-json\/wp\/v2\/types\/post"}],"author":[{"embeddable":true,"href":"https:\/\/tvbrazilusa.com\/pt\/wp-json\/wp\/v2\/users\/1"}],"replies":[{"embeddable":true,"href":"https:\/\/tvbrazilusa.com\/pt\/wp-json\/wp\/v2\/comments?post=24255"}],"version-history":[{"count":1,"href":"https:\/\/tvbrazilusa.com\/pt\/wp-json\/wp\/v2\/posts\/24255\/revisions"}],"predecessor-version":[{"id":24257,"href":"https:\/\/tvbrazilusa.com\/pt\/wp-json\/wp\/v2\/posts\/24255\/revisions\/24257"}],"wp:featuredmedia":[{"embeddable":true,"href":"https:\/\/tvbrazilusa.com\/pt\/wp-json\/wp\/v2\/media\/24256"}],"wp:attachment":[{"href":"https:\/\/tvbrazilusa.com\/pt\/wp-json\/wp\/v2\/media?parent=24255"}],"wp:term":[{"taxonomy":"category","embeddable":true,"href":"https:\/\/tvbrazilusa.com\/pt\/wp-json\/wp\/v2\/categories?post=24255"},{"taxonomy":"post_tag","embeddable":true,"href":"https:\/\/tvbrazilusa.com\/pt\/wp-json\/wp\/v2\/tags?post=24255"}],"curies":[{"name":"wp","href":"https:\/\/api.w.org\/{rel}","templated":true}]}}