{"id":24297,"date":"2024-08-14T11:57:41","date_gmt":"2024-08-14T11:57:41","guid":{"rendered":"https:\/\/tvbrazilusa.com\/2024\/08\/14\/energia-roubada-furto-cresce-20-e-alcanca-recorde-veja-o-ranking-nacional\/"},"modified":"2024-08-14T11:58:59","modified_gmt":"2024-08-14T11:58:59","slug":"energia-roubada-furto-cresce-20-e-alcanca-recorde-veja-o-ranking-nacional","status":"publish","type":"post","link":"https:\/\/tvbrazilusa.com\/pt\/2024\/08\/14\/energia-roubada-furto-cresce-20-e-alcanca-recorde-veja-o-ranking-nacional\/","title":{"rendered":"Energia roubada: Furto cresce 20% e alcan\u00e7a recorde \u2013 Veja o ranking nacional"},"content":{"rendered":"<p> <script async src=\"https:\/\/pagead2.googlesyndication.com\/pagead\/js\/adsbygoogle.js?client=ca-pub-8864793242727901\"\r\n     crossorigin=\"anonymous\"><\/script><br \/>\n<\/p>\n<div>\n<p><em>Foto: Reprodu\u00e7\u00e3o<\/em><\/p>\n<p>Em 2023, o Brasil registrou um aumento sem precedentes no furto de energia el\u00e9trica. As \u201cperdas n\u00e3o t\u00e9cnicas\u201d, tamb\u00e9m conhecidas como \u201cgatos\u201d, cresceram 20% em rela\u00e7\u00e3o ao ano anterior, alcan\u00e7ando 40,8 TWh (terawatts por hora), superando os 34,2 TWh de 2022. As informa\u00e7\u00f5es s\u00e3o do Poder 360.<\/p>\n<p>Nos \u00faltimos 15 anos, o total acumulado de energia furtada ultrapassou 500 TWh (ou 500 milh\u00f5es de MWh), segundo dados compilados pela Abradee (Associa\u00e7\u00e3o Brasileira de Distribuidores de Energia El\u00e9trica) com base em informa\u00e7\u00f5es da Aneel (Ag\u00eancia Nacional de Energia El\u00e9trica).<\/p>\n<p>Este cen\u00e1rio repercute diretamente nas tarifas de energia dos consumidores, pois esses delitos elevam os custos, resultando em tarifas mais altas.<\/p>\n<p>O impacto financeiro, considerando apenas os custos de aquisi\u00e7\u00e3o de energia, \u00e9 estimado em R$ 10,1 bilh\u00f5es. Esse valor \u00e9 calculado com base no custo m\u00e9dio de aquisi\u00e7\u00e3o de energia pelas distribuidoras em 2023, que foi de R$ 249 bilh\u00f5es, multiplicado pelo volume de energia perdida, de 40,8 TWh.<\/p>\n<p><strong>Mais do que Belo Monte<\/strong> <\/p>\n<p>A energia furtada excede a produ\u00e7\u00e3o da usina hidrel\u00e9trica de Belo Monte, no Par\u00e1, a segunda maior do Brasil.<\/p>\n<p>A usina, situada no rio Xingu, tem capacidade para gerar 11.233 MW, mas sua m\u00e9dia de gera\u00e7\u00e3o f\u00edsica garantida \u00e9 de 4.418 MW. Em contraste, os furtos correspondem a uma m\u00e9dia de 4.655 MW.<\/p>\n<p>Essa \u201cusina gato\u201d tamb\u00e9m representa 60% da energia el\u00e9trica fornecida pela usina de Itaipu ao mercado brasileiro.<\/p>\n<p><strong>Problema de Seguran\u00e7a P\u00fablica<\/strong> <\/p>\n<p>De acordo com a Abradee, a quest\u00e3o ultrapassou a capacidade de controle das distribuidoras de energia: t\u00e9cnicos enfrentam dificuldades para acessar \u00e1reas sem presen\u00e7a policial, como as controladas pelo tr\u00e1fico e mil\u00edcias, tornando-se um problema de seguran\u00e7a p\u00fablica.<\/p>\n<p>O furto de energia \u00e9 um crime, conforme o artigo 155 do C\u00f3digo Penal, com pena de 1 a 4 anos de reclus\u00e3o. A pr\u00e1tica, al\u00e9m de elevar as tarifas de energia, \u201cprovoca risco de acidentes e inc\u00eandios e compromete investimentos e sustentabilidade de empresas do setor\u201d.<\/p>\n<p>Isso tamb\u00e9m dificulta a leitura dos medidores de consumo residencial pelas distribuidoras, criando obst\u00e1culos para a cobran\u00e7a de consumidores que pagam pela energia, mas residem em \u00e1reas de acesso perigoso.<\/p>\n<p>Uma poss\u00edvel solu\u00e7\u00e3o para este problema est\u00e1 sendo considerada pelo Minist\u00e9rio de Minas e Energia. A proposta \u00e9 estabelecer uma tarifa fixa, definida pela Aneel, para \u00e1reas de dif\u00edcil acesso.<\/p>\n<p>Essa medida faz parte de um projeto de decreto enviado \u00e0 Casa Civil para renova\u00e7\u00e3o das concess\u00f5es das distribuidoras, visando auxiliar as empresas e incentivar a redu\u00e7\u00e3o dos \u201cgatos\u201d.<\/p>\n<p><strong>\u00cdndice Acima da Meta<\/strong> <\/p>\n<p>Anualmente, a Aneel estabelece uma meta para o \u00edndice de perda n\u00e3o t\u00e9cnica de cada concess\u00e3o. No entanto, o \u00edndice real de furto tem se distanciado cada vez mais do limite regulat\u00f3rio.<\/p>\n<p>Em 2023, o furto correspondeu a 16,9% da energia efetivamente fornecida e faturada no pa\u00eds, enquanto a meta era de 10,6%.<\/p>\n<p>O limite regulat\u00f3rio varia por Estado e \u00e9 avaliado pela Aneel durante os processos de revis\u00e3o tarif\u00e1ria das empresas. Se a perda real superar a meta regulat\u00f3ria, a distribuidora n\u00e3o pode repassar integralmente os custos dos \u201cgatos\u201d aos consumidores, limitando-se ao custo equivalente ao limite regulat\u00f3rio.<\/p>\n<p>O \u00edndice \u00e9 calculado pela rela\u00e7\u00e3o entre o total de energia furtada e o total entregue aos consumidores de baixa tens\u00e3o que est\u00e3o em dia com suas contas.<\/p>\n<p><strong>Impacto por Regi\u00e3o e Estado<\/strong> <\/p>\n<p>A regi\u00e3o Norte \u00e9 a mais afetada pelos furtos, com 46,2% de perdas em seu mercado de baixa tens\u00e3o, seguida pela regi\u00e3o Sudeste, com 18,8% \u2013 que, em termos de volume, \u00e9 mais significativo.<\/p>\n<p>Devido ao maior consumo de energia, os furtos no Sudeste t\u00eam maior impacto no sistema el\u00e9trico. Em 2023, as perdas nesta regi\u00e3o totalizaram 20 TWh, representando a maior quantidade de energia perdida, apesar de n\u00e3o ter a maior taxa de furto.<\/p>\n<p>No ranking por Estado, o Amazonas mant\u00e9m a lideran\u00e7a em taxa de perdas, com o total furtado superando o mercado de baixa tens\u00e3o da distribuidora local.<\/p>\n<p>O Amap\u00e1 ocupa a segunda posi\u00e7\u00e3o, seguido pelo Rio de Janeiro em terceiro lugar.<\/p>\n<figure class=\"wp-block-image size-full\"><picture decoding=\"async\" class=\"wp-image-139405\"><source type=\"image\/webp\" srcset=\"https:\/\/terrabrasilnoticias.com\/wp-content\/uploads\/2024\/06\/image-63.png.webp 513w, https:\/\/terrabrasilnoticias.com\/wp-content\/uploads\/2024\/06\/image-63-169x300.png.webp 169w\" sizes=\"(max-width: 513px) 100vw, 513px\"\/><\/picture>\n<\/figure>\n<\/p><\/div>\n<p><br \/>\n<br \/><a href=\"https:\/\/terrabrasilnoticias.com\/2024\/08\/furto-de-energia-cresce-20-e-bate-recorde-veja-ranking-dos-estados\/\">Source link <\/a><\/p>","protected":false},"excerpt":{"rendered":"<p>Foto: Reprodu\u00e7\u00e3o Em 2023, o Brasil registrou um aumento sem precedentes no furto de energia el\u00e9trica. As \u201cperdas n\u00e3o t\u00e9cnicas\u201d, tamb\u00e9m conhecidas como \u201cgatos\u201d, cresceram 20% em rela\u00e7\u00e3o ao ano&hellip;<\/p>","protected":false},"author":1,"featured_media":24298,"comment_status":"closed","ping_status":"open","sticky":false,"template":"","format":"standard","meta":{"content-type":"","footnotes":""},"categories":[16],"tags":[],"class_list":["post-24297","post","type-post","status-publish","format-standard","has-post-thumbnail","hentry","category-noticias"],"_links":{"self":[{"href":"https:\/\/tvbrazilusa.com\/pt\/wp-json\/wp\/v2\/posts\/24297","targetHints":{"allow":["GET"]}}],"collection":[{"href":"https:\/\/tvbrazilusa.com\/pt\/wp-json\/wp\/v2\/posts"}],"about":[{"href":"https:\/\/tvbrazilusa.com\/pt\/wp-json\/wp\/v2\/types\/post"}],"author":[{"embeddable":true,"href":"https:\/\/tvbrazilusa.com\/pt\/wp-json\/wp\/v2\/users\/1"}],"replies":[{"embeddable":true,"href":"https:\/\/tvbrazilusa.com\/pt\/wp-json\/wp\/v2\/comments?post=24297"}],"version-history":[{"count":1,"href":"https:\/\/tvbrazilusa.com\/pt\/wp-json\/wp\/v2\/posts\/24297\/revisions"}],"predecessor-version":[{"id":24299,"href":"https:\/\/tvbrazilusa.com\/pt\/wp-json\/wp\/v2\/posts\/24297\/revisions\/24299"}],"wp:featuredmedia":[{"embeddable":true,"href":"https:\/\/tvbrazilusa.com\/pt\/wp-json\/wp\/v2\/media\/24298"}],"wp:attachment":[{"href":"https:\/\/tvbrazilusa.com\/pt\/wp-json\/wp\/v2\/media?parent=24297"}],"wp:term":[{"taxonomy":"category","embeddable":true,"href":"https:\/\/tvbrazilusa.com\/pt\/wp-json\/wp\/v2\/categories?post=24297"},{"taxonomy":"post_tag","embeddable":true,"href":"https:\/\/tvbrazilusa.com\/pt\/wp-json\/wp\/v2\/tags?post=24297"}],"curies":[{"name":"wp","href":"https:\/\/api.w.org\/{rel}","templated":true}]}}