{"id":24454,"date":"2024-08-14T14:42:18","date_gmt":"2024-08-14T14:42:18","guid":{"rendered":"https:\/\/tvbrazilusa.com\/2024\/08\/14\/presidente-do-mexico-suspende-conversas-com-lula-e-petro-sobre-venezuela-paulo-figueiredo\/"},"modified":"2024-08-14T15:36:31","modified_gmt":"2024-08-14T15:36:31","slug":"presidente-do-mexico-suspende-conversas-com-lula-e-petro-sobre-venezuela-paulo-figueiredo","status":"publish","type":"post","link":"https:\/\/tvbrazilusa.com\/pt\/2024\/08\/14\/presidente-do-mexico-suspende-conversas-com-lula-e-petro-sobre-venezuela-paulo-figueiredo\/","title":{"rendered":"Presidente do M\u00e9xico suspende conversas com Lula e Petro sobre Venezuela &#8211; Paulo Figueiredo"},"content":{"rendered":"<p> <script async src=\"https:\/\/pagead2.googlesyndication.com\/pagead\/js\/adsbygoogle.js?client=ca-pub-8864793242727901\"\r\n     crossorigin=\"anonymous\"><\/script><br \/>\n<\/p>\n<div id=\"wtr-content\" data-bg=\"#FFFFFF\" data-fg=\"#006d91\" data-width=\"25\" data-mute=\"1\" data-fgopacity=\"1.00\" data-mutedopacity=\"0.5\" data-placement=\"bottom\" data-placement-offset=\"0\" data-content-offset=\"262\" data-placement-touch=\"bottom\" data-placement-offset-touch=\"0\" data-transparent=\"\" data-shadow=\"0\" data-touch=\"1\" data-non-touch=\"1\" data-comments=\"0\" data-commentsbg=\"transparent\" data-location=\"page\" data-mutedfg=\"#006d91\" data-endfg=\"#006d91\" data-rtl=\"\">\n<pre class=\"wp-block-preformatted has-small-font-size\">Foto - REUTERS\/Henry Romero<\/pre>\n<p>O presidente do M\u00e9xico, Andr\u00e9s Manuel L\u00f3pez Obrador, anunciou nesta ter\u00e7a-feira (13) que suspendeu o di\u00e1logo com seus hom\u00f3logos do Brasil, Luiz In\u00e1cio Lula da Silva, e da Col\u00f4mbia, Gustavo Petro, sobre a crise p\u00f3s-eleitoral na Venezuela.<\/p>\n<p>Em coletiva de imprensa na Cidade do M\u00e9xico, Obrador foi perguntado se conversaria novamente com Petro e Lula sobre a quest\u00e3o venezuelana e descartou por ora essa hip\u00f3tese.<\/p>\n<p>\u201cAgora n\u00e3o, agora n\u00e3o, porque vamos esperar a decis\u00e3o do tribunal eleitoral, porque ainda est\u00e1 em tramita\u00e7\u00e3o. Acho que na sexta-feira desta semana v\u00e3o decidir sobre as atas e os resultados, ent\u00e3o, vamos esperar\u201d, disse o mandat\u00e1rio mexicano.<\/p>\n<p>Os tr\u00eas presidentes de esquerda\u00a0vinham cobrando que o Conselho Nacional Eleitoral (CNE) da Venezuela divulgasse as atas de vota\u00e7\u00e3o\u00a0da elei\u00e7\u00e3o presidencial de 28 de julho.<\/p>\n<p>O \u00f3rg\u00e3o eleitoral, dominado pelo chavismo, alega que o ditador Nicol\u00e1s Maduro venceu a elei\u00e7\u00e3o presidencial, mas n\u00e3o apresentou as atas que comprovariam isso.<\/p>\n<p>A oposi\u00e7\u00e3o disponibilizou num site c\u00f3pias de mais de 80% das atas, que atestam que seu candidato, Edmundo Gonz\u00e1lez, venceu a elei\u00e7\u00e3o.<\/p>\n<p>O Tribunal Supremo de Justi\u00e7a (TSJ) da Venezuela vai revisar o resultado, mas n\u00e3o se espera uma decis\u00e3o imparcial, porque a corte tamb\u00e9m \u00e9 controlada pela ditadura de Maduro.<\/p>\n<p>Obrador, Lula e Petro\u00a0foram criticados pela ONG Human Rights Watch\u00a0pela sua postura de que a divulga\u00e7\u00e3o das atas eleitorais pelo CNE seria a solu\u00e7\u00e3o para a crise.<\/p>\n<p>Tamara Taraciuk Broner, diretora interina da HRW, disse que os tr\u00eas presidentes devem parar de usar \u201ceufemismos\u201d sobre a Venezuela e falar com clareza que Maduro \u201croubou\u201d a elei\u00e7\u00e3o presidencial.<\/p>\n<p><strong><a href=\"https:\/\/www.gazetadopovo.com.br\/mundo\/presidente-mexico-suspende-conversas-lula-petro-venezuela\/\">Source link<\/a><\/strong><\/p>\n<\/div>\n<p><br \/>\n<br \/><a href=\"https:\/\/paulofigueiredoshow.com\/presidente-do-mexico-suspende-conversas-com-lula-e-petro-sobre-venezuela\/\">Source link <\/a><\/p>","protected":false},"excerpt":{"rendered":"<p>Foto &#8211; REUTERS\/Henry Romero O presidente do M\u00e9xico, Andr\u00e9s Manuel L\u00f3pez Obrador, anunciou nesta ter\u00e7a-feira (13) que suspendeu o di\u00e1logo com seus hom\u00f3logos do Brasil, Luiz In\u00e1cio Lula da Silva,&hellip;<\/p>","protected":false},"author":1,"featured_media":24455,"comment_status":"closed","ping_status":"open","sticky":false,"template":"","format":"standard","meta":{"content-type":"","footnotes":""},"categories":[16],"tags":[11512,123,2114,1100,5607,5894,1101],"class_list":["post-24454","post","type-post","status-publish","format-standard","has-post-thumbnail","hentry","category-noticias","tag-abrador","tag-brasil","tag-colombia","tag-ditador","tag-mexico","tag-suspende","tag-venezuela"],"_links":{"self":[{"href":"https:\/\/tvbrazilusa.com\/pt\/wp-json\/wp\/v2\/posts\/24454","targetHints":{"allow":["GET"]}}],"collection":[{"href":"https:\/\/tvbrazilusa.com\/pt\/wp-json\/wp\/v2\/posts"}],"about":[{"href":"https:\/\/tvbrazilusa.com\/pt\/wp-json\/wp\/v2\/types\/post"}],"author":[{"embeddable":true,"href":"https:\/\/tvbrazilusa.com\/pt\/wp-json\/wp\/v2\/users\/1"}],"replies":[{"embeddable":true,"href":"https:\/\/tvbrazilusa.com\/pt\/wp-json\/wp\/v2\/comments?post=24454"}],"version-history":[{"count":1,"href":"https:\/\/tvbrazilusa.com\/pt\/wp-json\/wp\/v2\/posts\/24454\/revisions"}],"predecessor-version":[{"id":24456,"href":"https:\/\/tvbrazilusa.com\/pt\/wp-json\/wp\/v2\/posts\/24454\/revisions\/24456"}],"wp:featuredmedia":[{"embeddable":true,"href":"https:\/\/tvbrazilusa.com\/pt\/wp-json\/wp\/v2\/media\/24455"}],"wp:attachment":[{"href":"https:\/\/tvbrazilusa.com\/pt\/wp-json\/wp\/v2\/media?parent=24454"}],"wp:term":[{"taxonomy":"category","embeddable":true,"href":"https:\/\/tvbrazilusa.com\/pt\/wp-json\/wp\/v2\/categories?post=24454"},{"taxonomy":"post_tag","embeddable":true,"href":"https:\/\/tvbrazilusa.com\/pt\/wp-json\/wp\/v2\/tags?post=24454"}],"curies":[{"name":"wp","href":"https:\/\/api.w.org\/{rel}","templated":true}]}}