{"id":24488,"date":"2024-08-14T16:23:04","date_gmt":"2024-08-14T16:23:04","guid":{"rendered":"https:\/\/tvbrazilusa.com\/2024\/08\/14\/presidente-do-mexico-enviara-nota-diplomatica-sobre-financiamento-dos-eua-para-ong-mexicana-anticorrupcao\/"},"modified":"2024-08-14T16:35:10","modified_gmt":"2024-08-14T16:35:10","slug":"presidente-do-mexico-enviara-nota-diplomatica-sobre-financiamento-dos-eua-para-ong-mexicana-anticorrupcao","status":"publish","type":"post","link":"https:\/\/tvbrazilusa.com\/pt\/2024\/08\/14\/presidente-do-mexico-enviara-nota-diplomatica-sobre-financiamento-dos-eua-para-ong-mexicana-anticorrupcao\/","title":{"rendered":"Presidente do M\u00e9xico enviar\u00e1 nota diplom\u00e1tica sobre financiamento dos EUA para ONG mexicana anticorrup\u00e7\u00e3o"},"content":{"rendered":"<script async src=\"https:\/\/pagead2.googlesyndication.com\/pagead\/js\/adsbygoogle.js?client=ca-pub-8864793242727901\"\r\n     crossorigin=\"anonymous\"><\/script>\n<div id=\"\">\n<p class=\"dist__Box-sc-1fnzlkn-0 dist__TextBase-sc-1fnzlkn-3 CGHCP htMUPQ article-text\"><strong>CIDADE DO M\u00c9XICO<\/strong> \u2013 O presidente do M\u00e9xico criticou o financiamento dos EUA para um grupo mexicano anticorrup\u00e7\u00e3o sem fins lucrativos na quarta-feira e disse que enviar\u00e1 <a href=\"https:\/\/apnews.com\/article\/mexico-united-states-funding-organizations-098797034e179df1f42bedb9a8e7b682\">uma nota diplom\u00e1tica ao governo dos EUA em protesto<\/a>.<\/p>\n<p class=\"dist__Box-sc-1fnzlkn-0 dist__TextBase-sc-1fnzlkn-3 CGHCP htMUPQ article-text\">Presidente <a href=\"https:\/\/apnews.com\/hub\/andres-manuel-lopez-obrador\">Andr\u00e9s Manuel L\u00f3pez Obrador<\/a> alegou que o grupo faz parte da oposi\u00e7\u00e3o conservadora e n\u00e3o deveria receber financiamento estrangeiro ou contribui\u00e7\u00f5es dedut\u00edveis de impostos. Ele publicou informa\u00e7\u00f5es financeiras detalhadas sobre o grupo e prometeu enviar um projeto de lei ao Congresso para mudar as regras sobre contribui\u00e7\u00f5es dedut\u00edveis de impostos.<\/p>\n<p class=\"dist__Box-sc-1fnzlkn-0 dist__TextBase-sc-1fnzlkn-3 CGHCP htMUPQ article-text\">\u201cAcho que h\u00e1 uma interven\u00e7\u00e3o aberta do governo dos EUA nos assuntos soberanos do M\u00e9xico\u201d, disse L\u00f3pez Obrador. Ele enviou uma nota de protesto semelhante em 2021, sem resultado aparente. O Departamento de Estado dos EUA geralmente n\u00e3o comenta correspond\u00eancia diplom\u00e1tica.<\/p>\n<p class=\"dist__Box-sc-1fnzlkn-0 dist__TextBase-sc-1fnzlkn-3 CGHCP htMUPQ article-text\">De acordo com documentos apresentados na entrevista coletiva matinal do presidente, uma pequena quantia de financiamento para o grupo \u2014 cerca de US$ 685.000 \u2014 veio de funda\u00e7\u00f5es de caridade dos EUA nos \u00faltimos oito anos.<\/p>\n<p class=\"dist__Box-sc-1fnzlkn-0 dist__TextBase-sc-1fnzlkn-3 CGHCP htMUPQ article-text\">Uma parcela maior \u2014 cerca de US$ 5 milh\u00f5es nos \u00faltimos anos \u2014 supostamente veio da Ag\u00eancia dos Estados Unidos para o Desenvolvimento Internacional, que \u00e9 administrada pelo Departamento de Estado.<\/p>\n<p class=\"dist__Box-sc-1fnzlkn-0 dist__TextBase-sc-1fnzlkn-3 CGHCP htMUPQ article-text\">L\u00f3pez Obrador reclama do financiamento h\u00e1 anos e disse que tamb\u00e9m escreveria uma carta ao presidente dos EUA, Joe Biden. \u201cTenho certeza de que ele n\u00e3o foi informado sobre essa situa\u00e7\u00e3o\u201d, disse o presidente mexicano. Mas L\u00f3pez Obrador j\u00e1 enviou uma carta semelhante a Biden em 2023.<\/p>\n<p class=\"dist__Box-sc-1fnzlkn-0 dist__TextBase-sc-1fnzlkn-3 CGHCP htMUPQ article-text\">L\u00f3pez Obrador disse que tamb\u00e9m pedir\u00e1 aos promotores e autoridades fiscais que investiguem as doa\u00e7\u00f5es.<\/p>\n<p class=\"dist__Box-sc-1fnzlkn-0 dist__TextBase-sc-1fnzlkn-3 CGHCP htMUPQ article-text\">O grupo, Mexicanos Contra a Corrup\u00e7\u00e3o e a Impunidade, nega que seja aliado a qualquer partido pol\u00edtico. O grupo monitora gastos e programas governamentais para abusos. Foi fundado tr\u00eas anos antes de L\u00f3pez Obrador assumir o cargo e criticou governos anteriores e outros partidos.<\/p>\n<p class=\"dist__Box-sc-1fnzlkn-0 dist__TextBase-sc-1fnzlkn-3 CGHCP htMUPQ article-text\">A organiza\u00e7\u00e3o emitiu relat\u00f3rios cr\u00edticos sobre algumas das principais iniciativas de L\u00f3pez Obrador, incluindo o cancelamento de um aeroporto parcialmente constru\u00eddo na Cidade do M\u00e9xico e a constru\u00e7\u00e3o de um <a href=\"https:\/\/apnews.com\/article\/mexico-maya-train-tourists-yucatan-low-ridership-c83f1d50792453d4a06d03932f09548d\">trem tur\u00edstico caro pela Pen\u00ednsula de Yucat\u00e1n<\/a>.<\/p>\n<p class=\"dist__Box-sc-1fnzlkn-0 dist__TextBase-sc-1fnzlkn-3 CGHCP htMUPQ article-text\">O fundador do grupo, Claudio X. Gonz\u00e1lez, apoiou abertamente candidatos da oposi\u00e7\u00e3o no passado.<\/p>\n<p class=\"dist__Box-sc-1fnzlkn-0 dist__TextBase-sc-1fnzlkn-3 CGHCP htMUPQ article-text\">A USAID frequentemente apoia grupos da sociedade civil, geralmente relacionados a direitos humanos ou promo\u00e7\u00e3o da democracia, em muitos pa\u00edses. Em algumas na\u00e7\u00f5es, tais grupos \u00e0s vezes entram em conflito com governos locais.<\/p>\n<p class=\"dist__Box-sc-1fnzlkn-0 dist__TextBase-sc-1fnzlkn-3 CGHCP htMUPQ article-text\">Embora L\u00f3pez Obrador tenha dito que as dedu\u00e7\u00f5es fiscais para a contribui\u00e7\u00e3o do grupo constitu\u00edam um uso partid\u00e1rio indevido de fundos governamentais, ele usou abertamente esta\u00e7\u00f5es de televis\u00e3o governamentais financiadas pelos contribuintes para apoiar o partido no poder.<\/p>\n<p class=\"dist__Box-sc-1fnzlkn-0 dist__TextBase-sc-1fnzlkn-3 CGHCP htMUPQ article-text\">Presidente do M\u00e9xico <a href=\"https:\/\/apnews.com\/article\/business-mexico-173f71b963048e6c6e67cb0ab17bf13a\">h\u00e1 muito tempo discute com jornalistas<\/a>c\u00edvico e <a href=\"https:\/\/apnews.com\/general-news-e4d915c7429192ade141db96e63b87ec\">grupos ambientais<\/a> que criticaram sua administra\u00e7\u00e3o e usaram informa\u00e7\u00f5es fiscais e banc\u00e1rias confidenciais para criticar seu financiamento e sal\u00e1rios. <\/p>\n<p class=\"dist__Box-sc-1fnzlkn-0 dist__TextBase-sc-1fnzlkn-3 CGHCP htMUPQ article-text\">L\u00f3pez Obrador \u00e9 o mais novo l\u00edder na Am\u00e9rica Latina e no mundo a se manifestar contra o financiamento externo para organiza\u00e7\u00f5es n\u00e3o governamentais.<\/p>\n<p class=\"dist__Box-sc-1fnzlkn-0 dist__TextBase-sc-1fnzlkn-3 CGHCP htMUPQ article-text\">Em 2013, o ent\u00e3o presidente da Bol\u00edvia, Evo Morales <a href=\"https:\/\/apnews.com\/general-news-82e3f8e5337d4ba58f6280f0e0745b92\">expulsou a USAID do seu pa\u00eds<\/a>alegando que estava trabalhando para minar seu governo.<\/p>\n<p class=\"dist__Box-sc-1fnzlkn-0 dist__TextBase-sc-1fnzlkn-3 CGHCP htMUPQ article-text\">Nos \u00faltimos anos, o governo da Nicar\u00e1gua aprovou uma s\u00e9rie de leis que dificultam a opera\u00e7\u00e3o de organiza\u00e7\u00f5es n\u00e3o governamentais e <a href=\"https:\/\/apnews.com\/article\/nicaragua-crackdown-scouts-daniel-ortega-ceb7679bad9155e5f69d6cf34e16d606\">em alguns casos apreenderam seus escrit\u00f3rios<\/a>.<\/p>\n<\/div>\n<p>Copyright 2024 The Associated Press. Todos os direitos reservados. Este material n\u00e3o pode ser publicado, transmitido, reescrito ou redistribu\u00eddo sem permiss\u00e3o.<\/p>\n<p><br \/>\n<br \/><a href=\"https:\/\/www.clickorlando.com\/news\/world\/2024\/08\/14\/mexicos-president-to-send-diplomatic-note-over-us-funding-for-a-mexican-anti-corruption-ngo\/\">Source link <\/a><\/p>","protected":false},"excerpt":{"rendered":"<p>CIDADE DO M\u00c9XICO \u2013 O presidente do M\u00e9xico criticou o financiamento dos EUA para um grupo mexicano anticorrup\u00e7\u00e3o sem fins lucrativos na quarta-feira e disse que enviar\u00e1 uma nota diplom\u00e1tica&hellip;<\/p>","protected":false},"author":1,"featured_media":24489,"comment_status":"closed","ping_status":"open","sticky":false,"template":"","format":"standard","meta":{"content-type":"","footnotes":""},"categories":[1],"tags":[2108,1406,1419],"class_list":["post-24488","post","type-post","status-publish","format-standard","has-post-thumbnail","hentry","category-uncategorized","tag-andres-manuel-lopez-obrador","tag-joe-biden","tag-noticias-do-mundo"],"_links":{"self":[{"href":"https:\/\/tvbrazilusa.com\/pt\/wp-json\/wp\/v2\/posts\/24488","targetHints":{"allow":["GET"]}}],"collection":[{"href":"https:\/\/tvbrazilusa.com\/pt\/wp-json\/wp\/v2\/posts"}],"about":[{"href":"https:\/\/tvbrazilusa.com\/pt\/wp-json\/wp\/v2\/types\/post"}],"author":[{"embeddable":true,"href":"https:\/\/tvbrazilusa.com\/pt\/wp-json\/wp\/v2\/users\/1"}],"replies":[{"embeddable":true,"href":"https:\/\/tvbrazilusa.com\/pt\/wp-json\/wp\/v2\/comments?post=24488"}],"version-history":[{"count":1,"href":"https:\/\/tvbrazilusa.com\/pt\/wp-json\/wp\/v2\/posts\/24488\/revisions"}],"predecessor-version":[{"id":24490,"href":"https:\/\/tvbrazilusa.com\/pt\/wp-json\/wp\/v2\/posts\/24488\/revisions\/24490"}],"wp:featuredmedia":[{"embeddable":true,"href":"https:\/\/tvbrazilusa.com\/pt\/wp-json\/wp\/v2\/media\/24489"}],"wp:attachment":[{"href":"https:\/\/tvbrazilusa.com\/pt\/wp-json\/wp\/v2\/media?parent=24488"}],"wp:term":[{"taxonomy":"category","embeddable":true,"href":"https:\/\/tvbrazilusa.com\/pt\/wp-json\/wp\/v2\/categories?post=24488"},{"taxonomy":"post_tag","embeddable":true,"href":"https:\/\/tvbrazilusa.com\/pt\/wp-json\/wp\/v2\/tags?post=24488"}],"curies":[{"name":"wp","href":"https:\/\/api.w.org\/{rel}","templated":true}]}}