{"id":24603,"date":"2024-08-14T20:22:23","date_gmt":"2024-08-14T20:22:23","guid":{"rendered":"https:\/\/tvbrazilusa.com\/2024\/08\/14\/frente-fria-de-verao-se-move-para-a-florida-aqui-esta-o-que-isso-significa-para-voce\/"},"modified":"2024-08-14T20:24:47","modified_gmt":"2024-08-14T20:24:47","slug":"frente-fria-de-verao-se-move-para-a-florida-aqui-esta-o-que-isso-significa-para-voce","status":"publish","type":"post","link":"https:\/\/tvbrazilusa.com\/pt\/2024\/08\/14\/frente-fria-de-verao-se-move-para-a-florida-aqui-esta-o-que-isso-significa-para-voce\/","title":{"rendered":"Frente fria de ver\u00e3o se move para a Fl\u00f3rida. Aqui est\u00e1 o que isso significa para voc\u00ea"},"content":{"rendered":"<script async src=\"https:\/\/pagead2.googlesyndication.com\/pagead\/js\/adsbygoogle.js?client=ca-pub-8864793242727901\"\r\n     crossorigin=\"anonymous\"><\/script>\n<div id=\"\">\n<p class=\"dist__Box-sc-1fnzlkn-0 dist__TextBase-sc-1fnzlkn-3 CGHCP htMUPQ article-text\"><strong>ORLANDO, Fl\u00f3rida.<\/strong> \u2013 Um <a href=\"https:\/\/www.clickorlando.com\/weather\/2024\/08\/14\/little-bite-of-fall-heres-when-drier-air-spills-into-florida\/\" target=\"_blank\" rel=\"noopener\">frente fria chegando na Fl\u00f3rida<\/a> n\u00e3o necessariamente trar\u00e1 ar mais frio para a \u00e1rea de Orlando, mas reduzir\u00e1 a umidade por alguns dias. <\/p>\n<p class=\"dist__Box-sc-1fnzlkn-0 dist__TextBase-sc-1fnzlkn-3 CGHCP htMUPQ article-text\">Ainda vai estar quente, mas uma boa quantidade de ar seco \u00e9 esperada para o fim da quinta-feira. O ar mais seco pode trazer as temperaturas mais baixas que a Fl\u00f3rida Central j\u00e1 viu desde o in\u00edcio de junho.<\/p>\n<p class=\"dist__Box-sc-1fnzlkn-0 dist__TextBase-sc-1fnzlkn-3 CGHCP htMUPQ article-text\"><b>[EXCLUSIVE: <\/b><a href=\"https:\/\/www.clickorlando.com\/features\/2021\/07\/28\/heres-what-it-means-to-become-a-news-6-insider-its-cool-and-free\/\"><b>Become a News 6 Insider (it\u2019s FREE)<\/b><\/a><b> | PINIT! <\/b><a href=\"https:\/\/www.clickorlando.com\/news\/local\/2023\/04\/12\/changes-have-arrived-to-pinit-heres-what-you-need-to-know\/\"><b>Share your photos<\/b><\/a><b>]<\/b><\/p>\n<p class=\"dist__Box-sc-1fnzlkn-0 dist__TextBase-sc-1fnzlkn-3 CGHCP htMUPQ article-text\">A maior parte da Fl\u00f3rida Central ver\u00e1 as temperaturas matinais ca\u00edrem para 21 graus Celsius, com algumas \u00e1reas ao norte de Orlando possivelmente caindo para 15 graus Celsius. As \u00e1reas costeiras permanecer\u00e3o entre 21 e 25 graus Celsius devido ao calor do Oceano Atl\u00e2ntico.<\/p>\n<p class=\"dist__Box-sc-1fnzlkn-0 dist__TextBase-sc-1fnzlkn-3 CGHCP htMUPQ article-text\">Ainda far\u00e1 calor nos pr\u00f3ximos dias, mas n\u00e3o ser\u00e1 um clima opressivo. <\/p>\n<p class=\"dist__Box-sc-1fnzlkn-0 dist__TextBase-sc-1fnzlkn-3 CGHCP htMUPQ article-text\">As m\u00e1ximas da tarde ficar\u00e3o na casa dos 32 graus Celsius, mas a umidade ser\u00e1 menor. <\/p>\n<p class=\"dist__Box-sc-1fnzlkn-0 dist__TextBase-sc-1fnzlkn-3 CGHCP htMUPQ article-text\">A previs\u00e3o \u00e9 de que as temperaturas do ponto de orvalho fiquem entre 25 e 18 graus Celsius, o que significa que a sensa\u00e7\u00e3o ser\u00e1 confort\u00e1vel.<\/p>\n<figure class=\"dist__Box-sc-1fnzlkn-0 dist__StackBase-sc-1fnzlkn-7 kmaKPB lOECr full-width\" id=\"PEWDZCVMWVETJD7H4GUBTSM6PA\"><figcaption class=\"dist__Box-sc-1fnzlkn-0 gIqPVR\"><span class=\"dist__Box-sc-1fnzlkn-0 dist__TextBase-sc-1fnzlkn-3 gUNunF\">Pontos de orvalho<\/span><\/figcaption><\/figure>\n<p class=\"dist__Box-sc-1fnzlkn-0 dist__TextBase-sc-1fnzlkn-3 CGHCP htMUPQ article-text\">O ar mais seco significa que n\u00e3o h\u00e1 previs\u00e3o de chuva na Fl\u00f3rida Central na sexta e no s\u00e1bado. <\/p>\n<p class=\"dist__Box-sc-1fnzlkn-0 dist__TextBase-sc-1fnzlkn-3 CGHCP htMUPQ article-text\">As chances de chuva aumentam para 20% no domingo. <\/p>\n<p class=\"dist__Box-sc-1fnzlkn-0 dist__TextBase-sc-1fnzlkn-3 CGHCP htMUPQ article-text\">Claro, esse breve al\u00edvio n\u00e3o vai durar. Na segunda-feira, a umidade vai voltar e, no meio da semana, as coisas v\u00e3o voltar ao normal.<\/p>\n<p class=\"dist__Box-sc-1fnzlkn-0 dist__TextBase-sc-1fnzlkn-3 CGHCP htMUPQ article-text\">Aproveite o que puder enquanto puder.<\/p>\n<\/div>\n<p>Copyright 2024 por WKMG ClickOrlando &#8211; Todos os direitos reservados.<\/p>\n<p><br \/>\n<br \/><a href=\"https:\/\/www.clickorlando.com\/weather\/2024\/08\/14\/summer-cool-front-moves-into-florida-heres-what-it-means-for-you\/\">Source link <\/a><\/p>","protected":false},"excerpt":{"rendered":"<p>ORLANDO, Fl\u00f3rida. \u2013 Um frente fria chegando na Fl\u00f3rida n\u00e3o necessariamente trar\u00e1 ar mais frio para a \u00e1rea de Orlando, mas reduzir\u00e1 a umidade por alguns dias. Ainda vai estar&hellip;<\/p>","protected":false},"author":1,"featured_media":24604,"comment_status":"closed","ping_status":"open","sticky":false,"template":"","format":"standard","meta":{"content-type":"","footnotes":""},"categories":[1],"tags":[1360,124,1861],"class_list":["post-24603","post","type-post","status-publish","format-standard","has-post-thumbnail","hentry","category-uncategorized","tag-clima","tag-florida","tag-verao"],"_links":{"self":[{"href":"https:\/\/tvbrazilusa.com\/pt\/wp-json\/wp\/v2\/posts\/24603","targetHints":{"allow":["GET"]}}],"collection":[{"href":"https:\/\/tvbrazilusa.com\/pt\/wp-json\/wp\/v2\/posts"}],"about":[{"href":"https:\/\/tvbrazilusa.com\/pt\/wp-json\/wp\/v2\/types\/post"}],"author":[{"embeddable":true,"href":"https:\/\/tvbrazilusa.com\/pt\/wp-json\/wp\/v2\/users\/1"}],"replies":[{"embeddable":true,"href":"https:\/\/tvbrazilusa.com\/pt\/wp-json\/wp\/v2\/comments?post=24603"}],"version-history":[{"count":1,"href":"https:\/\/tvbrazilusa.com\/pt\/wp-json\/wp\/v2\/posts\/24603\/revisions"}],"predecessor-version":[{"id":24605,"href":"https:\/\/tvbrazilusa.com\/pt\/wp-json\/wp\/v2\/posts\/24603\/revisions\/24605"}],"wp:featuredmedia":[{"embeddable":true,"href":"https:\/\/tvbrazilusa.com\/pt\/wp-json\/wp\/v2\/media\/24604"}],"wp:attachment":[{"href":"https:\/\/tvbrazilusa.com\/pt\/wp-json\/wp\/v2\/media?parent=24603"}],"wp:term":[{"taxonomy":"category","embeddable":true,"href":"https:\/\/tvbrazilusa.com\/pt\/wp-json\/wp\/v2\/categories?post=24603"},{"taxonomy":"post_tag","embeddable":true,"href":"https:\/\/tvbrazilusa.com\/pt\/wp-json\/wp\/v2\/tags?post=24603"}],"curies":[{"name":"wp","href":"https:\/\/api.w.org\/{rel}","templated":true}]}}