{"id":24612,"date":"2024-08-14T20:40:13","date_gmt":"2024-08-14T20:40:13","guid":{"rendered":"https:\/\/tvbrazilusa.com\/2024\/08\/14\/as-criancas-na-africa-ocidental-e-central-estao-cada-vez-mais-expostas-ao-calor-extremo-diz-a-unicef\/"},"modified":"2024-08-14T20:47:34","modified_gmt":"2024-08-14T20:47:34","slug":"as-criancas-na-africa-ocidental-e-central-estao-cada-vez-mais-expostas-ao-calor-extremo-diz-a-unicef","status":"publish","type":"post","link":"https:\/\/tvbrazilusa.com\/pt\/2024\/08\/14\/as-criancas-na-africa-ocidental-e-central-estao-cada-vez-mais-expostas-ao-calor-extremo-diz-a-unicef\/","title":{"rendered":"As crian\u00e7as na \u00c1frica Ocidental e Central est\u00e3o cada vez mais expostas ao calor extremo, diz a UNICEF"},"content":{"rendered":"<script async src=\"https:\/\/pagead2.googlesyndication.com\/pagead\/js\/adsbygoogle.js?client=ca-pub-8864793242727901\"\r\n     crossorigin=\"anonymous\"><\/script>\n<div id=\"\">\n<p class=\"dist__Box-sc-1fnzlkn-0 dist__TextBase-sc-1fnzlkn-3 CGHCP htMUPQ article-text\"><strong>DACAR<\/strong> \u2013 As crian\u00e7as na \u00c1frica Ocidental e Central est\u00e3o cada vez mais expostas ao calor extremo, criando problemas de sa\u00fade, de acordo com um novo relat\u00f3rio da UNICEF publicado na quarta-feira.<\/p>\n<p class=\"dist__Box-sc-1fnzlkn-0 dist__TextBase-sc-1fnzlkn-3 CGHCP htMUPQ article-text\">A frequ\u00eancia das ondas de calor na regi\u00e3o mais do que quadruplicou desde a d\u00e9cada de 1960, de acordo com o relat\u00f3rio. A \u00c1frica Ocidental sofreu uma <a href=\"https:\/\/apnews.com\/article\/mali-heat-wave-climate-change-7945d75a8c92ecb282db36118a15e4e8\">onda de calor sem precedentes<\/a> no in\u00edcio deste ano, o que levou a um aumento nas mortes.<\/p>\n<p class=\"dist__Box-sc-1fnzlkn-0 dist__TextBase-sc-1fnzlkn-3 CGHCP htMUPQ article-text\">Um hospital no Mali relatou 102 mortes nos primeiros quatro dias de abril, em compara\u00e7\u00e3o com 130 mortes em todo o m\u00eas de abril do ano passado. N\u00e3o se sabe quantas das fatalidades foram devido ao clima extremo, pois tais dados n\u00e3o podem ser tornados p\u00fablicos <a href=\"https:\/\/apnews.com\/article\/mali-junta-bans-media-reporting-72032e4b4b14d6717f42b495d1d20b89\">sob os regulamentos impostos pelos governantes militares do pa\u00eds<\/a>.<\/p>\n<p class=\"dist__Box-sc-1fnzlkn-0 dist__TextBase-sc-1fnzlkn-3 CGHCP htMUPQ article-text\">O calor extremo est\u00e1 criando problemas de sa\u00fade para crian\u00e7as e mulheres gr\u00e1vidas, pois est\u00e1 associado a maiores chances de natimortos, baixo peso ao nascer e partos prematuros, de acordo com o relat\u00f3rio.<\/p>\n<p class=\"dist__Box-sc-1fnzlkn-0 dist__TextBase-sc-1fnzlkn-3 CGHCP htMUPQ article-text\">\u201cA exposi\u00e7\u00e3o a altos n\u00edveis de calor tamb\u00e9m deixa as crian\u00e7as mais vulner\u00e1veis \u200b\u200bao desenvolvimento de doen\u00e7as cr\u00f4nicas e \u00e0 contra\u00e7\u00e3o de doen\u00e7as infecciosas que se espalham em altas temperaturas, como mal\u00e1ria e dengue\u201d, disse David Knaute, especialista regional em clima da ag\u00eancia da ONU para crian\u00e7as, \u00e0 Associated Press. <\/p>\n<p class=\"dist__Box-sc-1fnzlkn-0 dist__TextBase-sc-1fnzlkn-3 CGHCP htMUPQ article-text\">A \u00c1frica Central est\u00e1 atualmente lutando contra uma <a href=\"https:\/\/apnews.com\/article\/what-is-mpox-monkey-pox-congo-emergency-415d11f9e62d104b4c40dd8fe8e80b47\">surto de mpox, anteriormente conhecido como var\u00edola dos macacos<\/a>uma doen\u00e7a infecciosa que afeta desproporcionalmente crian\u00e7as. Autoridades dos Centros de Controle e Preven\u00e7\u00e3o de Doen\u00e7as da \u00c1frica disseram que quase 70% dos casos de mpox no Congo s\u00e3o em crian\u00e7as menores de 15 anos, que tamb\u00e9m foram respons\u00e1veis \u200b\u200bpor 85% das mortes. Na quarta-feira, a Organiza\u00e7\u00e3o Mundial da Sa\u00fade <a href=\"https:\/\/apnews.com\/article\/who-mpox-africa-health-emergency-cc9bdf31b49d06bec5efd44fb55d5e42\">declarou o surto uma emerg\u00eancia global<\/a>.<\/p>\n<p class=\"dist__Box-sc-1fnzlkn-0 dist__TextBase-sc-1fnzlkn-3 CGHCP htMUPQ article-text\">O relat\u00f3rio da UNICEF apelou aos governos para que reduzam as emiss\u00f5es de carbono para controlar o aumento das temperaturas e proteger as crian\u00e7as.<\/p>\n<p class=\"dist__Box-sc-1fnzlkn-0 dist__TextBase-sc-1fnzlkn-3 CGHCP htMUPQ article-text\">\u201cEles est\u00e3o crescendo em pa\u00edses que n\u00e3o contribu\u00edram quase nada para as mudan\u00e7as clim\u00e1ticas, mas est\u00e3o enfrentando algumas das consequ\u00eancias mais dif\u00edceis\u201d, disse Knaute.<\/p>\n<\/div>\n<p>Copyright 2024 The Associated Press. Todos os direitos reservados. Este material n\u00e3o pode ser publicado, transmitido, reescrito ou redistribu\u00eddo sem permiss\u00e3o.<\/p>\n<p><br \/>\n<br \/><a href=\"https:\/\/www.clickorlando.com\/health\/2024\/08\/14\/children-in-west-and-central-africa-are-increasingly-exposed-to-extreme-heat-unicef-says\/\">Source link <\/a><\/p>","protected":false},"excerpt":{"rendered":"<p>DACAR \u2013 As crian\u00e7as na \u00c1frica Ocidental e Central est\u00e3o cada vez mais expostas ao calor extremo, criando problemas de sa\u00fade, de acordo com um novo relat\u00f3rio da UNICEF publicado&hellip;<\/p>","protected":false},"author":1,"featured_media":24613,"comment_status":"closed","ping_status":"open","sticky":false,"template":"","format":"standard","meta":{"content-type":"","footnotes":""},"categories":[1],"tags":[1419,106],"class_list":["post-24612","post","type-post","status-publish","format-standard","has-post-thumbnail","hentry","category-uncategorized","tag-noticias-do-mundo","tag-saude"],"_links":{"self":[{"href":"https:\/\/tvbrazilusa.com\/pt\/wp-json\/wp\/v2\/posts\/24612","targetHints":{"allow":["GET"]}}],"collection":[{"href":"https:\/\/tvbrazilusa.com\/pt\/wp-json\/wp\/v2\/posts"}],"about":[{"href":"https:\/\/tvbrazilusa.com\/pt\/wp-json\/wp\/v2\/types\/post"}],"author":[{"embeddable":true,"href":"https:\/\/tvbrazilusa.com\/pt\/wp-json\/wp\/v2\/users\/1"}],"replies":[{"embeddable":true,"href":"https:\/\/tvbrazilusa.com\/pt\/wp-json\/wp\/v2\/comments?post=24612"}],"version-history":[{"count":1,"href":"https:\/\/tvbrazilusa.com\/pt\/wp-json\/wp\/v2\/posts\/24612\/revisions"}],"predecessor-version":[{"id":24614,"href":"https:\/\/tvbrazilusa.com\/pt\/wp-json\/wp\/v2\/posts\/24612\/revisions\/24614"}],"wp:featuredmedia":[{"embeddable":true,"href":"https:\/\/tvbrazilusa.com\/pt\/wp-json\/wp\/v2\/media\/24613"}],"wp:attachment":[{"href":"https:\/\/tvbrazilusa.com\/pt\/wp-json\/wp\/v2\/media?parent=24612"}],"wp:term":[{"taxonomy":"category","embeddable":true,"href":"https:\/\/tvbrazilusa.com\/pt\/wp-json\/wp\/v2\/categories?post=24612"},{"taxonomy":"post_tag","embeddable":true,"href":"https:\/\/tvbrazilusa.com\/pt\/wp-json\/wp\/v2\/tags?post=24612"}],"curies":[{"name":"wp","href":"https:\/\/api.w.org\/{rel}","templated":true}]}}